{"id":190295,"date":"2024-07-19T17:17:38","date_gmt":"2024-07-19T14:17:38","guid":{"rendered":"https:\/\/www.enerjigazetesi.ist\/?p=190295"},"modified":"2024-07-19T17:17:38","modified_gmt":"2024-07-19T14:17:38","slug":"vodafone-grubu-net-sifir-emisyon-icin-iklim-gecis-planini-duyurdu","status":"publish","type":"post","link":"https:\/\/www.enerjigazetesi.ist\/en\/vodafone-grubu-net-sifir-emisyon-icin-iklim-gecis-planini-duyurdu\/","title":{"rendered":"(Turkish) &#8217;Vodafone Grubu&#8217; Net S\u0131f\u0131r Emisyon \u0130\u00e7in \u0130klim Ge\u00e7i\u015f Plan\u0131n\u0131 Duyurdu"},"content":{"rendered":"<p class=\"qtranxs-available-languages-message qtranxs-available-languages-message-en\">Sorry, this entry is only available in <a href=\"https:\/\/www.enerjigazetesi.ist\/tr\/wp-json\/wp\/v2\/posts\/190295\" class=\"qtranxs-available-language-link qtranxs-available-language-link-tr\" title=\"Turkish\">Turkish<\/a>. For the sake of viewer convenience, the content is shown below in the alternative language. You may click the link to switch the active language.<\/p><p><\/p>\n<h2><strong>Vodafone Grubu,<\/strong> t\u00fcm d\u00fcnyada iklim de\u011fi\u015fikli\u011fiyle m\u00fccadelesini s\u00fcrd\u00fcr\u00fcyor. \u015eirket, mutlak emisyonlar\u0131n\u0131 %90 azaltmak ve 2040 y\u0131l\u0131na kadar net s\u0131f\u0131r emisyona ula\u015fmak amac\u0131yla uygulayaca\u011f\u0131 stratejilerin ve kurumsal \u00e7er\u00e7evenin yer ald\u0131\u011f\u0131 iklim ge\u00e7i\u015f plan\u0131n\u0131 duyurdu. Vodafone Grubu, ge\u00e7i\u015f plan\u0131n\u0131n bir par\u00e7as\u0131 olarak, \u00e7ok y\u00f6nl\u00fc ve zaman k\u0131s\u0131tlamas\u0131 olan iklim hedefleri taahh\u00fct etti. Buna g\u00f6re \u015firket, 2025 y\u0131l\u0131na kadar, k\u00fcresel operasyonlar\u0131ndaki \u015febeke elektri\u011fi kullan\u0131m\u0131n\u0131n %100&#8217;\u00fcn\u00fc yenilenebilir kaynaklardan elde edilen elektrikle kar\u015f\u0131lamay\u0131 planl\u0131yor. 2028 y\u0131l\u0131na kadar Avrupa&#8217;daki faaliyetlerinde (Kapsam 1 ve 2) net s\u0131f\u0131r emisyona ula\u015fmay\u0131 hedefleyen Vodafone, 2030 y\u0131l\u0131na kadar ise kendi de\u011fer zincirinden (Kapsam 3) kaynaklanan emisyonlar\u0131 yar\u0131ya indirmeyi planl\u0131yor. Di\u011fer yandan, operasyonlar\u0131nda net s\u0131f\u0131ra ula\u015fmaya y\u00f6nelik belirli b\u00f6lgelerde yeni y\u00f6ntemler belirleyen Vodafone, Afrika&#8217;da net s\u0131f\u0131r emisyona ula\u015fma hedefini 2035 y\u0131l\u0131nda yakalamay\u0131 taahh\u00fct ediyor.<\/h2>\n<div id=\"attachment_190297\" style=\"width: 510px\" class=\"wp-caption aligncenter\"><img aria-describedby=\"caption-attachment-190297\" loading=\"lazy\" class=\"wp-image-190297\" src=\"https:\/\/www.enerjigazetesi.ist\/wp-content\/uploads\/2024\/07\/vodafone-grubu-net-sifir-emisyon-icin-iklim-gecis-planini-duyurdu.jpg\" alt=\"\" width=\"500\" height=\"394\" srcset=\"https:\/\/www.enerjigazetesi.ist\/wp-content\/uploads\/2024\/07\/vodafone-grubu-net-sifir-emisyon-icin-iklim-gecis-planini-duyurdu.jpg 550w, https:\/\/www.enerjigazetesi.ist\/wp-content\/uploads\/2024\/07\/vodafone-grubu-net-sifir-emisyon-icin-iklim-gecis-planini-duyurdu-300x236.jpg 300w, https:\/\/www.enerjigazetesi.ist\/wp-content\/uploads\/2024\/07\/vodafone-grubu-net-sifir-emisyon-icin-iklim-gecis-planini-duyurdu-500x394.jpg 500w, https:\/\/www.enerjigazetesi.ist\/wp-content\/uploads\/2024\/07\/vodafone-grubu-net-sifir-emisyon-icin-iklim-gecis-planini-duyurdu-64x50.jpg 64w\" sizes=\"(max-width: 500px) 100vw, 500px\" \/><p id=\"caption-attachment-190297\" class=\"wp-caption-text\">Vodafone T\u00fcrkiye \u0130cra Kurulu Ba\u015fkan Yard\u0131mc\u0131s\u0131 Hasan S\u00fcel<\/p><\/div>\n<p>Vodafone Grubu\u2019nun duyurdu\u011fu iklim ge\u00e7i\u015f plan\u0131n\u0131 de\u011ferlendiren<strong>\u00a0Vodafone T\u00fcrkiye \u0130cra Kurulu Ba\u015fkan Yard\u0131mc\u0131s\u0131 Hasan S\u00fcel,\u00a0<\/strong>\u015funlar\u0131 s\u00f6yledi:<\/p>\n<p><em>\u201cVodafone Grubu, 2040 y\u0131l\u0131na kadar net s\u0131f\u0131r \u015firket olmay\u0131 ba\u015farmak \u00fczere iklim hedeflerini belirledi. Art\u0131k, en zorlu k\u0131s\u0131m olan hedeflere ula\u015fmak ve d\u00fc\u015f\u00fck karbonlu bir ekonomiye ge\u00e7i\u015f yapmak i\u00e7in planlar\u0131n\u0131 uygulamaya odaklan\u0131yor. T\u00fcrkiye\u2019de de bu konuda \u00f6nemli \u00e7al\u0131\u015fmalar yap\u0131yoruz. \u00c7evresel hedeflerimize ula\u015fma yolunda en b\u00fcy\u00fck \u00f6nceli\u011fimiz, enerji verimlili\u011fi projeleri arac\u0131l\u0131\u011f\u0131yla enerji t\u00fcketiminin ve buna ba\u011fl\u0131 karbon emisyonlar\u0131n\u0131n azalt\u0131lmas\u0131. Enerji ihtiyac\u0131m\u0131z\u0131 yenilenebilir enerji kaynaklar\u0131ndan kar\u015f\u0131lamaya, yapay zeka kullan\u0131m\u0131 ve benzeri uygulamalar ile enerji t\u00fcketimini d\u00fc\u015f\u00fcren teknolojilere yat\u0131r\u0131m yapmaya \u00f6nem veriyoruz. Bug\u00fcn \u00c7evresel, Sosyal, Y\u00f6neti\u015fim alan\u0131nda b\u00fct\u00fcnc\u00fcl bir bak\u0131\u015f a\u00e7\u0131s\u0131yla hayata ge\u00e7irdi\u011fimiz yat\u0131r\u0131mlarla Birle\u015fmi\u015f Milletler&#8217;in 17 S\u00fcrd\u00fcr\u00fclebilir Kalk\u0131nma Amac\u0131&#8217;ndan 10&#8217;una do\u011frudan katk\u0131 sa\u011fl\u0131yoruz.\u201d<\/em><\/p>\n<h3><strong>Plan, 6 Alanda Eyleme Ge\u00e7meyi \u00d6ng\u00f6r\u00fcyor<\/strong><\/h3>\n<p><strong>Bilimsel Tabanl\u0131 Hedefler Giri\u015fimi (SBTi)<\/strong> taraf\u0131ndan onaylanan, yak\u0131n vadeli hedefler belirleyen Vodafone Grubu, 2030 y\u0131l\u0131na kadar <strong>kendi faaliyetlerinden kaynaklanan emisyonlar\u0131 (Kapsam 1 ve 2)<\/strong> k\u00fcresel olarak en az <strong>%90<\/strong> azaltmay\u0131 ve <strong>k\u00fcresel \u0131s\u0131nmay\u0131 1,5 dereceyle s\u0131n\u0131rlamak<\/strong> i\u00e7in verilen kararlara uyum sa\u011flamay\u0131 ama\u00e7l\u0131yor. <strong>Vodafone&#8217;un iklim ge\u00e7i\u015f plan\u0131, 6 temel alanda eyleme ge\u00e7meye<\/strong> \u00f6ncelik veriyor. Bunlar, <strong>a\u011f\u0131r hava ko\u015fullar\u0131, artan ortalama s\u0131cakl\u0131klar, enerji maliyetleri, mevzuata uyum maliyetleri, ye\u015fil aklama (greenwashing) ve m\u00fc\u015fterilerin beklentileri<\/strong> olarak belirlendi. Vodafone, iklim hedeflerine, \u015feffafl\u0131k ve a\u00e7\u0131k y\u00f6netim, <strong>enerji sat\u0131n alma anla\u015fmalar\u0131 (PPA&#8217;lar)<\/strong>, iklimle ilgili politikalar, tasar\u0131mda s\u00fcrd\u00fcr\u00fclebilirlik ve operasyonlar\u0131n\u0131n iklim direncini g\u00fc\u00e7lendirme yollar\u0131yla yakla\u015fmay\u0131 ama\u00e7l\u0131yor. Ayr\u0131ca, iklimle ilgili zorluklar\u0131 ele al\u0131rken ticari b\u00fcy\u00fcme f\u0131rsatlar\u0131n\u0131 ger\u00e7ekle\u015ftirmeyi hedefliyor ve m\u00fc\u015fterilerinin de bu konuda etkin rol almas\u0131n\u0131 iklim de\u011fi\u015fikli\u011fiyle m\u00fccadelede \u00f6nemli bir f\u0131rsat olarak g\u00f6r\u00fcyor.<\/p>\n<h3><strong>Karbonsuzla\u015ft\u0131rma \u0130\u00e7in 9 Bini A\u015fk\u0131n Tedarik\u00e7iyle Birlikte \u00c7al\u0131\u015f\u0131yor<\/strong><\/h3>\n<p>Karbonsuzla\u015ft\u0131rma stratejisinde veriye dayal\u0131 y\u00f6netim kararlar\u0131n\u0131n \u00f6neminin fark\u0131nda olan Vodafone, \u00f6zellikle tedarik zincirinden kaynaklanan emisyonlar\u0131 daha etkili \u00f6l\u00e7mek ve y\u00f6netmek i\u00e7in karbon veri analiti\u011fi yeteneklerini geli\u015ftirmeyi planl\u0131yor. Her ne kadar \u00fcr\u00fcn karbon ayakizine ili\u015fkin y\u00fcksek kalitede verilerin eksikli\u011fi \u015fu an bir zorluk olarak \u00f6ne \u00e7\u0131ksa da, Vodafone bu sorunu \u00e7\u00f6zmek i\u00e7in telekom\u00fcnikasyon de\u011fer zincirindeki payda\u015flar\u0131yla i\u015fbirlikleri yapmay\u0131 hedefliyor. Vodafone&#8217;un iklim ge\u00e7i\u015f plan\u0131, iklim hedeflerini kendi hedefleriyle uyumlu hale getirmek ve karbonsuzla\u015ft\u0131rma \u00e7abalar\u0131n\u0131 h\u0131zland\u0131rmak \u00fczere \u015firketin 9 binden fazla tedarik\u00e7isiyle s\u00fcrd\u00fcrd\u00fc\u011f\u00fc i\u015fbirliklerinin de alt\u0131n\u0131 \u00e7iziyor. Ayr\u0131ca \u015firket, <strong>mutlak emisyon azalt\u0131m\u0131na da<\/strong> \u00f6ncelik verecek ve art\u0131k <strong>emisyonlar\u0131 n\u00f6tralize etmek<\/strong> konusunda <strong>karbon dengeleme y\u00f6ntemini<\/strong> yaln\u0131zca son \u00e7are olarak kullanacak.<\/p>\n<h3><strong>T\u00fcrkiye\u2019de Mobil Veri Ba\u015f\u0131na Enerji Yo\u011funlu\u011fu %56 Azald\u0131<\/strong><\/h3>\n<p>Vodafone, T\u00fcrkiye genelinde <strong>12 veri merkezi, 15 ofis binas\u0131 ve 25 binden fazla baz istasyonu<\/strong>nda <strong>t\u00fcketti\u011fi elektri\u011fin %100&#8217;\u00fcn\u00fc yenilenebilir enerji kaynaklar\u0131ndan<\/strong> kar\u015f\u0131l\u0131yor. Vodafone Grubu i\u00e7inde <strong>baz istasyonlar\u0131 ve teknoloji merkezleri<\/strong>nin tamam\u0131nda <strong>ISO 50001 Enerji Y\u00f6netim Sistemi<\/strong>&#8216;ni devreye alan ilk \u00fclke olan Vodafone T\u00fcrkiye, teknoloji merkezlerinin iklimlendirme altyap\u0131s\u0131nda uygulad\u0131\u011f\u0131 <strong>Yapay Zek\u00e2 Destekli Dijital Termal Y\u00f6netimi<\/strong> ile ortalama <strong>%30 enerji tasarrufu<\/strong> sa\u011flayarak <strong>y\u0131lda 8 GWh<\/strong>\u2019in \u00fczerinde<strong> enerji tasarrufu<\/strong> elde ediyor. \u0130stanbul ve Adana\u2019daki teknoloji merkezlerinde <strong>\u00e7at\u0131 tipi g\u00fcne\u015f enerji sistemleri<\/strong> ile <strong>yenilenebilir enerji \u00fcreten<\/strong> \u015firketin, baz y\u0131l\u0131 olan 2020\u2019ye g\u00f6re baz istasyonu ba\u015f\u0131na enerji t\u00fcketimi <strong>%2<\/strong>, mobil veri ba\u015f\u0131na enerji yo\u011funlu\u011fu<strong> %56<\/strong> azald\u0131. Vodafone T\u00fcrkiye, y\u00fcr\u00fct\u00fclen<strong> verimlilik \u00e7al\u0131\u015fmalar\u0131<\/strong>, elektrik ihtiyac\u0131n\u0131n tamam\u0131n\u0131n <strong>yenilenebilir enerji kaynaklar\u0131ndan<\/strong> temin edilmesi gibi faaliyetlerle <strong>Kapsam 2 emisyonlar\u0131n\u0131 s\u0131f\u0131rlarken<\/strong>, baz y\u0131l olan 2020\u2019den bu yana <strong>Kapsam 1 ve 2 emisyonlar\u0131n\u0131n<\/strong> toplam\u0131n\u0131 <strong>%95<\/strong> oran\u0131nda azaltt\u0131.<\/p>","protected":false},"excerpt":{"rendered":"<p>Sorry, this entry is only available in Turkish. For the sake of viewer convenience, the content is shown below in the alternative language. You may click the link to switch the active language. Vodafone Grubu, t\u00fcm d\u00fcnyada iklim de\u011fi\u015fikli\u011fiyle m\u00fccadelesini s\u00fcrd\u00fcr\u00fcyor. \u015eirket, mutlak emisyonlar\u0131n\u0131 %90 azaltmak ve 2040 y\u0131l\u0131na kadar net s\u0131f\u0131r emisyona ula\u015fmak amac\u0131yla [&hellip;]<\/p>\n","protected":false},"author":1,"featured_media":190297,"comment_status":"open","ping_status":"open","sticky":false,"template":"","format":"standard","meta":[],"categories":[53,52,157],"tags":[66257,114634,114636,114635,64917,11560,105],"views":26,"_links":{"self":[{"href":"https:\/\/www.enerjigazetesi.ist\/en\/wp-json\/wp\/v2\/posts\/190295"}],"collection":[{"href":"https:\/\/www.enerjigazetesi.ist\/en\/wp-json\/wp\/v2\/posts"}],"about":[{"href":"https:\/\/www.enerjigazetesi.ist\/en\/wp-json\/wp\/v2\/types\/post"}],"author":[{"embeddable":true,"href":"https:\/\/www.enerjigazetesi.ist\/en\/wp-json\/wp\/v2\/users\/1"}],"replies":[{"embeddable":true,"href":"https:\/\/www.enerjigazetesi.ist\/en\/wp-json\/wp\/v2\/comments?post=190295"}],"version-history":[{"count":0,"href":"https:\/\/www.enerjigazetesi.ist\/en\/wp-json\/wp\/v2\/posts\/190295\/revisions"}],"wp:featuredmedia":[{"embeddable":true,"href":"https:\/\/www.enerjigazetesi.ist\/en\/wp-json\/wp\/v2\/media\/190297"}],"wp:attachment":[{"href":"https:\/\/www.enerjigazetesi.ist\/en\/wp-json\/wp\/v2\/media?parent=190295"}],"wp:term":[{"taxonomy":"category","embeddable":true,"href":"https:\/\/www.enerjigazetesi.ist\/en\/wp-json\/wp\/v2\/categories?post=190295"},{"taxonomy":"post_tag","embeddable":true,"href":"https:\/\/www.enerjigazetesi.ist\/en\/wp-json\/wp\/v2\/tags?post=190295"}],"curies":[{"name":"wp","href":"https:\/\/api.w.org\/{rel}","templated":true}]}}