{"id":190271,"date":"2024-07-19T15:29:02","date_gmt":"2024-07-19T12:29:02","guid":{"rendered":"https:\/\/www.enerjigazetesi.ist\/?p=190271"},"modified":"2024-07-19T15:33:31","modified_gmt":"2024-07-19T12:33:31","slug":"italya-daki-iklim-degisikligi-ve-yenilenebilir-enerji","status":"publish","type":"post","link":"https:\/\/www.enerjigazetesi.ist\/en\/italya-daki-iklim-degisikligi-ve-yenilenebilir-enerji\/","title":{"rendered":"(Turkish) \u0130talya&#8217;daki \u0130klim De\u011fi\u015fikli\u011fi ve Yenilenebilir Enerji"},"content":{"rendered":"<p class=\"qtranxs-available-languages-message qtranxs-available-languages-message-en\">Sorry, this entry is only available in <a href=\"https:\/\/www.enerjigazetesi.ist\/tr\/wp-json\/wp\/v2\/posts\/190271\" class=\"qtranxs-available-language-link qtranxs-available-language-link-tr\" title=\"Turkish\">Turkish<\/a>. For the sake of viewer convenience, the content is shown below in the alternative language. You may click the link to switch the active language.<\/p><p><\/p>\n<h2>R\u00f6portaj\u0131m\u0131z\u0131 dinlemek isterseniz, podcast b\u00f6l\u00fcm\u00fc<a href=\"https:\/\/open.spotify.com\/episode\/3ZetkxQsOlQezTslxFfmDh?si=MGZ0v3DHQPGz1eLvnm2AAg&amp;nd=1&amp;dlsi=440066786f3c4369\" target=\"_blank\" rel=\"noopener\"> bu ba\u011flant\u0131da<\/a> mevcuttur.<\/h2>\n<p style=\"text-align: center;\"><img loading=\"lazy\" class=\"aligncenter wp-image-190277\" src=\"https:\/\/www.enerjigazetesi.ist\/wp-content\/uploads\/2024\/07\/italya-daki-iklim-degisikligi-ve-yenilenebilir-enerji-1.jpg\" alt=\"\" width=\"500\" height=\"335\" srcset=\"https:\/\/www.enerjigazetesi.ist\/wp-content\/uploads\/2024\/07\/italya-daki-iklim-degisikligi-ve-yenilenebilir-enerji-1.jpg 550w, https:\/\/www.enerjigazetesi.ist\/wp-content\/uploads\/2024\/07\/italya-daki-iklim-degisikligi-ve-yenilenebilir-enerji-1-300x201.jpg 300w, https:\/\/www.enerjigazetesi.ist\/wp-content\/uploads\/2024\/07\/italya-daki-iklim-degisikligi-ve-yenilenebilir-enerji-1-500x335.jpg 500w, https:\/\/www.enerjigazetesi.ist\/wp-content\/uploads\/2024\/07\/italya-daki-iklim-degisikligi-ve-yenilenebilir-enerji-1-75x50.jpg 75w\" sizes=\"(max-width: 500px) 100vw, 500px\" \/><\/p>\n<h3><strong>R\u00f6portaja Kat\u0131ld\u0131\u011f\u0131n \u0130\u00e7in Te\u015fekk\u00fcrler Nicolo. Bizlere Kendinden K\u0131saca Bahseder Misin?<\/strong><\/h3>\n<p>Ad\u0131m Nicol\u00f2 Trucco, Helsinki merkezli uluslararas\u0131 kar amac\u0131 g\u00fctmeyen bir enerji eko etiketi olan EKOenergy&#8217;nin \u0130talyan temsilcisiyim. Avrupa Dayan\u0131\u015fma Program\u0131 g\u00f6n\u00fcll\u00fcs\u00fc ve EKOenergy&#8217;nin \u0130talyanca konu\u015fan ileti\u015fim sorumlusu olarak, ana g\u00f6revim EKOenergy ve \u0130talyan ortaklar\u0131 aras\u0131ndaki ileti\u015fimi ve i\u015fbirli\u011fini kolayla\u015ft\u0131rmak.<\/p>\n<p>Bu deneyime ba\u015flamadan \u00f6nce, yenilenebilir enerji ve s\u00fcrd\u00fcr\u00fclebilir bina y\u00f6netimi konusunda uzmanl\u0131k kazand\u0131\u011f\u0131m ITS Energia&#8217;da e\u011fitimimi tamamlad\u0131m. Enerji sekt\u00f6r\u00fcnde faaliyet g\u00f6steren Y\u00fcksek Teknik Enstit\u00fcler (ITS), enerji verimlili\u011fi, yenilenebilir enerji, s\u00fcrd\u00fcr\u00fclebilir kaynak y\u00f6netimi ve enerji alan\u0131nda teknolojik yenilikler gibi konularda alanda sayg\u0131 g\u00f6ren yetkinlikteki kurslar\u0131 ba\u015far\u0131yla tamamlad\u0131m.<\/p>\n<h3><strong>\u0130klim De\u011fi\u015fikli\u011finin \u0130talya \u00dczerindeki Etkilerinden Biraz Bahsedebilir Misin?<\/strong><\/h3>\n<p>\u0130klim krizi \u00e7ok \u00f6nemli bir konu \u00e7\u00fcnk\u00fc D\u00fcnya&#8217;daki her \u015feyi etkiliyor. Y\u00fcksek s\u0131cakl\u0131klardan \u015fiddetli hava olaylar\u0131na, buzullar\u0131n erimesine ve deniz seviyelerinin y\u00fckselmesine neden olarak k\u0131y\u0131 b\u00f6lgelerini sular alt\u0131nda b\u0131rakabilecek ve ayn\u0131 zamanda da vah\u015fi ya\u015fam\u0131 tehdit edebilecek d\u00fczeyde risk i\u00e7eren b\u00fcy\u00fck bir sorun bu. Ayr\u0131ca, mahsullere, binalara zarar vererek ve enerji maliyetlerini art\u0131rarak ekonomiyi de olumsuz y\u00f6nde etkiliyor. S\u0131cakl\u0131kla ilgili hastal\u0131klar\u0131n ve daha s\u0131cak iklimlerde yay\u0131lan hastal\u0131klar\u0131n artmas\u0131yla sa\u011fl\u0131\u011f\u0131m\u0131z da bir yandan tehlikeye giriyor. Sosyal a\u00e7\u0131dan ise, daha \u00e7ok etkilenen b\u00f6lgelerden insan\u0131n di\u011fer b\u00f6lgelere g\u00f6\u00e7 etmesine ve kaynaklar \u00fczerindeki sava\u015flar\u0131n artmas\u0131na neden oluyor Ayr\u0131ca, gezegeni gelecek nesiller i\u00e7in koruma g\u00f6revimizi de s\u00fcrd\u00fcrmemiz ve bu kaos ortam\u0131n\u0131 acilen bir \u00e7\u00f6z\u00fcme kavu\u015fturmam\u0131z gerekiyor. \u015eimdi harekete ge\u00e7mezsek, baz\u0131 de\u011fi\u015fiklikler geri d\u00f6nd\u00fcr\u00fclemez hale gelebilir. \u0130klim krizini \u00e7\u00f6zmek, yeni i\u015f alanlar\u0131 yaratarak temiz enerjiyi te\u015fvik edebilir ve herkes i\u00e7in daha iyi bir gelece\u011fi garanti alt\u0131na alabilir. Hemen harekete ge\u00e7mek, gezegenimizi ve kaynaklar\u0131n\u0131 korumak i\u00e7in \u00e7ok \u00f6nemli.<\/p>\n<p>S\u00fcrd\u00fcr\u00fclebilirlik, kaynaklar\u0131 ak\u0131ll\u0131ca kullanmak, t\u00fckenmelerini \u00f6nlemek ve gelecek nesillerin geli\u015fmesini sa\u011flamak demek. \u00c7evreyi korumak, sa\u011fl\u0131kl\u0131 bir ekonomiyi desteklemek ve herkes i\u00e7in adaleti sa\u011flamak ile ilgili. H\u00fck\u00fcmetler, kirlili\u011fi s\u0131n\u0131rlamak i\u00e7in yasalar \u00e7\u0131kararak ve ye\u015fil uygulamalar\u0131 te\u015fvik ederek bu konuya destek g\u00f6sterebilir. \u0130\u015fletmeler, yenilenebilir enerji kullanmak ve at\u0131klar\u0131 azaltmak gibi \u00e7evre dostu uygulamalar\u0131 benimseyebilir. Bireyler su ve enerji tasarrufu yaparak, s\u00fcrd\u00fcr\u00fclebilir \u00fcr\u00fcnler se\u00e7erek ve geri d\u00f6n\u00fc\u015ft\u00fcrerek g\u00fcnl\u00fck ya\u015famlar\u0131nda fark yaratabilir. Topluluklar, ye\u015fil alanlar ve verimli toplu ta\u015f\u0131ma ile \u015fehirler daha faydal\u0131 bi\u00e7imde planlanabilir. Bunlar\u0131n \u00f6rnekler aras\u0131nda; g\u00fcne\u015f enerjisi kullan\u0131m\u0131, enerji verimli evler in\u015fa etme ve s\u00fcrd\u00fcr\u00fclebilir tar\u0131m uygulamalar\u0131 yer almaktad\u0131r. Bunlar\u0131n her biri birlikte uyguland\u0131\u011f\u0131 zaman, dengeli ve s\u00fcrd\u00fcr\u00fclebilir bir ya\u015fam tarz\u0131 olu\u015fturmak i\u00e7in b\u00fcy\u00fck bir ad\u0131m at\u0131lm\u0131\u015f olur.<\/p>\n<h3><strong>Po Ovas\u0131<\/strong><\/h3>\n<p>Po Ovas\u0131, co\u011frafi, end\u00fcstriyel ve tar\u0131msal fakt\u00f6rlerin birle\u015fimi nedeniyle Avrupa&#8217;n\u0131n en kirli b\u00f6lgelerinden biridir. Kirlili\u011fe katk\u0131da bulunan fakt\u00f6rler aras\u0131nda co\u011frafi ko\u015fullar: Po Ovas\u0131, atmosferik kirleticilerin birikme e\u011filiminde oldu\u011fu Alpler ve Apenin Da\u011flar\u0131 ile \u00e7evrilidir. R\u00fczgar eksikli\u011fi ve s\u0131k g\u00f6r\u00fclen sis, durumu k\u00f6t\u00fcle\u015ftirerek kirleticilerin yere yak\u0131n birikmesine neden olur. B\u00f6lge yo\u011fun n\u00fcfuslu ve a\u011f\u0131r sanayile\u015fmi\u015f olup, son derece geli\u015fmi\u015f bir ula\u015f\u0131m a\u011f\u0131na sahiptir. End\u00fcstriyel emisyonlar ve ara\u00e7lar, hava kirlili\u011finin ana kaynaklar\u0131 aras\u0131ndad\u0131r.<\/p>\n<p>Son y\u0131llarda, \u0130talya \u00e7e\u015fitli sekt\u00f6rlerde \u00f6nemli etkilere sahip iklim de\u011fi\u015fikli\u011fi sonu\u00e7lar\u0131 ya\u015fam\u0131\u015ft\u0131r.<\/p>\n<h3><strong>Ba\u015fl\u0131ca Sonu\u00e7lardan Baz\u0131lar\u0131 \u015eunlard\u0131r:<\/strong><\/h3>\n<p><strong>S\u0131cakl\u0131k Art\u0131\u015f\u0131:<\/strong> \u0130talya, ortalama s\u0131cakl\u0131klarda \u00f6nemli bir art\u0131\u015f kaydetmi\u015ftir, bu da daha s\u0131cak yazlar ve daha \u0131l\u0131man k\u0131\u015flar ile sonu\u00e7lanm\u0131\u015ft\u0131r. Bu durum, \u00f6zellikle kentsel alanlarda halk sa\u011fl\u0131\u011f\u0131 ve ya\u015fam kalitesi \u00fczerinde olumsuz etkileri olan s\u0131k ve yo\u011fun s\u0131cak hava dalgalar\u0131na yol a\u00e7m\u0131\u015ft\u0131r. 2022&#8217;de \u0130talya, birka\u00e7 b\u00f6lgede 40\u00b0C&#8217;yi a\u015fan s\u0131cakl\u0131klarla en s\u0131cak yazlar\u0131ndan birini ya\u015fam\u0131\u015ft\u0131r. Bu durum, \u00f6zellikle ya\u015fl\u0131lar aras\u0131nda s\u0131cak \u00e7arpmas\u0131 ve dehidrasyon nedeniyle hastane ba\u015fvurular\u0131nda art\u0131\u015fa neden olmu\u015ftur.<\/p>\n<p><strong>A\u015f\u0131r\u0131 Hava Olaylar\u0131:<\/strong> F\u0131rt\u0131nalar, sa\u011fanak ya\u011fmurlar, sel ve kurakl\u0131k gibi a\u015f\u0131r\u0131 hava olaylar\u0131n\u0131n s\u0131kl\u0131\u011f\u0131 ve \u015fiddeti artm\u0131\u015ft\u0131r ve bu durum altyap\u0131ya, evlere ve tar\u0131ma zarar vermi\u015ftir. 2019&#8217;da Venedik, on y\u0131llar\u0131n en k\u00f6t\u00fc selini ya\u015fam\u0131\u015f, 187 cm&#8217;lik y\u00fcksek su zirvesi tarihi binalara ve evlere \u00f6nemli zarar vermi\u015ftir. May\u0131s 2023&#8217;te, Emilia-Romagna, s\u00fcrekli ve yo\u011fun ya\u011fmurlar\u0131n neden oldu\u011fu y\u0131k\u0131c\u0131 bir sel ile vurulmu\u015ftur. B\u00f6lge, birka\u00e7 g\u00fcn i\u00e7inde 200 mm&#8217;yi a\u015fan ya\u011f\u0131\u015flar ile ayl\u0131k ortalaman\u0131n \u00e7ok \u00fczerinde bir ya\u011f\u0131\u015f birikimi g\u00f6rm\u00fc\u015ft\u00fcr. \u00c7e\u015fitli nehirler ta\u015fm\u0131\u015f, Bologna, Modena ve Cesena gibi \u015fehirlerde sel bask\u0131nlar\u0131na neden olmu\u015ftur. Sel, birka\u00e7 \u00f6l\u00fcme neden olmu\u015f ve binlerce insan evlerini terk etmek zorunda kalm\u0131\u015ft\u0131r. Yollar, k\u00f6pr\u00fcler ve demiryollar\u0131 ciddi \u015fekilde zarar g\u00f6rm\u00fc\u015ft\u00fcr. Bir\u00e7ok kamu ve \u00f6zel bina su alt\u0131nda kalm\u0131\u015f, y\u00fcz milyonlarca avroluk hasara yol a\u00e7m\u0131\u015ft\u0131r. Tarlalar ve \u00e7iftlikler \u00f6nemli kay\u0131plar ya\u015fam\u0131\u015f, sular alt\u0131nda kalan tarlalar ve tahrip olmu\u015f hasatlar olmu\u015ftur.<\/p>\n<p><strong>Kurakl\u0131k ve Su K\u0131tl\u0131\u011f\u0131:<\/strong> Baz\u0131 b\u00f6lgelerde ya\u011f\u0131\u015flar\u0131n azalmas\u0131, daha y\u00fcksek s\u0131cakl\u0131klarla birle\u015ferek uzun s\u00fcreli kurakl\u0131k d\u00f6nemlerine yol a\u00e7m\u0131\u015ft\u0131r. Bu durum tar\u0131m\u0131 ciddi \u015fekilde etkilemi\u015f, sulama i\u00e7in su mevcudiyetini azaltm\u0131\u015f ve \u00fcr\u00fcn verimlerinde azalmaya neden olmu\u015ftur.<\/p>\n<p><strong>Tar\u0131m \u00dczerindeki Etki:<\/strong> Geleneksel baz\u0131 mahsuller, olumsuz iklim ko\u015fullar\u0131 nedeniyle daha az verimli hale gelmi\u015f, di\u011ferleri ise daha \u0131l\u0131man s\u0131cakl\u0131klar sayesinde yeti\u015ftirilebilir hale gelmi\u015ftir. Ancak, uyum sa\u011flamak zaman ve kaynak gerektirir. 2017&#8217;de, ilkbahar donlar\u0131 ve yaz s\u0131cak hava dalgalar\u0131n\u0131n birle\u015fimi nedeniyle \u015farap \u00fcretimi %23 azalm\u0131\u015ft\u0131r. \u015earap \u00fcreticileri, tar\u0131m uygulamalar\u0131n\u0131 de\u011fi\u015ftirerek ve s\u0131ca\u011fa daha dayan\u0131kl\u0131 \u00fcz\u00fcm \u00e7e\u015fitleri arayarak uyum sa\u011flamak zorunda kalm\u0131\u015ft\u0131r.<\/p>\n<p><strong>Buzullar\u0131n Geri \u00c7ekilmesi:<\/strong> Alpler&#8217;deki buzullar h\u0131zla geri \u00e7ekilmektedir ve bu durum yaz aylar\u0131nda tatl\u0131 su mevcudiyeti i\u00e7in sonu\u00e7lar do\u011furmaktad\u0131r. 2002 ile 2020 aras\u0131nda, Mont Blanc&#8217;daki Miage Buzulu, \u00f6nemli miktarda buzul k\u00fctlesi kaybetmi\u015f ve bu durum tatl\u0131 su rezervlerinde azalmaya ve Alpler&#8217;deki nehirlerin ak\u0131\u015f\u0131n\u0131 de\u011fi\u015ftirmeye katk\u0131da bulunmu\u015ftur.<\/p>\n<p><strong>Biyo\u00e7e\u015fitlilik ve Ekosistemler:<\/strong> \u0130klim de\u011fi\u015fikli\u011fi do\u011fal habitatlar\u0131 de\u011fi\u015ftirmekte ve bir\u00e7ok hayvan ve bitki t\u00fcr\u00fcn\u00fc riske atmaktad\u0131r. Baz\u0131 t\u00fcrler, aral\u0131klar\u0131n\u0131 kuzeye veya daha y\u00fcksek rak\u0131mlara ta\u015f\u0131makta, di\u011ferleri ise de\u011fi\u015fen ko\u015fullardan dolay\u0131 zarar g\u00f6rmektedir. \u00d6rne\u011fin, Gran Paradiso Ulusal Park\u0131&#8217;nda, da\u011f ke\u00e7isi ve alpin marmot gibi t\u00fcrler, y\u00fckselen s\u0131cakl\u0131klar ve azalan kar \u00f6rt\u00fcs\u00fc nedeniyle do\u011fal habitatlar\u0131n\u0131n daralmas\u0131yla kar\u015f\u0131 kar\u015f\u0131yad\u0131r.<\/p>\n<p><strong>Halk Sa\u011fl\u0131\u011f\u0131:<\/strong> S\u0131cak hava dalgalar\u0131 ve troposferik ozon gibi hava kirleticilerin art\u0131\u015f\u0131, solunum ve kardiyovask\u00fcler hastal\u0131klar\u0131 k\u00f6t\u00fcle\u015ftirebilir. Ayr\u0131ca, dang hummas\u0131 ve s\u0131tma gibi vekt\u00f6rle bula\u015fan hastal\u0131klar\u0131n yay\u0131lmas\u0131 artabilir.<\/p>\n<h3><strong>EKOenergy Eko Etiket Nedir?<\/strong><\/h3>\n<p style=\"text-align: center;\"><img loading=\"lazy\" class=\"aligncenter wp-image-190276\" src=\"https:\/\/www.enerjigazetesi.ist\/wp-content\/uploads\/2024\/07\/italya-daki-iklim-degisikligi-ve-yenilenebilir-enerji.jpg\" alt=\"\" width=\"500\" height=\"320\" srcset=\"https:\/\/www.enerjigazetesi.ist\/wp-content\/uploads\/2024\/07\/italya-daki-iklim-degisikligi-ve-yenilenebilir-enerji.jpg 550w, https:\/\/www.enerjigazetesi.ist\/wp-content\/uploads\/2024\/07\/italya-daki-iklim-degisikligi-ve-yenilenebilir-enerji-300x192.jpg 300w, https:\/\/www.enerjigazetesi.ist\/wp-content\/uploads\/2024\/07\/italya-daki-iklim-degisikligi-ve-yenilenebilir-enerji-500x320.jpg 500w, https:\/\/www.enerjigazetesi.ist\/wp-content\/uploads\/2024\/07\/italya-daki-iklim-degisikligi-ve-yenilenebilir-enerji-78x50.jpg 78w\" sizes=\"(max-width: 500px) 100vw, 500px\" \/><\/p>\n<p>EKOenergy eko etiketi, yenilenebilir kaynaklardan \u00fcretilen elektri\u011fin ek \u00e7evresel kriterlerle garanti edilmesini sa\u011flar. \u015eirketler, bu etiketi kullanarak s\u00fcrd\u00fcr\u00fclebilir enerji \u00fcretimini destekleme taahh\u00fctlerini g\u00f6sterirler. EKOenergy eko etiketli enerji, i\u015fletmelerin kurumsal sosyal sorumluluk hedeflerine ula\u015fmas\u0131na, \u00e7evreye duyarl\u0131 m\u00fc\u015fterileri \u00e7ekmesine ve piyasada farkl\u0131la\u015fmas\u0131na yard\u0131mc\u0131 olur. M\u00fc\u015fterilere EKOenergy sunan enerji sa\u011flay\u0131c\u0131lar, <strong>yenilenebilir enerjiyi te\u015fvik<\/strong> eder, t\u00fcketicileri s\u00fcrd\u00fcr\u00fclebilirlik konusunda e\u011fitir ve daha temiz bir enerji gelece\u011fine katk\u0131da bulunur. Bu etiket, <strong>d\u00fc\u015f\u00fck karbonlu ekonomiye ge\u00e7i\u015fi<\/strong> destekleyerek<strong> yenilenebilir enerji talebini<\/strong> art\u0131r\u0131r ve d\u00fc\u015f\u00fck ve orta gelirli \u00fclkelerde <strong>yeni yenilenebilir enerji projelerini destekler.<\/strong><\/p>\n<p>Bu etiket, t\u00fcketicilere ve i\u015fletmelere etiketi tan\u0131tarak do\u011fa koruma organizasyonlar\u0131n\u0131n belirledi\u011fi kriterleri kar\u015f\u0131layan yenilenebilir enerji kullanan \u00fcr\u00fcn ve hizmetleri bulmalar\u0131na yard\u0131mc\u0131 olur. Buna kar\u015f\u0131n, Men\u015fe Garantisi (GO) ve Enerji Niteli\u011fi Sertifikas\u0131 (EAC) sertifikalar\u0131, yenilenebilir kaynaklardan \u00fcretilen enerjinin (elektrik) yenilenebilir k\u00f6kenini ve \u00e7evresel niteliklerini \u00f6zel olarak do\u011frular. Bu sertifikalar, enerji piyasalar\u0131nda yenilenebilir enerji kullan\u0131m iddialar\u0131n\u0131n \u015feffafl\u0131\u011f\u0131n\u0131 ve g\u00fcvenilirli\u011fini sa\u011flamak, yenilenebilir enerji \u00fcretimini ve buna ba\u011fl\u0131 \u00e7evresel faydalar\u0131 (\u00f6rne\u011fin karbon emisyonlar\u0131n\u0131n azalt\u0131lmas\u0131) do\u011frulamak i\u00e7in \u00f6nemlidir. Yani, GO&#8217;yu bir pasaport olarak d\u00fc\u015f\u00fcn\u00fcrsek, EKOenergy eko etiketi \u015firketler i\u00e7in bir diplomad\u0131r.<\/p>\n<p>EKOenergy eko etiketinin fiyat\u0131 her zaman <strong>megavat saat ba\u015f\u0131na 0.18 cent<\/strong> olarak sabittir. Bu miktar\u0131n <strong>0.10 cent&#8217;i, d\u00fc\u015f\u00fck ve orta gelirli \u00fclkelerde yenilenebilir enerji projeleri i\u00e7in fon<\/strong> olarak ayr\u0131l\u0131r.<\/p>\n<p><strong>Karya \u00d6ktem &#8211;\u00a0<\/strong><strong>EKOenerji Eko Etiket T\u00fcrkiye Sorumlusu<\/strong><\/p>","protected":false},"excerpt":{"rendered":"<p>Sorry, this entry is only available in Turkish. For the sake of viewer convenience, the content is shown below in the alternative language. You may click the link to switch the active language. R\u00f6portaj\u0131m\u0131z\u0131 dinlemek isterseniz, podcast b\u00f6l\u00fcm\u00fc bu ba\u011flant\u0131da mevcuttur. R\u00f6portaja Kat\u0131ld\u0131\u011f\u0131n \u0130\u00e7in Te\u015fekk\u00fcrler Nicolo. Bizlere Kendinden K\u0131saca Bahseder Misin? Ad\u0131m Nicol\u00f2 Trucco, Helsinki [&hellip;]<\/p>\n","protected":false},"author":1,"featured_media":190277,"comment_status":"open","ping_status":"open","sticky":false,"template":"","format":"standard","meta":[],"categories":[51,53,49],"tags":[114119,114630,114118,114628,105,114629],"views":42,"_links":{"self":[{"href":"https:\/\/www.enerjigazetesi.ist\/en\/wp-json\/wp\/v2\/posts\/190271"}],"collection":[{"href":"https:\/\/www.enerjigazetesi.ist\/en\/wp-json\/wp\/v2\/posts"}],"about":[{"href":"https:\/\/www.enerjigazetesi.ist\/en\/wp-json\/wp\/v2\/types\/post"}],"author":[{"embeddable":true,"href":"https:\/\/www.enerjigazetesi.ist\/en\/wp-json\/wp\/v2\/users\/1"}],"replies":[{"embeddable":true,"href":"https:\/\/www.enerjigazetesi.ist\/en\/wp-json\/wp\/v2\/comments?post=190271"}],"version-history":[{"count":0,"href":"https:\/\/www.enerjigazetesi.ist\/en\/wp-json\/wp\/v2\/posts\/190271\/revisions"}],"wp:featuredmedia":[{"embeddable":true,"href":"https:\/\/www.enerjigazetesi.ist\/en\/wp-json\/wp\/v2\/media\/190277"}],"wp:attachment":[{"href":"https:\/\/www.enerjigazetesi.ist\/en\/wp-json\/wp\/v2\/media?parent=190271"}],"wp:term":[{"taxonomy":"category","embeddable":true,"href":"https:\/\/www.enerjigazetesi.ist\/en\/wp-json\/wp\/v2\/categories?post=190271"},{"taxonomy":"post_tag","embeddable":true,"href":"https:\/\/www.enerjigazetesi.ist\/en\/wp-json\/wp\/v2\/tags?post=190271"}],"curies":[{"name":"wp","href":"https:\/\/api.w.org\/{rel}","templated":true}]}}