{"id":190234,"date":"2024-07-16T15:32:20","date_gmt":"2024-07-16T12:32:20","guid":{"rendered":"https:\/\/www.enerjigazetesi.ist\/?p=190234"},"modified":"2024-07-16T15:32:20","modified_gmt":"2024-07-16T12:32:20","slug":"ey-yenilenebilir-enerji-ulke-cekicilik-endeksi-recai-sonuclari-aciklandi","status":"publish","type":"post","link":"https:\/\/www.enerjigazetesi.ist\/en\/ey-yenilenebilir-enerji-ulke-cekicilik-endeksi-recai-sonuclari-aciklandi\/","title":{"rendered":"(Turkish) EY Yenilenebilir Enerji \u00dclke \u00c7ekicilik Endeksi (RECAI) Sonu\u00e7lar\u0131 A\u00e7\u0131kland\u0131"},"content":{"rendered":"<p class=\"qtranxs-available-languages-message qtranxs-available-languages-message-en\">Sorry, this entry is only available in <a href=\"https:\/\/www.enerjigazetesi.ist\/tr\/wp-json\/wp\/v2\/posts\/190234\" class=\"qtranxs-available-language-link qtranxs-available-language-link-tr\" title=\"Turkish\">Turkish<\/a>. For the sake of viewer convenience, the content is shown below in the alternative language. You may click the link to switch the active language.<\/p><p><\/p>\n<h2><strong>Uluslararas\u0131 dan\u0131\u015fmanl\u0131k, g\u00fcvence, kurumsal finansman ve vergi hizmetleri \u015firketi EY taraf\u0131ndan 63\u2019\u00fcnc\u00fcs\u00fc ger\u00e7ekle\u015ftirilen \u2018Yenilenebilir Enerji \u00dclke \u00c7ekicilik Endeksi (RECAI)\u2019 ara\u015ft\u0131rmas\u0131n\u0131n sonu\u00e7lar\u0131 yay\u0131mland\u0131. 40 \u00fclkenin yer ald\u0131\u011f\u0131 raporda; ABD, \u00c7in ve Almanya g\u00fc\u00e7l\u00fc politika destekleri sayesinde Yenilenebilir Enerji \u00dclke \u00c7ekicilik Endeksi&#8217;nde ilk \u00fc\u00e7te yer al\u0131rken, T\u00fcrkiye 31. s\u0131rada kendine yer buluyor.<\/strong><\/h2>\n<p style=\"text-align: center;\"><img loading=\"lazy\" class=\"aligncenter wp-image-190236\" src=\"https:\/\/www.enerjigazetesi.ist\/wp-content\/uploads\/2024\/07\/ey-yenilenebilir-enerji-ulke-cekicilik-endeksi-recai-sonuclari-aciklandi.jpg\" alt=\"\" width=\"500\" height=\"334\" srcset=\"https:\/\/www.enerjigazetesi.ist\/wp-content\/uploads\/2024\/07\/ey-yenilenebilir-enerji-ulke-cekicilik-endeksi-recai-sonuclari-aciklandi.jpg 550w, https:\/\/www.enerjigazetesi.ist\/wp-content\/uploads\/2024\/07\/ey-yenilenebilir-enerji-ulke-cekicilik-endeksi-recai-sonuclari-aciklandi-300x200.jpg 300w, https:\/\/www.enerjigazetesi.ist\/wp-content\/uploads\/2024\/07\/ey-yenilenebilir-enerji-ulke-cekicilik-endeksi-recai-sonuclari-aciklandi-500x334.jpg 500w, https:\/\/www.enerjigazetesi.ist\/wp-content\/uploads\/2024\/07\/ey-yenilenebilir-enerji-ulke-cekicilik-endeksi-recai-sonuclari-aciklandi-75x50.jpg 75w, https:\/\/www.enerjigazetesi.ist\/wp-content\/uploads\/2024\/07\/ey-yenilenebilir-enerji-ulke-cekicilik-endeksi-recai-sonuclari-aciklandi-450x300.jpg 450w\" sizes=\"(max-width: 500px) 100vw, 500px\" \/><\/p>\n<p>Yenilenebilir enerji yat\u0131r\u0131mlar\u0131n\u0131n ve bu alandaki f\u0131rsatlar\u0131n \u00e7ekicili\u011fi kapsam\u0131nda d\u00fcnyan\u0131n en iyi 40 pazar\u0131n\u0131 s\u0131ralayan EY Yenilenebilir Enerji \u00dclke \u00c7ekicilik Endeksi&#8217;nin (RECAI) 63. versiyonu yay\u0131mland\u0131. Rapora g\u00f6re; ge\u00e7en y\u0131l yenilenebilir enerji yat\u0131r\u0131mlar\u0131na ayr\u0131lan 660 milyar ABD dolar\u0131 da dahil olmak \u00fczere 1,8 trilyon art\u0131\u015fa ra\u011fmen, COP28&#8217;in 2030 y\u0131l\u0131na kadar yenilenebilir enerji kapasitesinin \u00fc\u00e7 kat\u0131na \u00e7\u0131kar\u0131lmas\u0131 hedefine ula\u015fmak i\u00e7in yat\u0131r\u0131mlar yetersiz kal\u0131yor.<\/p>\n<p>Yenilenebilir enerji uygulamalar\u0131 yayg\u0131nla\u015ft\u0131k\u00e7a, <strong>batarya enerji depolama sistemleri (BESS)<\/strong> arz ve talep seviyelerini yumu\u015fatarak \u015febeke geni\u015fletme ve y\u00fckseltme maliyetlerini ertelemeye yard\u0131mc\u0131 oluyor ve dinamik enerji sistemlerinde \u00f6nemli bir rol oynuyor. BESS de dahil olmak \u00fczere art\u0131k enerji depolama, bir\u00e7ok pazarda ciddi boyutlara ula\u015fan a\u011f (network) sorununun da \u00fcstesinden gelmek i\u00e7in hayati bir rol oynuyor.<\/p>\n<h3><strong>Batarya Depolama Yat\u0131r\u0131m\u0131 \u0130\u00e7in En \u0130yi Pazarlar ABD, \u00c7in ve \u0130ngiltere<\/strong><\/h3>\n<p>Enflasyonu D\u00fc\u015f\u00fcrme Yasas\u0131 kapsam\u0131nda %30 vergi kredisiyle desteklenen ABD, BESS yat\u0131r\u0131m\u0131 i\u00e7in d\u00fcnyan\u0131n en cazip pazarlar\u0131 s\u0131ralamas\u0131nda ilk s\u0131ray\u0131 al\u0131yor. \u0130kinci s\u0131rada yer alan \u00c7in\u2019in ise, g\u00fc\u00e7l\u00fc h\u00fck\u00fcmet deste\u011fiyle birlikte 2025 y\u0131l\u0131na kadar BESS maliyetlerini %30 oran\u0131nda azaltma planlar\u0131 bulunuyor. Geli\u015fmi\u015f enerji piyasas\u0131 tasar\u0131m\u0131 ve BESS&#8217;i bir \u00fcretim varl\u0131\u011f\u0131 olarak s\u0131n\u0131fland\u0131ran yeni bir enerji politikas\u0131yla \u0130ngiltere \u00fc\u00e7\u00fcnc\u00fc s\u0131rada kendine yer buluyor. 2023&#8217;ten 2030&#8217;a kadar k\u00fcresel BESS da\u011f\u0131t\u0131m\u0131nda d\u00f6rt kat art\u0131\u015f \u00f6ng\u00f6r\u00fclerek 572 GW\/1.848 GWh&#8217;ye ula\u015fmas\u0131 tahmin ediliyor.<\/p>\n<h3><strong>Geli\u015fmi\u015f Pazarlar Yenilenebilir Enerji \u00dclke \u00c7ekicilik Endeksi\u2019nde \u00dcst S\u0131ralardaki Yerini Koruyor<\/strong><\/h3>\n<p>Ara\u015ft\u0131rmaya g\u00f6re; yat\u0131r\u0131mc\u0131lar\u0131n hem yenilenebilir enerjiye olan net talebi hem de projeler i\u00e7in belirlenmi\u015f de\u011feri nedeniyle ilgi duydu\u011fu ABD (1. s\u0131ra), \u00c7in (2. s\u0131ra) ve Almanya (3. s\u0131ra) ilk s\u0131ralarda yerlerini korudu. \u0130spanya&#8217;daki (12. s\u0131ra) a\u011f (network) k\u0131s\u0131tlamalar\u0131, pazar\u0131n ilk 10&#8217;dan d\u00fc\u015fmesine neden olurken; Kanada (9. s\u0131ra) ve Japonya (10. s\u0131ra) <strong>a\u00e7\u0131k deniz r\u00fczg\u00e2r potansiyelini<\/strong> en \u00fcst d\u00fczeye \u00e7\u0131karma hedeflerinin net olmas\u0131 nedeniyle endeksteki ilk 10 \u00fclke aras\u0131na giri\u015f yapt\u0131. Endeksteki en b\u00fcy\u00fck y\u00fckseli\u015f ise 2040 y\u0131l\u0131na kadar a\u00e7\u0131k deniz r\u00fczg\u00e2r kapasitesini \u00fc\u00e7 kat\u0131na \u00e7\u0131karmay\u0131 planlayan Bel\u00e7ika&#8217;n\u0131n, d\u00f6rt basamak y\u00fckselerek 17. s\u0131raya yerle\u015fmesi oldu. T\u00fcrkiye ise endekste 31. s\u0131rada yer al\u0131yor.<\/p>\n<h3><strong>Daha K\u00fc\u00e7\u00fck Ekonomiler Potansiyel Yat\u0131r\u0131mc\u0131lar \u0130\u00e7in Cazip Alternatifler Yarat\u0131yor<\/strong><\/h3>\n<p>Endekste Danimarka, k\u00fc\u00e7\u00fck ekonomilere g\u00f6re endeks s\u0131ralamas\u0131nda ilk s\u0131rada yerini koruyor. Yunanistan, \u015eili ve Finlandiya ise iddial\u0131 enerji d\u00f6n\u00fc\u015f\u00fcm planlar\u0131 ve cazip devlet te\u015fvikleri sayesinde k\u00fc\u00e7\u00fck ekonomiler s\u0131ralamas\u0131nda s\u0131ras\u0131yla 2., 3. ve 7. s\u0131ralara y\u00fckseliyor. Yunanistan&#8217;\u0131n son 4 y\u0131lda yenilenebilir enerji kapasitesini iki kat\u0131na \u00e7\u0131karmas\u0131, \u015eili&#8217;nin yenilenebilir enerji sekt\u00f6r\u00fcn\u00fcn \u00f6n\u00fcm\u00fczdeki 10 y\u0131l i\u00e7inde iki kat\u0131na \u00e7\u0131kmas\u0131 i\u00e7in yapt\u0131\u011f\u0131 yat\u0131r\u0131mlar ve Finlandiya&#8217;n\u0131n Avrupa&#8217;n\u0131n ilk karbon negatif ekonomisi olma yolunda iddial\u0131 kararlar almas\u0131, potansiyel yat\u0131r\u0131mc\u0131lar i\u00e7in yeni f\u0131rsatlar yarat\u0131yor.<\/p>\n<div id=\"attachment_190237\" style=\"width: 510px\" class=\"wp-caption aligncenter\"><img aria-describedby=\"caption-attachment-190237\" loading=\"lazy\" class=\"wp-image-190237\" src=\"https:\/\/www.enerjigazetesi.ist\/wp-content\/uploads\/2024\/07\/ey-yenilenebilir-enerji-ulke-cekicilik-endeksi-recai-sonuclari-aciklandi-1.jpg\" alt=\"\" width=\"500\" height=\"387\" srcset=\"https:\/\/www.enerjigazetesi.ist\/wp-content\/uploads\/2024\/07\/ey-yenilenebilir-enerji-ulke-cekicilik-endeksi-recai-sonuclari-aciklandi-1.jpg 550w, https:\/\/www.enerjigazetesi.ist\/wp-content\/uploads\/2024\/07\/ey-yenilenebilir-enerji-ulke-cekicilik-endeksi-recai-sonuclari-aciklandi-1-300x232.jpg 300w, https:\/\/www.enerjigazetesi.ist\/wp-content\/uploads\/2024\/07\/ey-yenilenebilir-enerji-ulke-cekicilik-endeksi-recai-sonuclari-aciklandi-1-500x387.jpg 500w, https:\/\/www.enerjigazetesi.ist\/wp-content\/uploads\/2024\/07\/ey-yenilenebilir-enerji-ulke-cekicilik-endeksi-recai-sonuclari-aciklandi-1-65x50.jpg 65w, https:\/\/www.enerjigazetesi.ist\/wp-content\/uploads\/2024\/07\/ey-yenilenebilir-enerji-ulke-cekicilik-endeksi-recai-sonuclari-aciklandi-1-260x200.jpg 260w\" sizes=\"(max-width: 500px) 100vw, 500px\" \/><p id=\"caption-attachment-190237\" class=\"wp-caption-text\">EY T\u00fcrkiye Vergi B\u00f6l\u00fcm\u00fc \u015eirket Orta\u011f\u0131 ve Sekt\u00f6rler Lideri Ate\u015f Konca<\/p><\/div>\n<p><strong>EY T\u00fcrkiye Vergi B\u00f6l\u00fcm\u00fc \u015eirket Orta\u011f\u0131 ve Sekt\u00f6rler Lideri Ate\u015f Konca<\/strong> ara\u015ft\u0131rma ile ilgili \u015fu de\u011ferlendirmelerde bulundu:<\/p>\n<p><em>\u201c<a href=\"https:\/\/www.ey.com\/en_gl\/insights\/energy-resources\/four-factors-to-guide-investment-in-battery-storage\" target=\"_blank\" rel=\"noopener\">EY Yenilenebilir Enerji \u00dclke \u00c7ekicilik Endeksi (RECAI)<\/a> sonu\u00e7lar\u0131na g\u00f6re, yat\u0131r\u0131mc\u0131lar\u0131n batarya enerji depolama sistemlerine (BESS) olan ilgisi art\u0131yor. BESS\u2019in \u00f6l\u00e7e\u011finin b\u00fcy\u00fct\u00fclmesi, a\u011f altyap\u0131s\u0131n\u0131n istikrara kavu\u015fturulmas\u0131, g\u00fc\u00e7lendirilmesi ve daha fazla da\u011f\u0131t\u0131lm\u0131\u015f enerji kayna\u011f\u0131n\u0131n \u015febekeye ba\u011flanmas\u0131n\u0131n sa\u011flanmas\u0131 gibi ad\u0131mlar, temiz enerji ilerlemesini engelleyen bir\u00e7ok sorunun \u00e7\u00f6z\u00fclmesine yard\u0131mc\u0131 olabilir. Burada d\u00f6rt fakt\u00f6re odaklanmak gerekiyor: Bunlar aras\u0131nda dayan\u0131kl\u0131 bir yat\u0131r\u0131m senaryosu olu\u015fturmak, teknoloji rekabet g\u00fcc\u00fcn\u00fc korumaya y\u00f6nelik ad\u0131mlar atmak, optimal i\u015f modelleri veya finansman yap\u0131s\u0131 olu\u015fturmak ve tedarik zinciri risklerini azaltmak geliyor. Bu fakt\u00f6rlere odaklanan yat\u0131r\u0131mc\u0131lar karma\u015f\u0131k, son derece b\u00f6lgeselle\u015fmi\u015f ve h\u0131zla de\u011fi\u015fen pazarda kolay bir \u015fekilde do\u011fru yolu bularak ba\u015far\u0131ya ula\u015fabilir.\u201d \u00a0<\/em><\/p>\n<p>Raporun tamam\u0131na \u00a0<a href=\"https:\/\/www.ey.com\/en_gl\/insights\/energy-resources\/four-factors-to-guide-investment-in-battery-storage\" target=\"_blank\" rel=\"noopener\">EY web sitesi <\/a>\u00fczerinden ula\u015f\u0131labilir.<\/p>","protected":false},"excerpt":{"rendered":"<p>Sorry, this entry is only available in Turkish. For the sake of viewer convenience, the content is shown below in the alternative language. You may click the link to switch the active language. Uluslararas\u0131 dan\u0131\u015fmanl\u0131k, g\u00fcvence, kurumsal finansman ve vergi hizmetleri \u015firketi EY taraf\u0131ndan 63\u2019\u00fcnc\u00fcs\u00fc ger\u00e7ekle\u015ftirilen \u2018Yenilenebilir Enerji \u00dclke \u00c7ekicilik Endeksi (RECAI)\u2019 ara\u015ft\u0131rmas\u0131n\u0131n sonu\u00e7lar\u0131 yay\u0131mland\u0131. [&hellip;]<\/p>\n","protected":false},"author":1,"featured_media":190236,"comment_status":"open","ping_status":"open","sticky":false,"template":"","format":"standard","meta":[],"categories":[51,53,50],"tags":[114611,108922,114612,1245],"views":28,"_links":{"self":[{"href":"https:\/\/www.enerjigazetesi.ist\/en\/wp-json\/wp\/v2\/posts\/190234"}],"collection":[{"href":"https:\/\/www.enerjigazetesi.ist\/en\/wp-json\/wp\/v2\/posts"}],"about":[{"href":"https:\/\/www.enerjigazetesi.ist\/en\/wp-json\/wp\/v2\/types\/post"}],"author":[{"embeddable":true,"href":"https:\/\/www.enerjigazetesi.ist\/en\/wp-json\/wp\/v2\/users\/1"}],"replies":[{"embeddable":true,"href":"https:\/\/www.enerjigazetesi.ist\/en\/wp-json\/wp\/v2\/comments?post=190234"}],"version-history":[{"count":0,"href":"https:\/\/www.enerjigazetesi.ist\/en\/wp-json\/wp\/v2\/posts\/190234\/revisions"}],"wp:featuredmedia":[{"embeddable":true,"href":"https:\/\/www.enerjigazetesi.ist\/en\/wp-json\/wp\/v2\/media\/190236"}],"wp:attachment":[{"href":"https:\/\/www.enerjigazetesi.ist\/en\/wp-json\/wp\/v2\/media?parent=190234"}],"wp:term":[{"taxonomy":"category","embeddable":true,"href":"https:\/\/www.enerjigazetesi.ist\/en\/wp-json\/wp\/v2\/categories?post=190234"},{"taxonomy":"post_tag","embeddable":true,"href":"https:\/\/www.enerjigazetesi.ist\/en\/wp-json\/wp\/v2\/tags?post=190234"}],"curies":[{"name":"wp","href":"https:\/\/api.w.org\/{rel}","templated":true}]}}