{"id":190214,"date":"2024-07-15T20:22:13","date_gmt":"2024-07-15T17:22:13","guid":{"rendered":"https:\/\/www.enerjigazetesi.ist\/?p=190214"},"modified":"2024-07-15T20:22:13","modified_gmt":"2024-07-15T17:22:13","slug":"tasimacilik-sektorunu-karbonsuzlastirmak-icin-bir-calismaya-imza-atildi","status":"publish","type":"post","link":"https:\/\/www.enerjigazetesi.ist\/en\/tasimacilik-sektorunu-karbonsuzlastirmak-icin-bir-calismaya-imza-atildi\/","title":{"rendered":"(Turkish) Ta\u015f\u0131mac\u0131l\u0131k Sekt\u00f6r\u00fcn\u00fc Karbonsuzla\u015ft\u0131rmak \u0130\u00e7in Bir \u00c7al\u0131\u015fmaya \u0130mza At\u0131ld\u0131"},"content":{"rendered":"<p class=\"qtranxs-available-languages-message qtranxs-available-languages-message-en\">Sorry, this entry is only available in <a href=\"https:\/\/www.enerjigazetesi.ist\/tr\/wp-json\/wp\/v2\/posts\/190214\" class=\"qtranxs-available-language-link qtranxs-available-language-link-tr\" title=\"Turkish\">Turkish<\/a>. For the sake of viewer convenience, the content is shown below in the alternative language. You may click the link to switch the active language.<\/p><p><\/p>\n<h2><strong>IVECO<\/strong>, <strong>\u0130talyan Ulusal Ara\u015ft\u0131rma Konseyi (CNR) Atmosfer Kirlili\u011fi Enstit\u00fcs\u00fc<\/strong> taraf\u0131ndan y\u00fcr\u00fct\u00fclen \u00e7al\u0131\u015fma ile biyo-CNG&#8217;nin at\u0131k toplama i\u00e7in en uygun \u00e7\u00f6z\u00fcm oldu\u011funu do\u011frulad\u0131.<\/h2>\n<p style=\"text-align: center;\"><img loading=\"lazy\" class=\"aligncenter wp-image-190216\" src=\"https:\/\/www.enerjigazetesi.ist\/wp-content\/uploads\/2024\/07\/tasimacilik-sektorunu-karbonsuzlastirmak-icin-bir-calismaya-imza-atildi.jpg\" alt=\"\" width=\"500\" height=\"394\" srcset=\"https:\/\/www.enerjigazetesi.ist\/wp-content\/uploads\/2024\/07\/tasimacilik-sektorunu-karbonsuzlastirmak-icin-bir-calismaya-imza-atildi.jpg 550w, https:\/\/www.enerjigazetesi.ist\/wp-content\/uploads\/2024\/07\/tasimacilik-sektorunu-karbonsuzlastirmak-icin-bir-calismaya-imza-atildi-300x236.jpg 300w, https:\/\/www.enerjigazetesi.ist\/wp-content\/uploads\/2024\/07\/tasimacilik-sektorunu-karbonsuzlastirmak-icin-bir-calismaya-imza-atildi-500x394.jpg 500w, https:\/\/www.enerjigazetesi.ist\/wp-content\/uploads\/2024\/07\/tasimacilik-sektorunu-karbonsuzlastirmak-icin-bir-calismaya-imza-atildi-64x50.jpg 64w\" sizes=\"(max-width: 500px) 100vw, 500px\" \/><\/p>\n<p>Kentsel alanlarda <strong>at\u0131k toplayan ara\u00e7larda kullan\u0131lan dizel ve s\u0131k\u0131\u015ft\u0131r\u0131lm\u0131\u015f do\u011fal gaz<\/strong> gibi geleneksel yak\u0131tlarla kar\u015f\u0131la\u015ft\u0131r\u0131ld\u0131\u011f\u0131nda kentsel kat\u0131 at\u0131klar\u0131n organik k\u0131sm\u0131ndan elde edilen <strong>s\u0131k\u0131\u015ft\u0131r\u0131lm\u0131\u015f biyometan<\/strong> kullan\u0131m\u0131n\u0131n \u00e7evresel etkilerinin de\u011ferlendirildi\u011fi ara\u015ft\u0131rman\u0131n ana destekleyicisi IVECO oldu.<\/p>\n<p>Ara\u015ft\u0131rma i\u00e7in, Avrupa&#8217;daki \u00e7ok say\u0131da metanla \u00e7al\u0131\u015fan ara\u00e7lar nedeniyle <strong>CNG yak\u0131t ikmal istasyonlar\u0131n\u0131n yayg\u0131n da\u011f\u0131l\u0131m\u0131n\u0131n bulundu\u011fu<\/strong> \u0130talya pazar\u0131 referans al\u0131nd\u0131. Ger\u00e7ekle\u015ftirilen \u00e7al\u0131\u015fma y\u00f6ntemine <strong>\u201cKuyudan-Tekerle\u011fe\u201d<\/strong> analizi deniyor. Bu da \u015fu anlama geliyor; yak\u0131tlar\u0131n saf bir kar\u015f\u0131la\u015ft\u0131rmas\u0131n\u0131n yap\u0131lmas\u0131 i\u00e7in tesislerin, altyap\u0131 in\u015fas\u0131n\u0131n ya da bak\u0131m\u0131n dikkate al\u0131nmadan, bir yak\u0131t \u00fcretiminin ve kullan\u0131m\u0131n\u0131n etkileri baz al\u0131nan analiz. Bu analizle, \u00fcretim zincirinde CO2 tutulmas\u0131n\u0131n katk\u0131s\u0131 ve \u00e7e\u015fitli end\u00fcstriyel s\u00fcre\u00e7lere g\u00fc\u00e7 sa\u011flamak i\u00e7in <strong>kullan\u0131lan enerji kar\u0131\u015f\u0131m\u0131n\u0131n katk\u0131s\u0131<\/strong> ara\u015ft\u0131r\u0131ld\u0131.<\/p>\n<p>\u00c7al\u0131\u015fman\u0131n sonu\u00e7lar\u0131, <strong>s\u0131k\u0131\u015ft\u0131r\u0131lm\u0131\u015f biyometan<\/strong>\u0131n <strong>ula\u015f\u0131m sekt\u00f6r\u00fcn\u00fcn karbondan ar\u0131nd\u0131r\u0131lmas\u0131<\/strong> ve <strong>kentsel alanlarda hava kirlili\u011finin azalt\u0131lmas\u0131<\/strong> i\u00e7in potansiyel belirleyici rol\u00fcn\u00fc ortaya koymaktad\u0131r. Asl\u0131nda, analiz edilen sekt\u00f6rde s\u0131k\u0131\u015ft\u0131r\u0131lm\u0131\u015f biyometan, <strong>iklimi de\u011fi\u015ftiren gazlarda dizele k\u0131yasla %96&#8217;ya varan bir azalma<\/strong> ve <strong>nitrojen oksit emisyonlar\u0131nda %72&#8217;ye varan bir d\u00fc\u015f\u00fc\u015f<\/strong> sa\u011flayabilir. Bu etkin orandaki azalman\u0131n, Avrupa\u2019da belirlenen <strong>karbon n\u00f6trl\u00fc\u011f\u00fc hedeflerine<\/strong> ula\u015f\u0131lmas\u0131na kesin olarak katk\u0131da bulunaca\u011f\u0131 tespit edilmi\u015ftir.<\/p>\n<p>\u0130ncelenen t\u00fcm y\u00f6ntemler aras\u0131nda en iyi sonu\u00e7lar, s\u0131k\u0131\u015ft\u0131r\u0131lm\u0131\u015f biyometan \u00fcretim zincirindeki t\u00fcm a\u015famalar\u0131n, yani kentsel kat\u0131 at\u0131klar\u0131n organik k\u0131sm\u0131 y\u00f6netiminden anaerobik \u00e7\u00fcr\u00fctmeye, iyile\u015ftirmeden, CO2 tutumuna, biyometan s\u0131k\u0131\u015ft\u0131rmadan ara\u00e7 yak\u0131t ikmaline kadar, ayn\u0131 sahada ger\u00e7ekle\u015fti\u011fi ve t\u00fcm s\u00fcre\u00e7lerin sahada \u00fcretilen <strong>biyogaz\u0131n yak\u0131lmas\u0131yla \u00fcretilen enerji ile beslendi\u011fi<\/strong> varsay\u0131larak elde edilmi\u015ftir.<\/p>\n<p><strong>IVECO Alternatif \u00c7ekiciler \u0130\u015f Geli\u015ftirme Ba\u015fkan\u0131 Giandomenico Fioretti<\/strong> \u00e7al\u0131\u015fmaya y\u00f6nelik \u015f\u00f6yle konu\u015ftu: &#8220;<em><strong>Karbondan ar\u0131nd\u0131rmay\u0131<\/strong> etkili ve \u00fcretken bir \u015fekilde ger\u00e7ekle\u015ftirmemize yard\u0131mc\u0131 olabilecek s\u00fcrd\u00fcr\u00fclebilir teknolojilere y\u00f6nelik ara\u015ft\u0131rmalar\u0131 desteklemekten gurur duyuyoruz. IVECO&#8217;da, t\u00fcm \u00fcr\u00fcn yelpazemiz ve m\u00fc\u015fterilerimizin farkl\u0131 i\u015f alanlar\u0131nda ihtiya\u00e7 duyduklar\u0131 ara\u00e7lar\u0131n yak\u0131tlar\u0131 i\u00e7in teknolojik a\u00e7\u0131dan olgun bir kaynak olan biyometan\u0131n faydalar\u0131na her zaman inand\u0131k. CNR liderli\u011findeki \u00e7al\u0131\u015fma, <strong>biyo-CNG kullan\u0131m\u0131n\u0131n<\/strong> \u00e7evre i\u00e7in s\u00fcrd\u00fcr\u00fclebilir bir \u00e7\u00f6z\u00fcm oldu\u011funu kan\u0131tl\u0131yor. Ayr\u0131ca ara\u00e7lar\u0131n g\u00f6rev yeteneklerinden \u00f6d\u00fcn vermeden at\u0131k toplama i\u00e7in yak\u0131t sa\u011flamak \u00fczere at\u0131k ve organik maddeden de\u011fer elde ediyor. Bu da arzu edilen bir d\u00f6ng\u00fcsel ekonomi olu\u015fturabilece\u011fini olduk\u00e7a do\u011fruluyor.&#8221;<\/em><\/p>","protected":false},"excerpt":{"rendered":"<p>Sorry, this entry is only available in Turkish. For the sake of viewer convenience, the content is shown below in the alternative language. You may click the link to switch the active language. IVECO, \u0130talyan Ulusal Ara\u015ft\u0131rma Konseyi (CNR) Atmosfer Kirlili\u011fi Enstit\u00fcs\u00fc taraf\u0131ndan y\u00fcr\u00fct\u00fclen \u00e7al\u0131\u015fma ile biyo-CNG&#8217;nin at\u0131k toplama i\u00e7in en uygun \u00e7\u00f6z\u00fcm oldu\u011funu do\u011frulad\u0131. [&hellip;]<\/p>\n","protected":false},"author":1,"featured_media":190216,"comment_status":"open","ping_status":"open","sticky":false,"template":"","format":"standard","meta":[],"categories":[53],"tags":[58913,114600,114602,114599,107022,89462,114601],"views":24,"_links":{"self":[{"href":"https:\/\/www.enerjigazetesi.ist\/en\/wp-json\/wp\/v2\/posts\/190214"}],"collection":[{"href":"https:\/\/www.enerjigazetesi.ist\/en\/wp-json\/wp\/v2\/posts"}],"about":[{"href":"https:\/\/www.enerjigazetesi.ist\/en\/wp-json\/wp\/v2\/types\/post"}],"author":[{"embeddable":true,"href":"https:\/\/www.enerjigazetesi.ist\/en\/wp-json\/wp\/v2\/users\/1"}],"replies":[{"embeddable":true,"href":"https:\/\/www.enerjigazetesi.ist\/en\/wp-json\/wp\/v2\/comments?post=190214"}],"version-history":[{"count":0,"href":"https:\/\/www.enerjigazetesi.ist\/en\/wp-json\/wp\/v2\/posts\/190214\/revisions"}],"wp:featuredmedia":[{"embeddable":true,"href":"https:\/\/www.enerjigazetesi.ist\/en\/wp-json\/wp\/v2\/media\/190216"}],"wp:attachment":[{"href":"https:\/\/www.enerjigazetesi.ist\/en\/wp-json\/wp\/v2\/media?parent=190214"}],"wp:term":[{"taxonomy":"category","embeddable":true,"href":"https:\/\/www.enerjigazetesi.ist\/en\/wp-json\/wp\/v2\/categories?post=190214"},{"taxonomy":"post_tag","embeddable":true,"href":"https:\/\/www.enerjigazetesi.ist\/en\/wp-json\/wp\/v2\/tags?post=190214"}],"curies":[{"name":"wp","href":"https:\/\/api.w.org\/{rel}","templated":true}]}}