{"id":190209,"date":"2024-07-15T19:55:00","date_gmt":"2024-07-15T16:55:00","guid":{"rendered":"https:\/\/www.enerjigazetesi.ist\/?p=190209"},"modified":"2024-07-15T19:57:04","modified_gmt":"2024-07-15T16:57:04","slug":"bakan-bayraktar-yenilenebilir-enerjide-yeni-hedefleri-anlatti","status":"publish","type":"post","link":"https:\/\/www.enerjigazetesi.ist\/en\/bakan-bayraktar-yenilenebilir-enerjide-yeni-hedefleri-anlatti\/","title":{"rendered":"(Turkish) Bakan Bayraktar Yenilenebilir Enerjide Yeni Hedefleri Anlatt\u0131"},"content":{"rendered":"<p class=\"qtranxs-available-languages-message qtranxs-available-languages-message-en\">Sorry, this entry is only available in <a href=\"https:\/\/www.enerjigazetesi.ist\/tr\/wp-json\/wp\/v2\/posts\/190209\" class=\"qtranxs-available-language-link qtranxs-available-language-link-tr\" title=\"Turkish\">Turkish<\/a>. For the sake of viewer convenience, the content is shown below in the alternative language. You may click the link to switch the active language.<\/p><p><\/p>\n<h2>Enerji ve Tabii Kaynaklar Bakan\u0131 Alparslan Bayraktar, yenilenebilir enerji alan\u0131nda yeni hedefleri anlatt\u0131. \u00c7ok iddial\u0131 bir yenilenebilir enerji geli\u015fim programlar\u0131 oldu\u011funu ifade eden Bakan Bayraktar, deniz \u00fcst\u00fc r\u00fczg\u00e2rda ilk fazda en az 5 bin megavatl\u0131k ilave bir kurulu g\u00fc\u00e7 hedefleri oldu\u011funu a\u00e7\u0131klad\u0131. Bayraktar, Meclis\u2019ten ge\u00e7en y\u00fczer GES d\u00fczenlemesiyle barajlar \u00fczerindeki alanlar\u0131 de\u011ferlendireceklerini belirterek \u201c\u00d6n\u00fcm\u00fczdeki 10 y\u0131l i\u00e7in net bir hedef ortaya koyaca\u011f\u0131z.\u201d dedi.<\/h2>\n<p style=\"text-align: center;\"><img loading=\"lazy\" class=\"aligncenter wp-image-190211\" src=\"https:\/\/www.enerjigazetesi.ist\/wp-content\/uploads\/2024\/07\/bakan-bayraktar-yenilenebilir-enerjide-yeni-hedefleri-anlatti.jpg\" alt=\"\" width=\"500\" height=\"329\" srcset=\"https:\/\/www.enerjigazetesi.ist\/wp-content\/uploads\/2024\/07\/bakan-bayraktar-yenilenebilir-enerjide-yeni-hedefleri-anlatti.jpg 550w, https:\/\/www.enerjigazetesi.ist\/wp-content\/uploads\/2024\/07\/bakan-bayraktar-yenilenebilir-enerjide-yeni-hedefleri-anlatti-300x197.jpg 300w, https:\/\/www.enerjigazetesi.ist\/wp-content\/uploads\/2024\/07\/bakan-bayraktar-yenilenebilir-enerjide-yeni-hedefleri-anlatti-500x329.jpg 500w, https:\/\/www.enerjigazetesi.ist\/wp-content\/uploads\/2024\/07\/bakan-bayraktar-yenilenebilir-enerjide-yeni-hedefleri-anlatti-76x50.jpg 76w\" sizes=\"(max-width: 500px) 100vw, 500px\" \/><\/p>\n<h3><strong>Sa\u011fl\u0131kl\u0131 Enerji D\u00f6n\u00fc\u015f\u00fcm\u00fc<\/strong><\/h3>\n<p>Bakan Bayraktar, D\u00fcnya Bankas\u0131 Enerji D\u00f6n\u00fc\u015f\u00fcm\u00fc \u00c7al\u0131\u015ftay\u0131\u2019na kat\u0131larak bir konu\u015fma yapt\u0131. T\u00fcrkiye\u2019nin artan enerji talebini kar\u015f\u0131lamak amac\u0131yla arz g\u00fcvenli\u011fini emniyete almaya ve ithalat ba\u011f\u0131ml\u0131l\u0131\u011f\u0131n\u0131 azaltmaya \u00e7al\u0131\u015ft\u0131\u011f\u0131n\u0131 vurgulayan Bayraktar, 2053 karbon n\u00f6tr hedefi do\u011frultusunda sa\u011fl\u0131kl\u0131 bir enerji d\u00f6n\u00fc\u015f\u00fcm\u00fcne ihtiya\u00e7 oldu\u011funu kaydetti. Bayraktar, bu d\u00f6n\u00fc\u015f\u00fcm\u00fcn duyarl\u0131, rasyonel, esnek ve dijital politika setleriyle planlanmas\u0131 gerekti\u011fini ifade ederek yenilenebilir enerjinin \u00f6nemine i\u015faret etti.<\/p>\n<h3><strong>Her Y\u0131l 5 Bin Megavat<\/strong><\/h3>\n<p>Yenilenebilir enerji kurulu g\u00fcc\u00fcnde T\u00fcrkiye\u2019nin d\u00fcnyada 11\u2019inci, Avrupa&#8217;da 5\u2019inci s\u0131rada oldu\u011funu anlatan Bayraktar, <em>\u201c\u00c7ok iddial\u0131 bir yenilenebilir geli\u015fim program\u0131m\u0131z var. T\u00fcrkiye, yenilenebilir kurulu g\u00fcc\u00fcne her y\u0131l mutlaka 5 bin megavatl\u0131k g\u00fcne\u015f ve r\u00fczg\u00e2r kapasitesini ilave etmeli. Bunu 2035 y\u0131l\u0131na kadar planlam\u0131\u015f durumday\u0131z.\u201d<\/em> dedi.<\/p>\n<h3><strong>R\u00fczg\u00e2r ve G\u00fcne\u015fte Yenilikler<\/strong><\/h3>\n<p>Bayraktar, bunun d\u0131\u015f\u0131nda deniz \u00fcst\u00fc r\u00fczg\u00e2r ile ilgili ilk fazda 5 bin megavatl\u0131k bir hedefleri oldu\u011funu belirterek <em>\u201cY\u00fczer g\u00fcne\u015f santralleriyle alakal\u0131 bir kanuni d\u00fczenleme ge\u00e7ti. Barajlar\u0131m\u0131z\u0131n \u00fczerindeki alanlar\u0131 de\u011ferlendirerek y\u00fczer GES\u2019lerle toplam kurulu g\u00fcc\u00fc biraz daha artt\u0131rmay\u0131 hedefliyoruz. Burada daha somut, net \u00f6n\u00fcm\u00fczdeki 10 y\u0131l i\u00e7in bir hedef ortaya koyaca\u011f\u0131z.\u201d<\/em> diye konu\u015ftu.<\/p>\n<h3><strong>10 Milyar Dolarl\u0131k Yat\u0131r\u0131m<\/strong><\/h3>\n<p>Yenilenebilir enerji alan\u0131ndaki bu hedeflere ula\u015fmada \u015febekenin ihtiya\u00e7 duydu\u011fu yat\u0131r\u0131mlar\u0131 da yapmak gerekti\u011finin alt\u0131n\u0131 \u00e7izen Bayraktar, <em>\u201cBu anlamda iletim sistemimizi geni\u015fletmek, artan bu ihtiyac\u0131 kar\u015f\u0131layacak yeni yat\u0131r\u0131mlar\u0131, kapsaml\u0131 yat\u0131r\u0131mlar\u0131 yapabilmek i\u00e7in 10 y\u0131l i\u00e7erisinde de yakla\u015f\u0131k 10 milyar dolarl\u0131k bir yat\u0131r\u0131m hedefimiz var.\u201d<\/em> dedi.<\/p>\n<h3><strong>Enerji Verimlili\u011fi<\/strong><\/h3>\n<p>Enerjide d\u00f6n\u00fc\u015f\u00fcm\u00fcn \u00f6nemli bir aya\u011f\u0131n\u0131n da verimlilik oldu\u011funu ifade eden Bayraktar, 2030 Enerji Stratejisi do\u011frultusunda 20 milyar dolarl\u0131k bir yat\u0131r\u0131mla enerjide y\u00fczde 16\u2019l\u0131k bir tasarruf ve ayn\u0131 zamanda yakla\u015f\u0131k 100 milyon tonluk bir karbon emisyondan da ka\u00e7\u0131nma hedefleri oldu\u011funu bildirdi.<\/p>\n<h3><strong>N\u00fckleer ve K\u00f6m\u00fcr<\/strong><\/h3>\n<p>Bayraktar, enerji d\u00f6n\u00fc\u015f\u00fcm\u00fcnde n\u00fckleerin de \u00f6nemli bir ba\u015fl\u0131k oldu\u011funu ve T\u00fcrkiye\u2019nin 20 bin megavatl\u0131k bir n\u00fckleer kapasiteye ihtiyac\u0131 bulundu\u011funu s\u00f6yledi. K\u00f6m\u00fcr\u00fcn T\u00fcrkiye\u2019de \u00f6nemli bir elektrik \u00fcretim kayna\u011f\u0131 oldu\u011funa de\u011finen Bayraktar, k\u00f6m\u00fcrde karbon yo\u011funlu\u011funu d\u00fc\u015f\u00fcrmeyle alakal\u0131 bir program \u00fczerinde \u00e7al\u0131\u015ft\u0131klar\u0131n\u0131 da a\u00e7\u0131klad\u0131.<\/p>\n<p><strong>D\u00fcnya Bankas\u0131 ile \u0130\u015f Birli\u011fi\u00a0<\/strong><\/p>\n<p>Mevcut proje portf\u00f6y\u00fcn\u00fcn yan\u0131 s\u0131ra enerji d\u00f6n\u00fc\u015f\u00fcm\u00fcn\u00fc h\u0131zland\u0131rmak i\u00e7in D\u00fcnya Bankas\u0131 ve uluslararas\u0131 finansal kurulu\u015flarla i\u015f birli\u011fini \u00e7ok daha ileri g\u00f6t\u00fcrmek istediklerine de\u011finen Bayraktar, <em>\u201cGer\u00e7ek\u00e7i, piyasadaki geli\u015fmelere duyarl\u0131, esnek ve dijital politika setleri ve prensipleri do\u011frultusunda olu\u015fabilecek her t\u00fcrl\u00fc \u00f6neriye a\u00e7\u0131k oldu\u011fumuzu ifade etmek istiyorum.\u201d<\/em> dedi.<\/p>\n<p>Kaynak: <a href=\"https:\/\/enerji.gov.tr\/haber-detay?id=21325\" target=\"_blank\" rel=\"noopener\">ETKB<\/a><\/p>","protected":false},"excerpt":{"rendered":"<p>Sorry, this entry is only available in Turkish. For the sake of viewer convenience, the content is shown below in the alternative language. You may click the link to switch the active language. Enerji ve Tabii Kaynaklar Bakan\u0131 Alparslan Bayraktar, yenilenebilir enerji alan\u0131nda yeni hedefleri anlatt\u0131. \u00c7ok iddial\u0131 bir yenilenebilir enerji geli\u015fim programlar\u0131 oldu\u011funu ifade [&hellip;]<\/p>\n","protected":false},"author":1,"featured_media":190211,"comment_status":"open","ping_status":"open","sticky":false,"template":"","format":"standard","meta":[],"categories":[53,49,50],"tags":[114597,2326,13,474,16,105,114596,114598],"views":58,"_links":{"self":[{"href":"https:\/\/www.enerjigazetesi.ist\/en\/wp-json\/wp\/v2\/posts\/190209"}],"collection":[{"href":"https:\/\/www.enerjigazetesi.ist\/en\/wp-json\/wp\/v2\/posts"}],"about":[{"href":"https:\/\/www.enerjigazetesi.ist\/en\/wp-json\/wp\/v2\/types\/post"}],"author":[{"embeddable":true,"href":"https:\/\/www.enerjigazetesi.ist\/en\/wp-json\/wp\/v2\/users\/1"}],"replies":[{"embeddable":true,"href":"https:\/\/www.enerjigazetesi.ist\/en\/wp-json\/wp\/v2\/comments?post=190209"}],"version-history":[{"count":0,"href":"https:\/\/www.enerjigazetesi.ist\/en\/wp-json\/wp\/v2\/posts\/190209\/revisions"}],"wp:featuredmedia":[{"embeddable":true,"href":"https:\/\/www.enerjigazetesi.ist\/en\/wp-json\/wp\/v2\/media\/190211"}],"wp:attachment":[{"href":"https:\/\/www.enerjigazetesi.ist\/en\/wp-json\/wp\/v2\/media?parent=190209"}],"wp:term":[{"taxonomy":"category","embeddable":true,"href":"https:\/\/www.enerjigazetesi.ist\/en\/wp-json\/wp\/v2\/categories?post=190209"},{"taxonomy":"post_tag","embeddable":true,"href":"https:\/\/www.enerjigazetesi.ist\/en\/wp-json\/wp\/v2\/tags?post=190209"}],"curies":[{"name":"wp","href":"https:\/\/api.w.org\/{rel}","templated":true}]}}