{"id":1902,"date":"2012-09-10T09:41:42","date_gmt":"2012-09-10T06:41:42","guid":{"rendered":"https:\/\/www.enerjigazetesi.ist\/?p=1902"},"modified":"2012-09-10T09:41:42","modified_gmt":"2012-09-10T06:41:42","slug":"merinos-enerji-muzesi-acildi","status":"publish","type":"post","link":"https:\/\/www.enerjigazetesi.ist\/en\/merinos-enerji-muzesi-acildi\/","title":{"rendered":"(Turkish) Merinos Enerji M\u00fczesi A\u00e7\u0131ld\u0131"},"content":{"rendered":"<p class=\"qtranxs-available-languages-message qtranxs-available-languages-message-en\">Sorry, this entry is only available in <a href=\"https:\/\/www.enerjigazetesi.ist\/tr\/wp-json\/wp\/v2\/posts\/1902\" class=\"qtranxs-available-language-link qtranxs-available-language-link-tr\" title=\"Turkish\">Turkish<\/a>. For the sake of viewer convenience, the content is shown below in the alternative language. You may click the link to switch the active language.<\/p><p><\/p>\n<div><strong>Bursa B\u00fcy\u00fck\u015fehir Belediyesi taraf\u0131ndan yapt\u0131r\u0131lan Merinos Enerji M\u00fczesi, Tarihi Kentler Birli\u011fi Bursa Bulu\u015fmas\u0131 kapsam\u0131nda d\u00fczenlenen t\u00f6renle hizmete a\u00e7\u0131ld\u0131.<\/strong><\/div>\n<div><strong><\/strong>\u00a0<\/div>\n<div>\n<div>Bursa B\u00fcy\u00fck\u015fehir Belediyesi taraf\u0131ndan yapt\u0131r\u0131lan Merinos Enerji M\u00fczesi, Tarihi Kentler Birli\u011fi Bursa Bulu\u015fmas\u0131 kapsam\u0131nda d\u00fczenlenen t\u00f6renle hizmete a\u00e7\u0131ld\u0131.<\/p>\n<p><img loading=\"lazy\" class=\"alignright size-medium wp-image-1903\" title=\"enerji-muzesi-bursanin-altin-kolyesi-oldu\" src=\"https:\/\/www.enerjigazetesi.ist\/wp-content\/uploads\/2012\/09\/enerji-muzesi-bursanin-altin-kolyesi-oldu-300x248.jpg\" alt=\"\" width=\"300\" height=\"248\" srcset=\"https:\/\/www.enerjigazetesi.ist\/wp-content\/uploads\/2012\/09\/enerji-muzesi-bursanin-altin-kolyesi-oldu-300x248.jpg 300w, https:\/\/www.enerjigazetesi.ist\/wp-content\/uploads\/2012\/09\/enerji-muzesi-bursanin-altin-kolyesi-oldu-482x400.jpg 482w, https:\/\/www.enerjigazetesi.ist\/wp-content\/uploads\/2012\/09\/enerji-muzesi-bursanin-altin-kolyesi-oldu-60x50.jpg 60w, https:\/\/www.enerjigazetesi.ist\/wp-content\/uploads\/2012\/09\/enerji-muzesi-bursanin-altin-kolyesi-oldu.jpg 600w\" sizes=\"(max-width: 300px) 100vw, 300px\" \/>Bursa B\u00fcy\u00fck\u015fehir Belediye Ba\u015fkan\u0131 Recep Altepe, yakla\u015f\u0131k 12 y\u0131l \u00f6nce \u00fcretimi duran Bursa\u00b4n\u0131n sembollerinden Merinos fabrikas\u0131n\u0131n yerinde haz\u0131rlanan Merinos Enerji M\u00fczesi ile tarih ve medeniyet kenti Bursa\u00b4n\u0131n yeni bir de\u011fere daha kavu\u015ftu\u011funu s\u00f6yledi. B\u00fcy\u00fck\u015fehir Belediyesi olarak ya\u015fanabilir, sa\u011fl\u0131kl\u0131 ve ula\u015f\u0131labilir \u00e7a\u011fda\u015f bir kent olma yolunda altyap\u0131dan \u00fcstyap\u0131ya kadar her alan \u00e7al\u0131\u015fmalar yapt\u0131klar\u0131n\u0131 anlatan Ba\u015fkan Altepe, Bursa\u00b4ya eserler b\u0131rakmaya devam ettiklerini vurgulad\u0131. Bursa\u2019n\u0131n bir tarih ba\u015fkenti oldu\u011funu belirten Ba\u015fkan Altepe, yap\u0131lan \u00e7al\u0131\u015fmalar\u0131n Bursa\u2019y\u0131 canl\u0131 bir tarih kenti olarak aya\u011fa kald\u0131rd\u0131\u011f\u0131na dikkati \u00e7ekti.<\/p>\n<p>Bursa Kent M\u00fczesi ile anlam\u0131nda Bursa\u2019n\u0131n T\u00fcrkiye\u2019de pek \u00e7ok kente \u00f6rnek oldu\u011funu hat\u0131rlatan Altepe, Merinos Enerji M\u00fczesi\u2019nin tarihini anlatarak, \u201cMerinos Elektrik Fabrikas\u0131, Ulu \u00d6nder Mustafa Kemal Atat\u00fcrk\u2019\u00fcn talimat\u0131yla kurulan Merinos Tekstil Fabrikas\u0131\u2019n\u0131n enerji ihtiyac\u0131n\u0131 kar\u015f\u0131lamak \u00fczere 1938 y\u0131l\u0131nda yapt\u0131r\u0131ld\u0131. \u0130ki jenerat\u00f6r \u00fcnitesiyle faaliyete ba\u015flayan tesisin kapasitesi, 1953 y\u0131l\u0131nda artan ihtiya\u00e7 \u00fczerine 2 kat\u0131na \u00e7\u0131kar\u0131ld\u0131. G\u00fcn i\u00e7inde Merinos fabrikas\u0131n\u0131n enerji ihtiyac\u0131n\u0131 kar\u015f\u0131layan tesis, saat 24\u2019ten sonra elektrik fazlas\u0131n\u0131 \u015fehre aktard\u0131\u201d dedi. Tesisin ilk olarak k\u00f6m\u00fcrl\u00fc sistemle \u00e7al\u0131\u015ft\u0131r\u0131ld\u0131\u011f\u0131n\u0131, daha sonra da fueloille elektrik \u00fcretimine devam etti\u011fini kaydeden Ba\u015fkan Altepe, Mudanya liman\u0131na indirilen k\u00f6m\u00fcr\u00fcn, Mudanya \u2013 Bursa treniyle fabrikaya ula\u015ft\u0131r\u0131ld\u0131\u011f\u0131n\u0131 hat\u0131rlatt\u0131.<\/p>\n<p><strong>12 YIL \u00d6NCE \u00dcRET\u0130M DURDURULDU<\/strong><\/p>\n<p>Tesisin 2000 y\u0131l\u0131nda ekonomik \u00f6mr\u00fcn\u00fc tamamlad\u0131\u011f\u0131n\u0131 ifade eden Ba\u015fkan Altepe \u015funlar\u0131 kaydetti: \u201cMerinos Enerji M\u00fczesi, Merinos\u2019un tekstil ve enerji tarihinin anlat\u0131ld\u0131\u011f\u0131 kazan dairesi, d\u00f6rt adet su pompas\u0131n\u0131n bulundu\u011fu pompa dairesi, Bursa\u2019da elektrik tarihinin geli\u015fiminin anlat\u0131ld\u0131\u011f\u0131 t\u00fcrbin dairesi, Bursa soka\u011f\u0131 canland\u0131rmas\u0131n\u0131n bulundu\u011fu elektrik da\u011f\u0131t\u0131m b\u00f6l\u00fcm\u00fc, elektri\u011fin g\u00fcn\u00fcm\u00fczdeki ser\u00fcveninin anlat\u0131ld\u0131\u011f\u0131 kondense (yo\u011funla\u015fma b\u00f6l\u00fcm\u00fc), \u0131\u015f\u0131k ve m\u00fczik g\u00f6sterisinin yap\u0131ld\u0131\u011f\u0131 permutit (yumu\u015fak su) b\u00f6l\u00fcm\u00fc gibi b\u00f6l\u00fcmlerden olu\u015fuyor. M\u00fczede ayr\u0131ca belgesel g\u00f6sterim odalar\u0131, bilgi kiosklar\u0131, televizyon ekranlar\u0131nda anlat\u0131mlar ve dinlenme mekanlar\u0131 da yer al\u0131yor. G\u00fczel bir m\u00fcze oldu, emeklerin kar\u015f\u0131l\u0131\u011f\u0131 al\u0131nd\u0131. Merinos Enerji M\u00fczesi, Bursa\u00b4m\u0131z\u0131n alt\u0131n kolyelerinden biri oldu.\u201d<\/p>\n<p>\u00c7EK\u00dcL Ba\u015fkan\u0131 ve Tarihi Kentler Birli\u011fi Dan\u0131\u015fma Kurulu \u00dcyesi Metin S\u00f6zen de toplumlar\u0131n dinamiklerinin teknolojilerinin gelecek umudunu a\u015f\u0131lamas\u0131n\u0131n \u00f6nemine i\u015faret ederek, Bursa\u2019ya her geli\u015finde yap\u0131lan i\u015flerin de\u011ferlendirildi\u011fini g\u00f6rd\u00fc\u011f\u00fcn\u00fc s\u00f6yledi. Bursa\u2019da yap\u0131lanlar\u0131n di\u011fer kentlere de \u00f6rnek olmas\u0131 gerekti\u011fini s\u00f6yleyen S\u00f6zen, &#8220;Bursay\u0131 ziyaret edenler, enerji m\u00fczesi ile tarihi yeni ba\u015ftan yorumlayacaklar. Bursa\u2019n\u0131n birikiminin belgeleriyle beraber gelece\u011fe ta\u015f\u0131nmas\u0131 noktas\u0131nda \u00f6nemli bir ad\u0131m atan Bursa herkesi gururland\u0131r\u0131yor.&#8221; dedi.<\/p>\n<p>Avrupa M\u00fczeler Akademisi Direkt\u00f6r\u00fc EMA Ba\u015fkan\u0131 Andreja Rihter de m\u00fczelerin \u00f6nemine i\u015faret ederek, Bursa\u00b4da \u00f6nemli bir \u00e7al\u0131\u015fman\u0131n ger\u00e7ekle\u015ftirildi\u011fini kaydetti. M\u00fczecili\u011fin zor bir i\u015f oldu\u011funu ifade eden Rihter, \u015f\u00f6yle devam etti: &#8220;M\u00fczelerin a\u00e7\u0131l\u0131\u015flar\u0131 her zaman ilham kayna\u011f\u0131 olmu\u015ftur. M\u00fczeler kimlikleri de bir araya getiren noktalardand\u0131r. Kentin tarihi kimli\u011fini bir araya getirdi\u011fimiz bir noktaday\u0131z. End\u00fcstriyel miras\u0131n korunmas\u0131 ve onunla ilgili yap\u0131lar\u0131n ortaya \u00e7\u0131kar\u0131lmas\u0131 \u00f6nemlidir. Bu m\u00fczede modernle birlikte tarihsel yap\u0131 da bir araya geliyor. Sadece Enerji M\u00fczesi de\u011fil enerji veren bir m\u00fcze oluyor\u201d diye konu\u015ftu. AK Parti Bursa Milletvekili \u0130smet Su ise \u201cBu m\u00fcze bize sadece enerjinin d\u00fcn\u00fcn\u00fc de\u011fil, hem Bursa\u2019n\u0131n ge\u00e7mi\u015fi ile sanayisini anlatacak, hem de gelecek nesillere bunlar\u0131 \u00f6\u011fretecektir.&#8221;<\/p>\n<p>Konu\u015fmalar\u0131n ard\u0131ndan B\u00fcy\u00fck\u015fehir Belediye Ba\u015fkan\u0131 Recep Altepe, m\u00fczenin a\u00e7\u0131l\u0131\u015f\u0131na katk\u0131da bulunan kurum temsilcilerine plaket verdi. Ba\u015fkan Altepe, daha sonra Bursa milletvekilleri \u0130smet Su, \u00d6nder Matl\u0131, Hakan \u00c7avu\u015fo\u011flu ve \u0130smail Ayd\u0131n, Tarihi Kentler Birli\u011fi Ba\u015fkan\u0131 ve Gaziantep B\u00fcy\u00fck\u015fehir Belediye Ba\u015fkan\u0131 As\u0131m G\u00fczelbey, Osmangazi Belediye Ba\u015fkan\u0131 Mustafa D\u00fcndar, Gemlik Belediye Ba\u015fkan\u0131 Refik Y\u0131lmaz, G\u00fcrsu Belediye Ba\u015fkan\u0131 Orhan \u00d6zc\u00fc, Bursa Kent Konseyi Ba\u015fkan\u0131 Semih Pala, Tarihi Kentler Birli\u011fi\u2019ne \u00fcye belediyelerin temsilcileri ve B\u00fcy\u00fck\u015fehir Belediyesi b\u00fcrokratlar\u0131yla birlikte Merinos Enerji M\u00fczesi\u2019ni gezerek, enerjinin tarihine \u0131\u015f\u0131k tutan eserleri ilgiyle inceledi.<\/p>\n<p>Kaynak : <a href=\"http:\/\/www.haber3.com\/merinos-enerji-muzesi-acildi-1501198h.htm\" target=\"_blank\">Haber3<\/a><\/div>\n<\/div>\n<p><\/p>","protected":false},"excerpt":{"rendered":"<p>Sorry, this entry is only available in Turkish. For the sake of viewer convenience, the content is shown below in the alternative language. You may click the link to switch the active language. Bursa B\u00fcy\u00fck\u015fehir Belediyesi taraf\u0131ndan yapt\u0131r\u0131lan Merinos Enerji M\u00fczesi, Tarihi Kentler Birli\u011fi Bursa Bulu\u015fmas\u0131 kapsam\u0131nda d\u00fczenlenen t\u00f6renle hizmete a\u00e7\u0131ld\u0131. \u00a0 Bursa B\u00fcy\u00fck\u015fehir Belediyesi [&hellip;]<\/p>\n","protected":false},"author":1,"featured_media":1903,"comment_status":"open","ping_status":"open","sticky":false,"template":"","format":"standard","meta":[],"categories":[53],"tags":[507,19],"views":741,"_links":{"self":[{"href":"https:\/\/www.enerjigazetesi.ist\/en\/wp-json\/wp\/v2\/posts\/1902"}],"collection":[{"href":"https:\/\/www.enerjigazetesi.ist\/en\/wp-json\/wp\/v2\/posts"}],"about":[{"href":"https:\/\/www.enerjigazetesi.ist\/en\/wp-json\/wp\/v2\/types\/post"}],"author":[{"embeddable":true,"href":"https:\/\/www.enerjigazetesi.ist\/en\/wp-json\/wp\/v2\/users\/1"}],"replies":[{"embeddable":true,"href":"https:\/\/www.enerjigazetesi.ist\/en\/wp-json\/wp\/v2\/comments?post=1902"}],"version-history":[{"count":1,"href":"https:\/\/www.enerjigazetesi.ist\/en\/wp-json\/wp\/v2\/posts\/1902\/revisions"}],"predecessor-version":[{"id":1904,"href":"https:\/\/www.enerjigazetesi.ist\/en\/wp-json\/wp\/v2\/posts\/1902\/revisions\/1904"}],"wp:featuredmedia":[{"embeddable":true,"href":"https:\/\/www.enerjigazetesi.ist\/en\/wp-json\/wp\/v2\/media\/1903"}],"wp:attachment":[{"href":"https:\/\/www.enerjigazetesi.ist\/en\/wp-json\/wp\/v2\/media?parent=1902"}],"wp:term":[{"taxonomy":"category","embeddable":true,"href":"https:\/\/www.enerjigazetesi.ist\/en\/wp-json\/wp\/v2\/categories?post=1902"},{"taxonomy":"post_tag","embeddable":true,"href":"https:\/\/www.enerjigazetesi.ist\/en\/wp-json\/wp\/v2\/tags?post=1902"}],"curies":[{"name":"wp","href":"https:\/\/api.w.org\/{rel}","templated":true}]}}