{"id":190185,"date":"2024-07-15T17:16:48","date_gmt":"2024-07-15T14:16:48","guid":{"rendered":"https:\/\/www.enerjigazetesi.ist\/?p=190185"},"modified":"2024-07-15T17:17:11","modified_gmt":"2024-07-15T14:17:11","slug":"citroen-ami-nin-yeni-versiyonu-my-ami-peps-online-olarak-satista","status":"publish","type":"post","link":"https:\/\/www.enerjigazetesi.ist\/en\/citroen-ami-nin-yeni-versiyonu-my-ami-peps-online-olarak-satista\/","title":{"rendered":"(Turkish) Citro\u00ebn Ami\u2019nin Yeni Versiyonu &#8216;My Ami Peps&#8217; Online Olarak Sat\u0131\u015fta&#8230;"},"content":{"rendered":"<p class=\"qtranxs-available-languages-message qtranxs-available-languages-message-en\">Sorry, this entry is only available in <a href=\"https:\/\/www.enerjigazetesi.ist\/tr\/wp-json\/wp\/v2\/posts\/190185\" class=\"qtranxs-available-language-link qtranxs-available-language-link-tr\" title=\"Turkish\">Turkish<\/a>. For the sake of viewer convenience, the content is shown below in the alternative language. You may click the link to switch the active language.<\/p><p><\/p>\n<h2><strong>Frans\u0131z otomotiv devi Citro\u00ebn, elektrikli mikromobilite alan\u0131nda dikkat \u00e7eken modeli Ami\u2019yi yeni g\u00fcncellemeler ve versiyonla geli\u015ftirmeye devam ediyor. D\u00f6rd\u00fcnc\u00fc y\u0131l\u0131nda da b\u00fcy\u00fck ilgiyle kar\u015f\u0131lanan Citro\u00ebn Ami, ona s\u0131cak, g\u00fc\u00e7l\u00fc ve \u00e7ekici bir g\u00f6r\u00fcn\u00fcm kazand\u0131ran yeni vizon rengine sahip Peps modeliyle yollara \u00e7\u0131kmaya ba\u015fl\u0131yor. B\u00f6ylece Citro\u00ebn, g\u00fcnl\u00fck hayat\u0131 kolayla\u015ft\u0131ran \u00f6zellikler d\u0131\u015f\u0131nda kontrast, grafik ve renk vurgular\u0131n\u0131 bir araya getirerek \u00e7ekici bir paket sunuyor. Lansmana \u00f6zel 409 bin TL\u2019den ba\u015flayan kampanyal\u0131 anahtar teslim fiyat\u0131yla dikkat \u00e7eken yeni Citro\u00ebn My Ami Peps, temmuz ay\u0131 itibar\u0131yla online olarak \u00fclkemizde de sat\u0131\u015fa sunuldu.<\/strong><\/h2>\n<p style=\"text-align: center;\"><img loading=\"lazy\" class=\"aligncenter wp-image-190187\" src=\"https:\/\/www.enerjigazetesi.ist\/wp-content\/uploads\/2024\/07\/citroen-ami-nin-yeni-versiyonu-my-ami-peps-online-olarak-satista.jpg\" alt=\"\" width=\"500\" height=\"351\" srcset=\"https:\/\/www.enerjigazetesi.ist\/wp-content\/uploads\/2024\/07\/citroen-ami-nin-yeni-versiyonu-my-ami-peps-online-olarak-satista.jpg 550w, https:\/\/www.enerjigazetesi.ist\/wp-content\/uploads\/2024\/07\/citroen-ami-nin-yeni-versiyonu-my-ami-peps-online-olarak-satista-300x211.jpg 300w, https:\/\/www.enerjigazetesi.ist\/wp-content\/uploads\/2024\/07\/citroen-ami-nin-yeni-versiyonu-my-ami-peps-online-olarak-satista-500x351.jpg 500w, https:\/\/www.enerjigazetesi.ist\/wp-content\/uploads\/2024\/07\/citroen-ami-nin-yeni-versiyonu-my-ami-peps-online-olarak-satista-71x50.jpg 71w\" sizes=\"(max-width: 500px) 100vw, 500px\" \/><\/p>\n<p>Konforu \u00f6n planda tutan yenilik\u00e7i ve y\u00fcksek teknolojili modelleriyle otomotiv tarihinin en k\u00f6kl\u00fc \u00fcreticilerinden olan Citro\u00ebn, e-mobilite alan\u0131ndaki yat\u0131r\u0131mlar\u0131yla sekt\u00f6rde ses getirmeye devam ediyor. Markan\u0131n \u015fehir i\u00e7indeki \u00e7evreci ve ula\u015f\u0131labilir mobilite \u00e7\u00f6z\u00fcm\u00fc olan Citro\u00ebn Ami, yeni donan\u0131m ve versiyonlar\u0131yla \u00fcr\u00fcn gam\u0131n\u0131 \u00e7e\u015fitlendiriyor. Markan\u0131n b\u00fcy\u00fck ilgi g\u00f6ren modelinin yeni versiyonu <strong>My Ami Peps<\/strong> temmuz ay\u0131 itibar\u0131yla online olarak sat\u0131\u015fa sunuldu.<\/p>\n<h3><strong>409 bin TL\u2019den Ba\u015flayan Fiyatlarla Online Sat\u0131\u015fta<\/strong><\/h3>\n<p>Pazara sunuldu\u011fu Nisan 2020\u2019den bu yana d\u00fcnyada b\u00fcy\u00fck ses getiren Citro\u00ebn Ami, yeni rengiyle yollara \u00e7\u0131kmaya ba\u015flad\u0131. Bu yeni renk, modelin benzersiz karakterini korurken, daha \u00e7ekici bir g\u00f6r\u00fcn\u00fcm ve g\u00fc\u00e7 kazand\u0131r\u0131yor. 4 y\u0131ll\u0131k s\u00fcre\u00e7te 14 pazarda toplamda yakla\u015f\u0131k 50 bin adetlik sat\u0131\u015fa ula\u015fan Citro\u00ebn Ami, kent i\u00e7i ve kent \u00e7evresindeki mobilite ihtiyac\u0131nda ya\u015fanan de\u011fi\u015fimi g\u00f6zler \u00f6n\u00fcne seriyor. Citro\u00ebn Ami, iki ki\u015filik, g\u00fcvenli, konforlu, uygun fiyatl\u0131 ve yenilik\u00e7i bir elektrikli ara\u00e7la mikro mobiliteye ve enerji ge\u00e7i\u015finin zorluklar\u0131na yan\u0131t veren bir \u00e7\u00f6z\u00fcm olarak \u00f6ne \u00e7\u0131k\u0131yor. \u00dcr\u00fcn gam\u0131na eklenen ve \u00fclkemizde lansmana \u00f6zel<strong> 409 bin TL\u2019den ba\u015flayan<\/strong> kampanyal\u0131 anahtar teslim fiyat\u0131yla dikkat \u00e7eken yeni Citro\u00ebn My Ami Peps, kontrast renkli dokunu\u015f ve grafiklerden olu\u015fan \u00e7ekici bir tarz d\u0131\u015f\u0131nda g\u00fcnl\u00fck ya\u015fam\u0131 kolayla\u015ft\u0131ran ak\u0131ll\u0131 aksesuarlara da sahip.<\/p>\n<h3><strong>Citro\u00ebn Ami Renk De\u011fi\u015ftirdi<\/strong><\/h3>\n<p>Ami, d\u00f6rd\u00fcnc\u00fc y\u0131l d\u00f6n\u00fcm\u00fcnde orijinal mavi rengine ek olarak yeni bir g\u00f6vde rengine kavu\u015ftu. Vizon ad\u0131 verilen yeni renk Ami&#8217;ye daha g\u00fc\u00e7l\u00fc ve \u00e7ekici bir g\u00f6r\u00fcn\u00fcm kazand\u0131r\u0131yor. Kahverengi ile gri aras\u0131nda bir tona sahip olan bu koyu renk, s\u0131cak ve do\u011fal tonlarla oynarken Ami&#8217;ye daha fazla derinlik ve kalite sa\u011fl\u0131yor. Bu, Ami ile sunulan farkl\u0131 renk animasyonlar\u0131 ve \u00e7\u0131kartmalarla m\u00fckemmel \u015fekilde e\u015fle\u015fen \u00e7ok y\u00f6nl\u00fc bir renk.<\/p>\n<h3><strong>Ami Ailesi Peps ile B\u00fcy\u00fcyor<\/strong><\/h3>\n<p>Citro\u00ebn, My Ami Peps ile \u00fcr\u00fcn gam\u0131n\u0131 daha da geli\u015ftiriyor. My Ami Peps, Ami&#8217;nin dinamik bir versiyonu olarak \u00f6ne \u00e7\u0131k\u0131yor. Trafi\u011fin ke\u015fmeke\u015finde ilerlerken, ayn\u0131 zamanda k\u00fc\u00e7\u00fck bir spor otomobili and\u0131r\u0131yor. Ayr\u0131ca kent kullan\u0131m\u0131na y\u00f6nelik sa\u011flaml\u0131k unsurlar\u0131n\u0131 da bar\u0131nd\u0131r\u0131yor. My Ami Peps versiyonu, \u00f6n cam\u0131n alt\u0131nda keskin sar\u0131 yatay \u00e7\u0131kartmalarla canland\u0131r\u0131lan siyah grafik bant d\u0131\u015f\u0131nda siyah far \u00e7er\u00e7eveleriyle olduk\u00e7a etkileyici bir \u00f6n cepheye sahip. Arka spoyler, beyaz s\u00fcslemeli d\u00f6rt yaprakl\u0131 \u00e7i\u00e7ek tasar\u0131m\u0131na sahip jant kapa\u011f\u0131, iki cam seviyesi \u00e7\u0131kartmas\u0131 ve iki kap\u0131 alt\u0131 \u00e7\u0131kartmas\u0131 dinamizmi ifade ediyor. Bu y\u00fcksek kontrastl\u0131 s\u00fcslemeler, son derece enerjik k\u0131z\u0131l\u00f6tesi k\u0131rm\u0131z\u0131 ve \u00e7arp\u0131c\u0131 sar\u0131 gibi parlak renklere dayan\u0131yor. Ayn\u0131 zamanda video oyunlar\u0131 d\u00fcnyas\u0131n\u0131 hat\u0131rlatan farkl\u0131 geometrik \u015fekilleri \u00f6ne \u00e7\u0131kar\u0131yor. 2 say\u0131s\u0131 yar\u0131\u015f otomobillerinde bulunan say\u0131ya bir g\u00f6nderme niteli\u011fini ta\u015f\u0131yor. Cam seviyesinde, yar\u0131s\u0131 tam di\u011fer yar\u0131s\u0131 filigran \u015feklinde daire, grafik tasar\u0131m\u0131 g\u00fc\u00e7lendiriyor ve yuvarlak farlar\u0131n yan\u0131 s\u0131ra otomobilin yuvarlak \u015fekillerini de yans\u0131t\u0131yor. Bu, kap\u0131lar\u0131n alt k\u0131sm\u0131ndaki kaps\u00fcl\u00fcn \u00fczerinde yer alan daire ile tekrar ediliyor. Kaps\u00fcl\u00fcn alt k\u0131sm\u0131ndaki \u015feritler, Citro\u00ebn logosunun \u00e7ift \u015feridini and\u0131r\u0131yor ve siyah \u00f6n bant \u00fczerine zarif bir \u015fekilde yerle\u015ftirilen motiflerle uyum sergileyerek ayr\u0131nt\u0131ya g\u00f6sterilen \u00f6zeni vurguluyor.<\/p>\n<h3><strong>G\u00fcnl\u00fck Hayat\u0131 Kolayla\u015ft\u0131ran Fonksiyonel \u00c7\u00f6z\u00fcmler<\/strong><\/h3>\n<p>My Ami Peps kullan\u0131c\u0131lar\u0131; ak\u0131ll\u0131 telefon klipsi, turuncu \u015feritle hareketlendirilmi\u015f kap\u0131 fileleri, ortada ay\u0131rma filesi, sar\u0131 \u00e7anta kancas\u0131, \u00fc\u00e7 turuncu saklama kutusu gibi g\u00fcnl\u00fck hayat\u0131 kolayla\u015ft\u0131ran fonksiyonel aksesuarlar\u0131n keyfini s\u00fcrebiliyor. \u0130\u00e7 mekan ayr\u0131ca iki adet kap\u0131 a\u00e7ma kay\u0131\u015f\u0131 ve paspaslardaki turuncu diki\u015flerle hareketlendirilmi\u015f durumda. <strong>\u201cMy Connect box\u201d<\/strong> ba\u011flant\u0131 \u00fcnitesi, kullan\u0131c\u0131n\u0131n ak\u0131ll\u0131 telefonunu Ami&#8217;ye ba\u011flayarak mevcut menzil, kilometre, bak\u0131m bildirimleri gibi verilere eri\u015fmesine olanak tan\u0131yor. My Ami Play aray\u00fcz\u00fc, bilgi-e\u011flence \u00e7\u00f6z\u00fcm\u00fc olarak ak\u0131ll\u0131 telefonu navigasyon, m\u00fczik, radyo veya telefon \u00e7a\u011fr\u0131lar\u0131na h\u0131zl\u0131 eri\u015fim sa\u011flayan bir kontrol paneline d\u00f6n\u00fc\u015ft\u00fcr\u00fcyor. B\u00f6ylece kullan\u0131c\u0131 g\u00f6z\u00fcn\u00fc yoldan ay\u0131rmadan g\u00fcvenli bir \u015fekilde s\u00fcr\u00fc\u015f yaparken, direksiyon \u00fczerinde konumland\u0131r\u0131lan <strong>Citro\u00ebn Switch d\u00fc\u011fmesiyle<\/strong> i\u015flevleri uzaktan y\u00f6netiyor.<\/p>","protected":false},"excerpt":{"rendered":"<p>Sorry, this entry is only available in Turkish. For the sake of viewer convenience, the content is shown below in the alternative language. You may click the link to switch the active language. Frans\u0131z otomotiv devi Citro\u00ebn, elektrikli mikromobilite alan\u0131nda dikkat \u00e7eken modeli Ami\u2019yi yeni g\u00fcncellemeler ve versiyonla geli\u015ftirmeye devam ediyor. D\u00f6rd\u00fcnc\u00fc y\u0131l\u0131nda da b\u00fcy\u00fck [&hellip;]<\/p>\n","protected":false},"author":1,"featured_media":190187,"comment_status":"open","ping_status":"open","sticky":false,"template":"","format":"standard","meta":[],"categories":[51,53],"tags":[40119,101853,114587,18158,215,114586,1270],"views":52,"_links":{"self":[{"href":"https:\/\/www.enerjigazetesi.ist\/en\/wp-json\/wp\/v2\/posts\/190185"}],"collection":[{"href":"https:\/\/www.enerjigazetesi.ist\/en\/wp-json\/wp\/v2\/posts"}],"about":[{"href":"https:\/\/www.enerjigazetesi.ist\/en\/wp-json\/wp\/v2\/types\/post"}],"author":[{"embeddable":true,"href":"https:\/\/www.enerjigazetesi.ist\/en\/wp-json\/wp\/v2\/users\/1"}],"replies":[{"embeddable":true,"href":"https:\/\/www.enerjigazetesi.ist\/en\/wp-json\/wp\/v2\/comments?post=190185"}],"version-history":[{"count":0,"href":"https:\/\/www.enerjigazetesi.ist\/en\/wp-json\/wp\/v2\/posts\/190185\/revisions"}],"wp:featuredmedia":[{"embeddable":true,"href":"https:\/\/www.enerjigazetesi.ist\/en\/wp-json\/wp\/v2\/media\/190187"}],"wp:attachment":[{"href":"https:\/\/www.enerjigazetesi.ist\/en\/wp-json\/wp\/v2\/media?parent=190185"}],"wp:term":[{"taxonomy":"category","embeddable":true,"href":"https:\/\/www.enerjigazetesi.ist\/en\/wp-json\/wp\/v2\/categories?post=190185"},{"taxonomy":"post_tag","embeddable":true,"href":"https:\/\/www.enerjigazetesi.ist\/en\/wp-json\/wp\/v2\/tags?post=190185"}],"curies":[{"name":"wp","href":"https:\/\/api.w.org\/{rel}","templated":true}]}}