{"id":190116,"date":"2024-07-12T16:26:13","date_gmt":"2024-07-12T13:26:13","guid":{"rendered":"https:\/\/www.enerjigazetesi.ist\/?p=190116"},"modified":"2024-07-12T16:26:13","modified_gmt":"2024-07-12T13:26:13","slug":"oedas-tan-enerji-sektorune-yerli-yazilim-hizmeti","status":"publish","type":"post","link":"https:\/\/www.enerjigazetesi.ist\/en\/oedas-tan-enerji-sektorune-yerli-yazilim-hizmeti\/","title":{"rendered":"(Turkish) &#8217;OEDA\u015e&#8217;tan Enerji Sekt\u00f6r\u00fcne Yerli Yaz\u0131l\u0131m Hizmeti"},"content":{"rendered":"<p class=\"qtranxs-available-languages-message qtranxs-available-languages-message-en\">Sorry, this entry is only available in <a href=\"https:\/\/www.enerjigazetesi.ist\/tr\/wp-json\/wp\/v2\/posts\/190116\" class=\"qtranxs-available-language-link qtranxs-available-language-link-tr\" title=\"Turkish\">Turkish<\/a>. For the sake of viewer convenience, the content is shown below in the alternative language. You may click the link to switch the active language.<\/p><p><\/p>\n<h2><strong>Gelece\u011fin ak\u0131ll\u0131 enerji sistemleri \u00fczerine \u00e7al\u0131\u015fan elektrik da\u011f\u0131t\u0131m \u015firketi OEDA\u015e\u2019\u0131n Ar-Ge departman\u0131 taraf\u0131ndan haz\u0131rlanan 6 proje EPDK taraf\u0131ndan kabul edildi. \u015eirket, ikisi yerli yaz\u0131l\u0131m ekosistemleri projesi olmak \u00fczere d\u00f6rt projede y\u00fcr\u00fct\u00fcc\u00fc, iki projede de payda\u015f olarak yer ald\u0131. Elektrik da\u011f\u0131t\u0131m \u015firketleri aras\u0131nda en \u00e7ok proje kabul\u00fc alan \u015firketlerden biri olduklar\u0131n\u0131 s\u00f6yleyen OEDA\u015e Ar-Ge M\u00fcd\u00fcr\u00fc Ural Hala\u00e7o\u011flu, <em>\u201cKabul edilen iki yaz\u0131l\u0131m projemiz hem t\u00fcketicilerimize daha verimli ve g\u00fcvenilir hizmet sunma hem de \u00fclkemizin enerji altyap\u0131s\u0131ndaki yerlilik oran\u0131n\u0131n g\u00fc\u00e7lendirilmesi a\u00e7\u0131s\u0131ndan \u00f6nem te\u015fkil ediyor\u201d<\/em> dedi.<\/strong><\/h2>\n<p style=\"text-align: center;\"><img loading=\"lazy\" class=\"aligncenter wp-image-190120\" src=\"https:\/\/www.enerjigazetesi.ist\/wp-content\/uploads\/2024\/07\/OEDAS_Gorsel.jpg\" alt=\"\" width=\"500\" height=\"119\" srcset=\"https:\/\/www.enerjigazetesi.ist\/wp-content\/uploads\/2024\/07\/OEDAS_Gorsel.jpg 550w, https:\/\/www.enerjigazetesi.ist\/wp-content\/uploads\/2024\/07\/OEDAS_Gorsel-300x71.jpg 300w, https:\/\/www.enerjigazetesi.ist\/wp-content\/uploads\/2024\/07\/OEDAS_Gorsel-500x119.jpg 500w, https:\/\/www.enerjigazetesi.ist\/wp-content\/uploads\/2024\/07\/OEDAS_Gorsel-80x19.jpg 80w\" sizes=\"(max-width: 500px) 100vw, 500px\" \/><\/p>\n<p>Afyonkarahisar, Bilecik, Eski\u015fehir, K\u00fctahya ve U\u015fak\u2019ta yakla\u015f\u0131k 3 milyon ki\u015finin hayat\u0131na dokunan elektrik da\u011f\u0131t\u0131m \u015firketi <strong>Osmangazi Elektrik Da\u011f\u0131t\u0131m A\u015e (OEDA\u015e)<\/strong>, <strong>Enerji Piyasalar\u0131 D\u00fczenleme Kurumu&#8217;na (EPDK)<\/strong> yapt\u0131\u011f\u0131 proje ba\u015fvurular\u0131nda b\u00fcy\u00fck bir ba\u015far\u0131ya imza att\u0131. \u0130kisi yerli yaz\u0131l\u0131m ekosistemleri projesi olmak \u00fczere d\u00f6rt projede y\u00fcr\u00fct\u00fcc\u00fc, iki projede de payda\u015f olarak yer alan OEDA\u015e, T\u00fcrkiye genelindeki 21 elektrik da\u011f\u0131t\u0131m \u015firketi aras\u0131nda en \u00e7ok proje kabul\u00fc alan \u015firketlerden biri oldu.<\/p>\n<h3><strong>Ural Hala\u00e7o\u011flu: \u201c\u00dclkemizin Enerji Altyap\u0131s\u0131na Hizmet Ediyoruz\u201d<\/strong><\/h3>\n<div id=\"attachment_190119\" style=\"width: 510px\" class=\"wp-caption aligncenter\"><img aria-describedby=\"caption-attachment-190119\" loading=\"lazy\" class=\"wp-image-190119\" src=\"https:\/\/www.enerjigazetesi.ist\/wp-content\/uploads\/2024\/07\/OEDAS-Ar-Ge-Muduru-Ural-Halacoglu-.jpg\" alt=\"\" width=\"500\" height=\"334\" srcset=\"https:\/\/www.enerjigazetesi.ist\/wp-content\/uploads\/2024\/07\/OEDAS-Ar-Ge-Muduru-Ural-Halacoglu-.jpg 550w, https:\/\/www.enerjigazetesi.ist\/wp-content\/uploads\/2024\/07\/OEDAS-Ar-Ge-Muduru-Ural-Halacoglu--300x200.jpg 300w, https:\/\/www.enerjigazetesi.ist\/wp-content\/uploads\/2024\/07\/OEDAS-Ar-Ge-Muduru-Ural-Halacoglu--500x334.jpg 500w, https:\/\/www.enerjigazetesi.ist\/wp-content\/uploads\/2024\/07\/OEDAS-Ar-Ge-Muduru-Ural-Halacoglu--75x50.jpg 75w, https:\/\/www.enerjigazetesi.ist\/wp-content\/uploads\/2024\/07\/OEDAS-Ar-Ge-Muduru-Ural-Halacoglu--450x300.jpg 450w\" sizes=\"(max-width: 500px) 100vw, 500px\" \/><p id=\"caption-attachment-190119\" class=\"wp-caption-text\">OEDA\u015e Ar-Ge M\u00fcd\u00fcr\u00fc Ural Hala\u00e7o\u011flu<\/p><\/div>\n<p><strong>OEDA\u015e Ar-Ge M\u00fcd\u00fcr\u00fc Ural Hala\u00e7o\u011flu<\/strong>, EPDK taraf\u0131ndan kabul edilen yerli yaz\u0131l\u0131m projeleri ve departman\u0131n \u00e7al\u0131\u015fmalar\u0131 hakk\u0131nda bilgi verdi. Gelece\u011fin enerji sistemlerine y\u00f6nelik hem kendi b\u00fcnyelerinde hem de ulusal ve uluslararas\u0131 projelerde \u00e7e\u015fitli \u00e7al\u0131\u015fmalar y\u00fcr\u00fctt\u00fcklerini s\u00f6yleyen <strong>Hala\u00e7o\u011flu<\/strong>, <em>\u201c\u0130kisi de kendi b\u00fcnyemizde geli\u015ftirdi\u011fimiz, y\u00fczde 100 yerli yaz\u0131l\u0131m olan <strong>Entegre Kesinti Y\u00f6netim Sistemi Projesi (E-KEYS)<\/strong> ve <strong>Bilgi Teknolojileri Servis Y\u00f6netim Sistemi Projesi (BTSYS)<\/strong> EPDK taraf\u0131ndan kabul ald\u0131. Projelerimizin kabul edilmesi, yaln\u0131zca \u015firketimizin de\u011fil, ayn\u0131 zamanda \u00fclkemizin enerji altyap\u0131s\u0131na hizmet edecek yaz\u0131l\u0131m ve sistemlerin \u00e7e\u015fitlili\u011finin ve yerlilik oran\u0131n\u0131n g\u00fc\u00e7lendirilmesi a\u00e7\u0131s\u0131ndan da \u00f6nem te\u015fkil ediyor. Bu sonu\u00e7 ayn\u0131 zamanda yenilik\u00e7i \u00e7\u00f6z\u00fcmler ve teknoloji konular\u0131nda do\u011fru yolda oldu\u011fumuzun bir g\u00f6stergesi olarak t\u00fcm ekibimiz i\u00e7in b\u00fcy\u00fck bir motivasyon kayna\u011f\u0131.\u201d<\/em> dedi.<\/p>\n<h3><strong>\u201cYerli Yaz\u0131l\u0131mlar\u0131m\u0131z ile Verimlili\u011fi Art\u0131raca\u011f\u0131z\u201d <\/strong><\/h3>\n<p>Avrupa Birli\u011fi ve T\u00dcB\u0130TAK destekli projelerde edindikleri bilgi, birikim ve tecr\u00fcbeyi EPDK taraf\u0131ndan sunulan desteklerle per\u00e7inleyeceklerini ifade eden <strong>Hala\u00e7o\u011flu<\/strong> \u015f\u00f6yle devam etti; <em>\u201cYerli yaz\u0131l\u0131m projelerimiz, bilgi teknolojilerinden maksimum fayda elde edilmesi ve da\u011f\u0131t\u0131m \u015firketlerine ait kesinti y\u00f6netim s\u00fcre\u00e7leri i\u00e7in b\u00fcy\u00fck bir verimlilik sa\u011flayacak. B\u00f6ylelikle OEDA\u015e olarak t\u00fcketicilerimize daha verimli ve g\u00fcvenilir hizmet sunma hedefimizi bir ad\u0131m daha ileriye ta\u015f\u0131yaca\u011f\u0131z.\u201d<\/em><\/p>\n<p><strong>Hala\u00e7o\u011flu<\/strong>, EPDK onayl\u0131 projelerin yan\u0131 s\u0131ra <em>yenilenebilir enerji kaynaklar\u0131, elektrikli ara\u00e7lar ve \u015farj istasyonlar\u0131, mikro \u015febeke ve depolama sistemleri, IoT, bilgi ve haberle\u015fme teknolojileri, yapay zek\u00e2, b\u00fcy\u00fck veri ve siber g\u00fcvenlik<\/em> alanlar\u0131nda \u00e7al\u0131\u015ft\u0131klar\u0131n\u0131 a\u00e7\u0131klad\u0131.<\/p>\n<h3><strong>E-KEYS ile Kesinti Y\u00f6netim S\u00fcreci U\u00e7tan Uca \u0130zlenecek<\/strong><\/h3>\n<p>OEDA\u015e\u2019\u0131n geli\u015ftirdi\u011fi yerli yaz\u0131l\u0131m projesi E-KEYS, Co\u011frafi Bilgi Sistemi altyap\u0131s\u0131na sahip \u015febekeyi ve \u015febeke anahtar konumlar\u0131n\u0131 e\u015f zamanl\u0131 olarak dahili \u015febeke ba\u011flant\u0131 modeline aktaracak. Kanallardan gelen sinyalleri ve ihbarlar\u0131 ger\u00e7ek \u015febeke ba\u011flant\u0131sall\u0131\u011f\u0131na g\u00f6re koordine edecek ve bu s\u00fcre\u00e7te etkilenen aboneleri do\u011fru tespit edebilecek. Bu sayede da\u011f\u0131t\u0131m \u015firketlerine ait kesinti y\u00f6netim s\u00fcre\u00e7leri u\u00e7tan uca izlenebilecek.<\/p>\n<h3><strong>BTSYS ile Bilgi Teknolojileri Kaynaklar\u0131ndan Maksimum Fayda <\/strong><\/h3>\n<p>OEDA\u015e\u2019\u0131n ikinci yerli projesi olan <strong>BTSYS<\/strong> kapsam\u0131nda ise i\u015f s\u00fcre\u00e7lerinde enerji da\u011f\u0131t\u0131m \u015firketlerinin ihtiya\u00e7 duydu\u011fu <strong>bilgi teknolojileri kaynaklar\u0131ndan maksimum faydan\u0131n elde edilmesi<\/strong> ama\u00e7lan\u0131yor. Proje ile bu kaynaklar aras\u0131ndaki entegrasyon ve orkestrasyon sa\u011flanacak.<\/p>","protected":false},"excerpt":{"rendered":"<p>Sorry, this entry is only available in Turkish. For the sake of viewer convenience, the content is shown below in the alternative language. You may click the link to switch the active language. Gelece\u011fin ak\u0131ll\u0131 enerji sistemleri \u00fczerine \u00e7al\u0131\u015fan elektrik da\u011f\u0131t\u0131m \u015firketi OEDA\u015e\u2019\u0131n Ar-Ge departman\u0131 taraf\u0131ndan haz\u0131rlanan 6 proje EPDK taraf\u0131ndan kabul edildi. \u015eirket, ikisi [&hellip;]<\/p>\n","protected":false},"author":1,"featured_media":190119,"comment_status":"open","ping_status":"open","sticky":false,"template":"","format":"standard","meta":[],"categories":[51,53],"tags":[114559,114556,114558,9749,7471,114557],"views":29,"_links":{"self":[{"href":"https:\/\/www.enerjigazetesi.ist\/en\/wp-json\/wp\/v2\/posts\/190116"}],"collection":[{"href":"https:\/\/www.enerjigazetesi.ist\/en\/wp-json\/wp\/v2\/posts"}],"about":[{"href":"https:\/\/www.enerjigazetesi.ist\/en\/wp-json\/wp\/v2\/types\/post"}],"author":[{"embeddable":true,"href":"https:\/\/www.enerjigazetesi.ist\/en\/wp-json\/wp\/v2\/users\/1"}],"replies":[{"embeddable":true,"href":"https:\/\/www.enerjigazetesi.ist\/en\/wp-json\/wp\/v2\/comments?post=190116"}],"version-history":[{"count":0,"href":"https:\/\/www.enerjigazetesi.ist\/en\/wp-json\/wp\/v2\/posts\/190116\/revisions"}],"wp:featuredmedia":[{"embeddable":true,"href":"https:\/\/www.enerjigazetesi.ist\/en\/wp-json\/wp\/v2\/media\/190119"}],"wp:attachment":[{"href":"https:\/\/www.enerjigazetesi.ist\/en\/wp-json\/wp\/v2\/media?parent=190116"}],"wp:term":[{"taxonomy":"category","embeddable":true,"href":"https:\/\/www.enerjigazetesi.ist\/en\/wp-json\/wp\/v2\/categories?post=190116"},{"taxonomy":"post_tag","embeddable":true,"href":"https:\/\/www.enerjigazetesi.ist\/en\/wp-json\/wp\/v2\/tags?post=190116"}],"curies":[{"name":"wp","href":"https:\/\/api.w.org\/{rel}","templated":true}]}}