{"id":190102,"date":"2024-07-12T15:46:03","date_gmt":"2024-07-12T12:46:03","guid":{"rendered":"https:\/\/www.enerjigazetesi.ist\/?p=190102"},"modified":"2024-07-12T15:55:49","modified_gmt":"2024-07-12T12:55:49","slug":"karsan-a-brands-review-magazine-awards-tan-4-odul-birden","status":"publish","type":"post","link":"https:\/\/www.enerjigazetesi.ist\/en\/karsan-a-brands-review-magazine-awards-tan-4-odul-birden\/","title":{"rendered":"(Turkish) &#8217;Karsan&#8217;a Brands Review Magazine Awards\u2019tan 4 \u00d6d\u00fcl Birden!"},"content":{"rendered":"<p class=\"qtranxs-available-languages-message qtranxs-available-languages-message-en\">Sorry, this entry is only available in <a href=\"https:\/\/www.enerjigazetesi.ist\/tr\/wp-json\/wp\/v2\/posts\/190102\" class=\"qtranxs-available-language-link qtranxs-available-language-link-tr\" title=\"Turkish\">Turkish<\/a>. For the sake of viewer convenience, the content is shown below in the alternative language. You may click the link to switch the active language.<\/p><p><\/p>\n<h2><strong>Avrupa ba\u015fta olmak \u00fczere d\u00fcnyada toplu ula\u015f\u0131m\u0131n elektrikli ve otonom d\u00f6n\u00fc\u015f\u00fcm\u00fcnde \u00f6nc\u00fc rol oynayan Karsan, ba\u015far\u0131lar\u0131n\u0131 global \u00f6d\u00fcllerle ta\u00e7land\u0131rmaya devam ediyor. Bu kapsamda Karsan, Brands Review Magazine\u2019den 4 adet \u00f6d\u00fcl birden kazand\u0131. Geli\u015ftirdi\u011fi y\u00fcksek teknolojiye sahip \u00e7evreci modelleriyle dikkat \u00e7eken Karsan, Brands Review Magazine Awards taraf\u0131ndan \u201cAvrupa End\u00fcstriyel \u0130novasyon ve M\u00fckemmellik\u201d, \u201cAvrupa Tam \u00dcr\u00fcn Gam\u0131 Elektrikli Ara\u00e7 \u00dcreticisi\u201d ve \u201cK\u00fcresel Ula\u015f\u0131m \u00c7\u00f6z\u00fcmleri Yenilik\u00e7isi\u201d se\u00e7ilerek \u00f6d\u00fcllendirildi.<\/strong> <strong>Karsan ayr\u0131ca, Japonya pazar\u0131na giri\u015f yapt\u0131\u011f\u0131 sa\u011fdan direksiyonlu e-JEST modeliyle de \u00f6d\u00fcle lay\u0131k g\u00f6r\u00fcld\u00fc. Bu kapsamda Karsan e-JEST, Japonya\u2019n\u0131n S\u00fcrd\u00fcr\u00fclebilir Mobilite \u00d6nc\u00fcs\u00fc olarak zirvede yer ald\u0131.<\/strong><\/h2>\n<p style=\"text-align: center;\"><img loading=\"lazy\" class=\"aligncenter wp-image-190106\" src=\"https:\/\/www.enerjigazetesi.ist\/wp-content\/uploads\/2024\/07\/karsan-a-brands-review-magazine-awards-tan-4-odul-birden.jpg\" alt=\"\" width=\"500\" height=\"347\" srcset=\"https:\/\/www.enerjigazetesi.ist\/wp-content\/uploads\/2024\/07\/karsan-a-brands-review-magazine-awards-tan-4-odul-birden.jpg 550w, https:\/\/www.enerjigazetesi.ist\/wp-content\/uploads\/2024\/07\/karsan-a-brands-review-magazine-awards-tan-4-odul-birden-300x208.jpg 300w, https:\/\/www.enerjigazetesi.ist\/wp-content\/uploads\/2024\/07\/karsan-a-brands-review-magazine-awards-tan-4-odul-birden-500x347.jpg 500w, https:\/\/www.enerjigazetesi.ist\/wp-content\/uploads\/2024\/07\/karsan-a-brands-review-magazine-awards-tan-4-odul-birden-72x50.jpg 72w\" sizes=\"(max-width: 500px) 100vw, 500px\" \/><\/p>\n<p>Gelece\u011fin teknolojilerini bug\u00fcne ta\u015f\u0131yan ve \u00f6nc\u00fc hamleleri ile sekt\u00f6re y\u00f6n veren Karsan, yenilik\u00e7i yakla\u015f\u0131m\u0131 ve e-mobilite \u00e7\u00f6z\u00fcmleri ile global boyutta \u00f6d\u00fcllendirilmeye devam ediyor. \u00dcretti\u011fi modellerle Avrupa ba\u015fta olmak \u00fczere d\u00fcnyada ula\u015f\u0131m altyap\u0131s\u0131n\u0131n d\u00f6n\u00fc\u015f\u00fcm\u00fcnde \u00f6nc\u00fc rol \u00fcstlenen Karsan, iddial\u0131 \u00fcr\u00fcnler ve hizmetleriyle kazand\u0131\u011f\u0131 \u00f6d\u00fcllere yenilerini ekledi. Bu kapsamda Karsan, Brands Review Magazine\u2019den 4 adet \u00f6d\u00fcl birden kazand\u0131.<\/p>\n<h3><strong>D\u00fcnyan\u0131n En B\u00fcy\u00fck E-Mobilite Markalar\u0131 Aras\u0131nda<\/strong><\/h3>\n<p>Avrupa\u2019n\u0131n 6 metreden 18 metreye kadar full elektrikli \u00fcr\u00fcn gam\u0131na sahip ilk ve tek markas\u0131 olan Karsan, geli\u015fmi\u015f \u00fcr\u00fcnleri ve s\u00fcrd\u00fcr\u00fclebilir \u00fcretim yap\u0131s\u0131yla pazar\u0131n zirvesinde yer al\u0131yor. <strong>Karsan e-JEST<\/strong> ve <strong>e-ATAK<\/strong>, Avrupa\u2019da segmentlerinin 4 y\u0131l \u00fcst \u00fcste en fazla tercih edilen modelleri olarak \u00f6ne \u00e7\u0131kmaya devam ediyor. <strong>Elektrik, otonom ve hidrojen<\/strong> olmak \u00fczere <strong>3 teknolojiyi birden<\/strong> \u00fcretebilen ve kullan\u0131c\u0131lar\u0131n hizmetine sunan Karsan,<strong> d\u00fcnyan\u0131n en b\u00fcy\u00fck e-mobilite \u015firketleri aras\u0131nda<\/strong> h\u0131zla y\u00fckseli\u015fini s\u00fcrd\u00fcr\u00fcyor. Geli\u015ftirdi\u011fi y\u00fcksek teknolojiye sahip \u00e7evreci modelleriyle dikkat \u00e7eken Karsan,\u00a0 Brands Review Magazine Awards taraf\u0131ndan <strong>\u201cAvrupa End\u00fcstriyel \u0130novasyon ve M\u00fckemmellik\u201d, \u201cAvrupa Tam \u00dcr\u00fcn Gam\u0131 Elektrikli Ara\u00e7 \u00dcreticisi\u201d ve \u201cK\u00fcresel Ula\u015f\u0131m \u00c7\u00f6z\u00fcmleri Yenilik\u00e7isi\u201d<\/strong> se\u00e7ilerek \u00f6d\u00fcllendirildi. Marka, toplu ta\u015f\u0131mada \u00f6nc\u00fc bir konumda yer alarak, s\u00fcrd\u00fcr\u00fclebilir bir gelecek i\u00e7in \u00fcst d\u00fczey elektrikli ara\u00e7lar ve yenilik\u00e7i \u00e7\u00f6z\u00fcmler sunmaya devam etmeyi hedefliyor.<\/p>\n<h3><strong>Japonya\u2019n\u0131n \u0130lk Avrupal\u0131 Elektrikli Otob\u00fcs Markas\u0131 Oldu<\/strong><\/h3>\n<p>Karsan ayr\u0131ca, Aral\u0131k 2023\u2019de Tokyo\u2019daki lansman\u0131nda tan\u0131tt\u0131\u011f\u0131 <strong>sa\u011fdan direksiyonlu %100 elektrikli 6 metrelik e-JEST modeliyle<\/strong> de \u00f6d\u00fcle lay\u0131k g\u00f6r\u00fcld\u00fc. Bu kapsamda Karsan e-JEST, <strong>\u201cJaponya\u2019n\u0131n S\u00fcrd\u00fcr\u00fclebilir Mobilite \u00d6nc\u00fcs\u00fc\u201d<\/strong> olarak \u00f6d\u00fcllendirildi. Japonya\u2019daki distrib\u00fct\u00f6r\u00fc <strong>ALTECH<\/strong> ile<strong> Japonya pazar\u0131na<\/strong> giren ilk Avrupal\u0131 <strong>elektrikli otob\u00fcs \u00fcreticisi<\/strong> olan Karsan, yenilik\u00e7i ve \u00e7evre dostu teknolojileriyle sekt\u00f6re \u00f6nc\u00fcl\u00fck etmeye devam ediyor.<\/p>","protected":false},"excerpt":{"rendered":"<p>Sorry, this entry is only available in Turkish. For the sake of viewer convenience, the content is shown below in the alternative language. You may click the link to switch the active language. Avrupa ba\u015fta olmak \u00fczere d\u00fcnyada toplu ula\u015f\u0131m\u0131n elektrikli ve otonom d\u00f6n\u00fc\u015f\u00fcm\u00fcnde \u00f6nc\u00fc rol oynayan Karsan, ba\u015far\u0131lar\u0131n\u0131 global \u00f6d\u00fcllerle ta\u00e7land\u0131rmaya devam ediyor. Bu [&hellip;]<\/p>\n","protected":false},"author":1,"featured_media":190106,"comment_status":"open","ping_status":"open","sticky":false,"template":"","format":"standard","meta":[],"categories":[51,53],"tags":[114549,98868,18158,57440,105694,108940,36151,111122,10275,112842],"views":17,"_links":{"self":[{"href":"https:\/\/www.enerjigazetesi.ist\/en\/wp-json\/wp\/v2\/posts\/190102"}],"collection":[{"href":"https:\/\/www.enerjigazetesi.ist\/en\/wp-json\/wp\/v2\/posts"}],"about":[{"href":"https:\/\/www.enerjigazetesi.ist\/en\/wp-json\/wp\/v2\/types\/post"}],"author":[{"embeddable":true,"href":"https:\/\/www.enerjigazetesi.ist\/en\/wp-json\/wp\/v2\/users\/1"}],"replies":[{"embeddable":true,"href":"https:\/\/www.enerjigazetesi.ist\/en\/wp-json\/wp\/v2\/comments?post=190102"}],"version-history":[{"count":1,"href":"https:\/\/www.enerjigazetesi.ist\/en\/wp-json\/wp\/v2\/posts\/190102\/revisions"}],"predecessor-version":[{"id":190103,"href":"https:\/\/www.enerjigazetesi.ist\/en\/wp-json\/wp\/v2\/posts\/190102\/revisions\/190103"}],"wp:featuredmedia":[{"embeddable":true,"href":"https:\/\/www.enerjigazetesi.ist\/en\/wp-json\/wp\/v2\/media\/190106"}],"wp:attachment":[{"href":"https:\/\/www.enerjigazetesi.ist\/en\/wp-json\/wp\/v2\/media?parent=190102"}],"wp:term":[{"taxonomy":"category","embeddable":true,"href":"https:\/\/www.enerjigazetesi.ist\/en\/wp-json\/wp\/v2\/categories?post=190102"},{"taxonomy":"post_tag","embeddable":true,"href":"https:\/\/www.enerjigazetesi.ist\/en\/wp-json\/wp\/v2\/tags?post=190102"}],"curies":[{"name":"wp","href":"https:\/\/api.w.org\/{rel}","templated":true}]}}