{"id":190098,"date":"2024-07-12T15:30:05","date_gmt":"2024-07-12T12:30:05","guid":{"rendered":"https:\/\/www.enerjigazetesi.ist\/?p=190098"},"modified":"2024-07-12T15:38:19","modified_gmt":"2024-07-12T12:38:19","slug":"akilli-sistemlerle-yuzde-60-elektrik-tasarrufu-saglanabilir","status":"publish","type":"post","link":"https:\/\/www.enerjigazetesi.ist\/en\/akilli-sistemlerle-yuzde-60-elektrik-tasarrufu-saglanabilir\/","title":{"rendered":"(Turkish) Ak\u0131ll\u0131 Sistemlerle Y\u00fczde 60 Elektrik Tasarrufu Sa\u011flanabilir"},"content":{"rendered":"<p class=\"qtranxs-available-languages-message qtranxs-available-languages-message-en\">Sorry, this entry is only available in <a href=\"https:\/\/www.enerjigazetesi.ist\/tr\/wp-json\/wp\/v2\/posts\/190098\" class=\"qtranxs-available-language-link qtranxs-available-language-link-tr\" title=\"Turkish\">Turkish<\/a>. For the sake of viewer convenience, the content is shown below in the alternative language. You may click the link to switch the active language.<\/p><p><\/p>\n<h2>Birle\u015fmi\u015f Milletler \u00c7evre Program\u0131&#8217;n\u0131n (UNEP) raporuna g\u00f6re, d\u00fcnya \u00e7ap\u0131nda elektrik t\u00fcketiminin yakla\u015f\u0131k <strong>y\u00fczde 20<\/strong>&#8216;si ayd\u0131nlatma sistemlerinden kaynaklan\u0131yor. <strong>Ti<\/strong>cari ayd\u0131nlatma sistemleri ise bu toplamdan <strong>y\u00fczde 50\u00a0<\/strong>pay al\u0131yor. Ancak\u00a0ak\u0131ll\u0131 bir ticari ayd\u0131nlatma kontrol sistemi ile t\u00fcketilen enerjinin <strong>y\u00fczde 60\u2019\u0131ndan<\/strong> tasarruf sa\u011flanabiliyor. <strong>\u00dc\u00e7ay M\u00fchendislik Elektrik Grup Koordinat\u00f6r\u00fc <\/strong><strong>Haydar \u00c7atalba\u015fl\u0131, <\/strong>ticari ayd\u0131nlatma tasar\u0131m\u0131n\u0131n \u00f6nemini ve ayd\u0131nlatma tasar\u0131m\u0131 kapsam\u0131nda yap\u0131lmas\u0131 gerekenleri payla\u015ft\u0131.<\/h2>\n<div id=\"attachment_190100\" style=\"width: 510px\" class=\"wp-caption aligncenter\"><img aria-describedby=\"caption-attachment-190100\" loading=\"lazy\" class=\"wp-image-190100\" src=\"https:\/\/www.enerjigazetesi.ist\/wp-content\/uploads\/2024\/07\/akilli-sistemlerle-yuzde-60-elektrik-tasarrufu-saglanabilir.jpg\" alt=\"\" width=\"500\" height=\"383\" srcset=\"https:\/\/www.enerjigazetesi.ist\/wp-content\/uploads\/2024\/07\/akilli-sistemlerle-yuzde-60-elektrik-tasarrufu-saglanabilir.jpg 550w, https:\/\/www.enerjigazetesi.ist\/wp-content\/uploads\/2024\/07\/akilli-sistemlerle-yuzde-60-elektrik-tasarrufu-saglanabilir-300x230.jpg 300w, https:\/\/www.enerjigazetesi.ist\/wp-content\/uploads\/2024\/07\/akilli-sistemlerle-yuzde-60-elektrik-tasarrufu-saglanabilir-500x383.jpg 500w, https:\/\/www.enerjigazetesi.ist\/wp-content\/uploads\/2024\/07\/akilli-sistemlerle-yuzde-60-elektrik-tasarrufu-saglanabilir-65x50.jpg 65w, https:\/\/www.enerjigazetesi.ist\/wp-content\/uploads\/2024\/07\/akilli-sistemlerle-yuzde-60-elektrik-tasarrufu-saglanabilir-260x200.jpg 260w\" sizes=\"(max-width: 500px) 100vw, 500px\" \/><p id=\"caption-attachment-190100\" class=\"wp-caption-text\">\u00dc\u00e7ay M\u00fchendislik Elektrik Grup Koordinat\u00f6r\u00fc Haydar\u00a0 \u00c7atalba\u015fl\u0131<\/p><\/div>\n<p>G\u00fcn\u00fcm\u00fcz d\u00fcnyas\u0131nda, enerjiye olan ihtiya\u00e7 artarken enerji kaynaklar\u0131 h\u0131zla azal\u0131yor. D\u00fcnya bu zorlu\u011fun \u00fcstesinden gelmek i\u00e7in binalarda ve ticari i\u015fletmelerde enerji sarfiyat\u0131n\u0131 art\u0131ran sistemlere, s\u00fcrd\u00fcr\u00fclebilir alternatifler ar\u0131yor. Ayd\u0131nlatma da bu kapsamda de\u011ferlendirilen sistemler aras\u0131nda yer al\u0131yor. \u00c7\u00fcnk\u00fc Birle\u015fmi\u015f Milletler \u00c7evre Program\u0131&#8217;n\u0131n (UNEP) raporuna g\u00f6re, d\u00fcnya \u00e7ap\u0131nda elektrik t\u00fcketiminin yakla\u015f\u0131k <strong>y\u00fczde 20<\/strong>&#8216;si, karbon emisyonlar\u0131n\u0131n ise <strong>y\u00fczde 6<\/strong>&#8216;s\u0131<strong>\u00a0<\/strong>ayd\u0131nlatma sistemlerinden kaynaklan\u0131yor.<\/p>\n<p>\u201cBir ticari i\u015fletmenin enerji sarfiyat\u0131ndan \u00f6nemli bir pay alan ayd\u0131nlatma sistemlerini bina\u00a0otomasyonuna entegre etmek enerji kullan\u0131m\u0131n\u0131 d\u00fc\u015f\u00fcrmenin en etkili yollar\u0131ndan biridir\u201d diyen <strong>\u00dc\u00e7ay M\u00fchendislik\u00a0Elektrik Grup Koordinat\u00f6r\u00fc<\/strong>\u00a0<strong>Haydar\u00a0\u00c7atalba\u015fl\u0131,\u00a0<\/strong>ayd\u0131nlatma tasar\u0131m\u0131n\u0131n \u00f6nemini ve \u00dc\u00e7ay M\u00fchendislik\u2019in <strong>ayd\u0131nlatma tasar\u0131m\u0131<\/strong> kapsam\u0131nda sundu\u011fu hizmetleri payla\u015ft\u0131:<\/p>\n<h3><strong>Y\u00fczde 60 Tasarruf Sa\u011fl\u0131yor<\/strong><\/h3>\n<p><strong>\u201cAyd\u0131nlatma sistemleri d\u00fcnyadaki elektri\u011fin y\u00fczde 20\u2019sini t\u00fcketiyor. <\/strong>Ticari ayd\u0131nlatma sistemleri ise bu toplamdan <strong>y\u00fczde 50\u00a0<\/strong>pay al\u0131yor. \u00c7\u00fcnk\u00fc ticari i\u015fletmelerde t\u00fcketilen enerjinin <strong>en az y\u00fczde 40&#8217;\u0131<\/strong>\u00a0ayd\u0131nlatmadan kaynaklan\u0131yor. Ancak\u00a0ak\u0131ll\u0131 bir ticari ayd\u0131nlatma kontrol sistemi ile t\u00fcketilen enerjinin <strong>y\u00fczde 60\u2019\u0131ndan<\/strong> tasarruf sa\u011flanabiliyor.\u00a0I\u015f\u0131klar, sistemin programlamas\u0131na g\u00f6re \u00f6rne\u011fin mesai saatleri d\u0131\u015f\u0131nda, hafta sonlar\u0131nda veya resmi tatillerde a\u00e7\u0131l\u0131p kapat\u0131labiliyor.<\/p>\n<h3><strong>\u201cG\u00fcvenlik A\u00e7\u0131s\u0131ndan da \u00d6nemli\u201d<\/strong><\/h3>\n<p>\u015eirket binalar\u0131nda entegre ayd\u0131nlatma kontrol sisteminin bulunmas\u0131 g\u00fcvenlik a\u00e7\u0131s\u0131ndan da olduk\u00e7a \u00f6nemli. Ayd\u0131nlatma kontrol sistemi, bir ki\u015finin bir alana girdi\u011fini belirtmek i\u00e7in hareket sens\u00f6rlerini ve \u0131\u015f\u0131k seviye sens\u00f6rlerini kullanarak g\u00fcvenli\u011fi sa\u011flayabiliyor.\u00a0B\u00f6ylece h\u0131rs\u0131zl\u0131\u011f\u0131 da \u00f6nleyebiliyor.<\/p>\n<p>Ayd\u0131nlatma kontrol sens\u00f6rleri ayn\u0131 zamanda g\u00fcn \u0131\u015f\u0131\u011f\u0131ndaki de\u011fi\u015fiklikleri de alg\u0131l\u0131yor. B\u00f6ylece tesisin belirlenen alanlar\u0131nda ayd\u0131nlatmay\u0131 buna g\u00f6re sa\u011fl\u0131yor.<\/p>\n<p>\u00dc\u00e7ay M\u00fchendislik olarak, ayd\u0131nlatma tasar\u0131m\u0131 yani projelendirme \u00e7al\u0131\u015fmalar\u0131m\u0131z\u0131, m\u00fc\u015fterilerimizin ihtiya\u00e7lar\u0131 do\u011frultusunda ve <strong>5 temel ad\u0131mda<\/strong> ger\u00e7ekle\u015ftiriyoruz.<\/p>\n<h3><strong>Temel Tasar\u0131m<\/strong><\/h3>\n<p>Ba\u015flang\u0131\u00e7 a\u015famas\u0131 olarak adland\u0131rd\u0131\u011f\u0131m\u0131z temel tasar\u0131m a\u015famas\u0131nda program\u0131n olu\u015fturulmas\u0131 i\u00e7in ana tasar\u0131m kriterlerine odaklan\u0131yoruz. Ayd\u0131nlatma konsepti fikirlerini olu\u015fturup, eskizler arac\u0131l\u0131\u011f\u0131yla sunuyoruz. Bu a\u015famada; \u0131\u015f\u0131k izleri, \u00f6nerilen ayd\u0131nlatma \u015femas\u0131 ve bu \u015fema i\u00e7in kullan\u0131labilecek temel ayd\u0131nlatma teknikleri ile armat\u00fcrlerle ilgili fikirlerimizi payla\u015f\u0131yoruz. Bu a\u015fama ayn\u0131 zamanda do\u011fal ayd\u0131nlatma \u00e7al\u0131\u015fmalar\u0131n\u0131n da ba\u015flang\u0131c\u0131n\u0131 olu\u015fturuyor.<\/p>\n<h3><strong>Avan Tasar\u0131m<\/strong><\/h3>\n<p>\u0130kinci a\u015fama olarak adland\u0131rd\u0131\u011f\u0131m\u0131z \u015fematik tasar\u0131m a\u015famas\u0131nda ise; armat\u00fcrlerin \u00f6n yerle\u015fimlerini, avan listelerini, ayd\u0131nlatma hesaplar\u0131n\u0131, b\u00fct\u00e7elerini, prensip detaylar\u0131n\u0131 ve uygulama tiplerini tan\u0131ml\u0131yoruz. Ayr\u0131ca \u0131\u015f\u0131k kontrol\u00fc stratejisini olu\u015fturup, do\u011fal ayd\u0131nlatma hedeflerini netle\u015ftiriyoruz. Bu a\u015famada mock up \u00e7al\u0131\u015fmalar\u0131na da ba\u015fl\u0131yoruz.<\/p>\n<h3><strong>Detayl\u0131 Tasar\u0131m<\/strong><\/h3>\n<p>Detayl\u0131 tasar\u0131m a\u015famas\u0131 olan \u00fc\u00e7\u00fcnc\u00fc a\u015famada ise \u015fematik projeyi revizyonlarla detayland\u0131r\u0131yoruz. \u00a0Armat\u00fcr listelerini kesinle\u015ftirip, ayd\u0131nlatma kontrol\u00fc senaryolar\u0131 geli\u015ftiriyoruz. Nihai \u00f6zellikleri tan\u0131mlay\u0131p final proje ve \u015fartnameye aktar\u0131yoruz. Mockup \u00e7al\u0131\u015fmalar\u0131, bu a\u015faman\u0131n da bir par\u00e7as\u0131 olarak devam ediyor.<\/p>\n<h3><strong>\u0130hale ve Dok\u00fcmantasyon<\/strong><\/h3>\n<p>D\u00f6rd\u00fcnc\u00fc a\u015famada\u00a0ihale \u00e7al\u0131\u015fmalar\u0131na ba\u015fl\u0131yoruz. Bu kapsamda ihale de\u011ferlendirme ve imalat \u00e7izimi incelemeleri i\u00e7in tasar\u0131m ve in\u015faat ekiplerine refakat ediyoruz.<\/p>\n<h3><strong>Test ve Devreye Alma<\/strong><\/h3>\n<p>Be\u015finci yani son a\u015famada ise kurulum ve devreye alma s\u00fcreci \u00f6ncesinde ger\u00e7ekle\u015ftirdi\u011fimiz planl\u0131 saha ziyaretleri ile ekipman ve proje incelemeleri yap\u0131yoruz. Uygulamalar\u0131n detaylar\u0131n\u0131 kontrol edip, armat\u00fcr ve kontrol sisteminin ince ayarlar\u0131n\u0131n yap\u0131lmas\u0131na e\u015flik ediyoruz.\u201d dedi.<\/p>","protected":false},"excerpt":{"rendered":"<p>Sorry, this entry is only available in Turkish. For the sake of viewer convenience, the content is shown below in the alternative language. You may click the link to switch the active language. Birle\u015fmi\u015f Milletler \u00c7evre Program\u0131&#8217;n\u0131n (UNEP) raporuna g\u00f6re, d\u00fcnya \u00e7ap\u0131nda elektrik t\u00fcketiminin yakla\u015f\u0131k y\u00fczde 20&#8216;si ayd\u0131nlatma sistemlerinden kaynaklan\u0131yor. Ticari ayd\u0131nlatma sistemleri ise bu [&hellip;]<\/p>\n","protected":false},"author":1,"featured_media":190100,"comment_status":"open","ping_status":"open","sticky":false,"template":"","format":"standard","meta":[],"categories":[51,53,52],"tags":[114548,24165,3174,55357,130,82809],"views":33,"_links":{"self":[{"href":"https:\/\/www.enerjigazetesi.ist\/en\/wp-json\/wp\/v2\/posts\/190098"}],"collection":[{"href":"https:\/\/www.enerjigazetesi.ist\/en\/wp-json\/wp\/v2\/posts"}],"about":[{"href":"https:\/\/www.enerjigazetesi.ist\/en\/wp-json\/wp\/v2\/types\/post"}],"author":[{"embeddable":true,"href":"https:\/\/www.enerjigazetesi.ist\/en\/wp-json\/wp\/v2\/users\/1"}],"replies":[{"embeddable":true,"href":"https:\/\/www.enerjigazetesi.ist\/en\/wp-json\/wp\/v2\/comments?post=190098"}],"version-history":[{"count":0,"href":"https:\/\/www.enerjigazetesi.ist\/en\/wp-json\/wp\/v2\/posts\/190098\/revisions"}],"wp:featuredmedia":[{"embeddable":true,"href":"https:\/\/www.enerjigazetesi.ist\/en\/wp-json\/wp\/v2\/media\/190100"}],"wp:attachment":[{"href":"https:\/\/www.enerjigazetesi.ist\/en\/wp-json\/wp\/v2\/media?parent=190098"}],"wp:term":[{"taxonomy":"category","embeddable":true,"href":"https:\/\/www.enerjigazetesi.ist\/en\/wp-json\/wp\/v2\/categories?post=190098"},{"taxonomy":"post_tag","embeddable":true,"href":"https:\/\/www.enerjigazetesi.ist\/en\/wp-json\/wp\/v2\/tags?post=190098"}],"curies":[{"name":"wp","href":"https:\/\/api.w.org\/{rel}","templated":true}]}}