{"id":190062,"date":"2024-07-10T17:39:13","date_gmt":"2024-07-10T14:39:13","guid":{"rendered":"https:\/\/www.enerjigazetesi.ist\/?p=190062"},"modified":"2024-07-10T17:42:46","modified_gmt":"2024-07-10T14:42:46","slug":"tupras-dongusel-ekonomiye-katki-saglayacak-yeni-teknolojiler-gelistiriyor","status":"publish","type":"post","link":"https:\/\/www.enerjigazetesi.ist\/en\/tupras-dongusel-ekonomiye-katki-saglayacak-yeni-teknolojiler-gelistiriyor\/","title":{"rendered":"(Turkish) &#8217;T\u00fcpra\u015f&#8217; D\u00f6ng\u00fcsel Ekonomiye Katk\u0131 Sa\u011flayacak Yeni Teknolojiler Geli\u015ftiriyor"},"content":{"rendered":"<p class=\"qtranxs-available-languages-message qtranxs-available-languages-message-en\">Sorry, this entry is only available in <a href=\"https:\/\/www.enerjigazetesi.ist\/tr\/wp-json\/wp\/v2\/posts\/190062\" class=\"qtranxs-available-language-link qtranxs-available-language-link-tr\" title=\"Turkish\">Turkish<\/a>. For the sake of viewer convenience, the content is shown below in the alternative language. You may click the link to switch the active language.<\/p><p><\/p>\n<h2>T\u00fcpra\u015f, Stratejik D\u00f6n\u00fc\u015f\u00fcm Plan\u0131 ve 2050 Karbon N\u00f6tr hedefi do\u011frultusunda odakland\u0131\u011f\u0131 i\u015f kollar\u0131ndan s\u00fcrd\u00fcr\u00fclebilir rafinaj ve ye\u015fil hidrojen alan\u0131nda, Avrupa Birli\u011fi destekli yenilenebilir enerji projeleri ile d\u00f6n\u00fc\u015f\u00fcm s\u00fcrecine h\u0131z kazand\u0131r\u0131yor. Avrupa Birli\u011fi&#8217;nin Ufuk Avrupa Program\u0131 kapsam\u0131nda fon almaya hak kazanan T\u00fcpra\u015f Ar-Ge Merkezi&#8217;nin de yer ald\u0131\u011f\u0131 IS2H4C* projesi, s\u00fcrd\u00fcr\u00fclebilir d\u00f6ng\u00fcsel ekonomi d\u00f6n\u00fc\u015f\u00fcm\u00fcn\u00fc hedefliyor ve end\u00fcstriyel i\u015f birli\u011finden d\u00f6ng\u00fcsel ekonomi merkezlerine ge\u00e7i\u015fi ama\u00e7l\u0131yor.<\/h2>\n<p style=\"text-align: center;\"><img loading=\"lazy\" class=\"aligncenter wp-image-190066\" src=\"https:\/\/www.enerjigazetesi.ist\/wp-content\/uploads\/2024\/07\/tupras-dongusel-ekonomiye-katki-saglayacak-yeni-teknolojiler-gelistiriyor.jpg\" alt=\"\" width=\"500\" height=\"348\" srcset=\"https:\/\/www.enerjigazetesi.ist\/wp-content\/uploads\/2024\/07\/tupras-dongusel-ekonomiye-katki-saglayacak-yeni-teknolojiler-gelistiriyor.jpg 550w, https:\/\/www.enerjigazetesi.ist\/wp-content\/uploads\/2024\/07\/tupras-dongusel-ekonomiye-katki-saglayacak-yeni-teknolojiler-gelistiriyor-300x209.jpg 300w, https:\/\/www.enerjigazetesi.ist\/wp-content\/uploads\/2024\/07\/tupras-dongusel-ekonomiye-katki-saglayacak-yeni-teknolojiler-gelistiriyor-500x348.jpg 500w, https:\/\/www.enerjigazetesi.ist\/wp-content\/uploads\/2024\/07\/tupras-dongusel-ekonomiye-katki-saglayacak-yeni-teknolojiler-gelistiriyor-72x50.jpg 72w\" sizes=\"(max-width: 500px) 100vw, 500px\" \/><\/p>\n<h3><strong>T\u00fcpra\u015f ve Ar\u00e7elik\u2019ten D\u00fc\u015f\u00fck Karbonlu Buzdolab\u0131 \u00dcretimi \u0130\u00e7in \u0130\u015f Birli\u011fi<\/strong><\/h3>\n<p>\u0130zmir Rafineri sahas\u0131nda demo \u00f6l\u00e7ekli \u00fcnitelerin uygulamaya al\u0131naca\u011f\u0131 projede, rafineri baca gaz\u0131ndan karbondioksit yakalanacak ve ye\u015fil hidrojen altyap\u0131s\u0131 kullan\u0131larak \u00f6nce <strong>e-metanol<\/strong>, ard\u0131ndan <strong>poli\u00fcretan<\/strong> \u00fcretilecek. \u00dcretilen bu <strong>d\u00fc\u015f\u00fck karbonlu poli\u00fcretan<\/strong>, Ar\u00e7elik taraf\u0131ndan <strong>buzdolab\u0131 \u00fcretiminde<\/strong> kullan\u0131lacak.<\/p>\n<p>Rafineri sahas\u0131nda yenilik\u00e7i teknolojilerin test edilmesi rol\u00fc ile projede yer alan T\u00fcpra\u015f, T\u00fcrkiye merkezinin liderli\u011fini \u00fcstlenecek. Almanya\u2019dan Fraunhofer Enstit\u00fcs\u00fc T\u00fcrkiye merkezinde, uygulanacak teknolojileri geli\u015ftirmek \u00fczere yer al\u0131rken, Ar\u00e7elik de ara\u015ft\u0131rma faaliyetlerine katk\u0131 verecek ve son kullan\u0131c\u0131 olacak.<\/p>\n<p><strong>Avrupa Birli\u011fi\u2019nin Ufuk Avrupa Program\u0131<\/strong> kapsam\u0131nda desteklenen projede, T\u00fcrkiye dahil 4 \u00fclkede D\u00f6ng\u00fcsellik Merkezleri (Hubs for Circularity) olu\u015fturulacak. 35 payda\u015f\u0131n yer ald\u0131\u011f\u0131 projede, T\u00fcpra\u015f <strong>y\u00fczde 70 destek oran\u0131<\/strong> ile <strong>1,8 milyon Euro te\u015fvik<\/strong> alacak.<\/p>\n<h3><strong>\u201cT\u00fcrkiye\u2019de \u0130lk Defa Bir End\u00fcstriyel Kurulu\u015fta Karbon Yakalama ve Ye\u015fil Hidrojen Teknolojileri D\u00f6ng\u00fcsel \u00dcretim \u0130\u00e7in Bir Arada Kullan\u0131lacak\u201d<\/strong><\/h3>\n<div id=\"attachment_190064\" style=\"width: 510px\" class=\"wp-caption aligncenter\"><img aria-describedby=\"caption-attachment-190064\" loading=\"lazy\" class=\"wp-image-190064\" src=\"https:\/\/www.enerjigazetesi.ist\/wp-content\/uploads\/2024\/07\/murat-simsek.jpg\" alt=\"\" width=\"500\" height=\"387\" srcset=\"https:\/\/www.enerjigazetesi.ist\/wp-content\/uploads\/2024\/07\/murat-simsek.jpg 550w, https:\/\/www.enerjigazetesi.ist\/wp-content\/uploads\/2024\/07\/murat-simsek-300x232.jpg 300w, https:\/\/www.enerjigazetesi.ist\/wp-content\/uploads\/2024\/07\/murat-simsek-500x387.jpg 500w, https:\/\/www.enerjigazetesi.ist\/wp-content\/uploads\/2024\/07\/murat-simsek-65x50.jpg 65w, https:\/\/www.enerjigazetesi.ist\/wp-content\/uploads\/2024\/07\/murat-simsek-260x200.jpg 260w\" sizes=\"(max-width: 500px) 100vw, 500px\" \/><p id=\"caption-attachment-190064\" class=\"wp-caption-text\">T\u00fcpra\u015f Genel M\u00fcd\u00fcr Yard\u0131mc\u0131s\u0131 Murat \u015eim\u015fek<\/p><\/div>\n<p>Konuyla ilgili g\u00f6r\u00fc\u015flerini aktaran<strong>\u00a0T\u00fcpra\u015f Genel M\u00fcd\u00fcr Yard\u0131mc\u0131s\u0131 Murat \u015eim\u015fek\u00a0<\/strong>, <em>Stratejik D\u00f6n\u00fc\u015f\u00fcm Plan\u0131m\u0131z ve 2050 Karbon N\u00f6tr hedefimiz do\u011frultusunda, yeni karbon yakalama teknolojileri geli\u015ftiriyor ve saha uygulamalar\u0131n\u0131 hayata ge\u00e7iriyoruz. T\u00fcpra\u015f Ar-Ge Merkezi\u2019nde, emisyonlar\u0131 azaltmaya y\u00f6nelik karbondioksit yakalama, kullan\u0131m ve depolama (KYKD) teknolojilerinin demo \u00f6l\u00e7ekli \u00e7al\u0131\u015fmalar\u0131 y\u00fcr\u00fct\u00fcl\u00fcyor. Ayr\u0131ca, ye\u015fil hidrojen \u00e7al\u0131\u015fmalar\u0131m\u0131z da h\u0131zla devam ediyor. Ar-Ge Merkezimiz, temiz hidrojen ekosisteminin ve pazar\u0131n\u0131n olu\u015fturulmas\u0131na \u00f6nc\u00fcl\u00fck etmek amac\u0131yla \u00e7al\u0131\u015f\u0131yor. Ufuk Avrupa Program\u0131 kapsam\u0131nda desteklenen IS2H4C projesi de bunlardan biri\u00a0<\/em>dedi<em>.<\/em><\/p>\n<p><strong>\u015eim\u015fek<\/strong>\u00a0\u015f\u00f6yle devam etti: <em>D\u00f6ng\u00fcsel ekonomi yakla\u015f\u0131m\u0131 ile karbonsuzla\u015ft\u0131rma \u00e7\u00f6z\u00fcmleri sunan projemizle, Ar\u00e7elik\u2019in \u00fcretim s\u00fcre\u00e7lerine de katk\u0131 sa\u011fl\u0131yoruz. T\u00fcrkiye&#8217;de ilk defa bir end\u00fcstriyel kurulu\u015fta karbon yakalama ve ye\u015fil hidrojen teknolojileri bir arada kullan\u0131larak hem karbon emisyonlar\u0131 azalt\u0131lacak hem de d\u00f6ng\u00fcsel ekonomi i\u00e7in de\u011fer \u00fcretilecek. Bu projenin, d\u00f6n\u00fc\u015f\u00fcm stratejimizi destekleyecek \u00f6nemli teknolojik kazan\u0131mlar sa\u011flayaca\u011f\u0131na inan\u0131yorum.<\/em><\/p>\n<div id=\"attachment_190065\" style=\"width: 510px\" class=\"wp-caption aligncenter\"><img aria-describedby=\"caption-attachment-190065\" loading=\"lazy\" class=\"wp-image-190065\" src=\"https:\/\/www.enerjigazetesi.ist\/wp-content\/uploads\/2024\/07\/nihat-bayiz.jpg\" alt=\"\" width=\"500\" height=\"385\" srcset=\"https:\/\/www.enerjigazetesi.ist\/wp-content\/uploads\/2024\/07\/nihat-bayiz.jpg 550w, https:\/\/www.enerjigazetesi.ist\/wp-content\/uploads\/2024\/07\/nihat-bayiz-300x231.jpg 300w, https:\/\/www.enerjigazetesi.ist\/wp-content\/uploads\/2024\/07\/nihat-bayiz-500x385.jpg 500w, https:\/\/www.enerjigazetesi.ist\/wp-content\/uploads\/2024\/07\/nihat-bayiz-65x50.jpg 65w, https:\/\/www.enerjigazetesi.ist\/wp-content\/uploads\/2024\/07\/nihat-bayiz-260x200.jpg 260w\" sizes=\"(max-width: 500px) 100vw, 500px\" \/><p id=\"caption-attachment-190065\" class=\"wp-caption-text\">Ar\u00e7elik \u00dcretim ve Teknolojiden Sorumlu Genel M\u00fcd\u00fcr Yard\u0131mc\u0131s\u0131 Nihat Bay\u0131z<\/p><\/div>\n<p><strong>Ar\u00e7elik \u00dcretim ve Teknolojiden Sorumlu Genel M\u00fcd\u00fcr Yard\u0131mc\u0131s\u0131 Nihat Bay\u0131z\u00a0<\/strong>, \u2018<em>D\u00fcnya\u2019ya Sayg\u0131l\u0131 D\u00fcnya\u2019da Sayg\u0131n&#8217; vizyonumuzla Ar-Ge yetkinliklerimiz ve yenilik\u00e7i teknolojilerimizle \u00fclkemiz ve gezegenimiz i\u00e7in de\u011fer yarat\u0131yoruz. 2050 y\u0131l\u0131na kadar net s\u0131f\u0131r bir \u015firket olmay\u0131 hedefliyoruz. Bu taahh\u00fcd\u00fcn bir par\u00e7as\u0131 olarak IS2H4C Projesi&#8217;ne kat\u0131lmaktan memnuniyet duyuyoruz. Bu projede, rafineri baca gaz\u0131ndan yakalanan <strong>karbondioksitin non-izosiyanat poli\u00fcretan \u00fcretiminde<\/strong> kullan\u0131lmas\u0131n\u0131 ve bu malzemenin Manisa i\u015fletmemizdeki Ar-Ge Merkezi\u2019mizde buzdolab\u0131 \u00fcretiminde de\u011ferlendirilmesini sa\u011flayaca\u011f\u0131z. IS2H4C T\u00fcrkiye D\u00f6ng\u00fcsellik Merkezi\u2019nde, \u00e7\u0131kt\u0131lar\u0131 nihai \u00fcr\u00fcne d\u00f6n\u00fc\u015ft\u00fcrmede \u00f6nemli bir rol \u00fcstleniyoruz. Projemizin, <strong>\u00e7evresel s\u00fcrd\u00fcr\u00fclebilirlik<\/strong> ve <strong>ye\u015fil d\u00f6n\u00fc\u015f\u00fcm<\/strong> alanlar\u0131nda di\u011fer sekt\u00f6rlere de \u00f6rnek olaca\u011f\u0131na inan\u0131yorum,<\/em> dedi.<\/p>\n<p>T\u00fcpra\u015f Ar-Ge Merkezi, uluslararas\u0131 tan\u0131n\u0131rl\u0131\u011f\u0131 ve g\u00fc\u00e7l\u00fc i\u015f birlikleri sayesinde Avrupa Birli\u011fi destekli projeler almaya devam ediyor. Halihaz\u0131rda devam eden 9 projenin yan\u0131 s\u0131ra 12 tamamlanan proje ve 3 kabul alan yeni proje ile merkez, T\u00fcrkiye\u2019nin \u00f6nde gelen Ar-Ge merkezleri aras\u0131nda yer al\u0131yor. Merkez, odakland\u0131\u011f\u0131 alanlarda d\u00fcnya \u00e7ap\u0131nda \u00f6nde gelen kurulu\u015flarla ortak \u00e7al\u0131\u015fma ve teknoloji geli\u015ftirme imk\u00e2n\u0131 buluyor. Bu sayede, stratejik d\u00f6n\u00fc\u015f\u00fcm yolculu\u011funda T\u00fcpra\u015f\u2019a \u00f6nemli katk\u0131lar sa\u011fl\u0131yor ve karbon n\u00f6tr olma hedefine y\u00f6nelik en ileri teknolojileri birinci elden takip ediyor.<\/p>\n<p><em>*IS2H4C: S\u00fcrd\u00fcr\u00fclebilir D\u00f6ng\u00fcsel Ekonomi D\u00f6n\u00fc\u015f\u00fcm\u00fc: End\u00fcstriyel Simbiyoz\u2019dan D\u00f6ng\u00fcsellik Merkezlerine (Sustainable Circular Economy Transition: From Industrial Symbiosis to Hubs for Circularity)<\/em><\/p>","protected":false},"excerpt":{"rendered":"<p>Sorry, this entry is only available in Turkish. For the sake of viewer convenience, the content is shown below in the alternative language. You may click the link to switch the active language. T\u00fcpra\u015f, Stratejik D\u00f6n\u00fc\u015f\u00fcm Plan\u0131 ve 2050 Karbon N\u00f6tr hedefi do\u011frultusunda odakland\u0131\u011f\u0131 i\u015f kollar\u0131ndan s\u00fcrd\u00fcr\u00fclebilir rafinaj ve ye\u015fil hidrojen alan\u0131nda, Avrupa Birli\u011fi destekli [&hellip;]<\/p>\n","protected":false},"author":1,"featured_media":190066,"comment_status":"open","ping_status":"open","sticky":false,"template":"","format":"standard","meta":[],"categories":[53,44],"tags":[2350,114533,114531,114532,114530,1000],"views":52,"_links":{"self":[{"href":"https:\/\/www.enerjigazetesi.ist\/en\/wp-json\/wp\/v2\/posts\/190062"}],"collection":[{"href":"https:\/\/www.enerjigazetesi.ist\/en\/wp-json\/wp\/v2\/posts"}],"about":[{"href":"https:\/\/www.enerjigazetesi.ist\/en\/wp-json\/wp\/v2\/types\/post"}],"author":[{"embeddable":true,"href":"https:\/\/www.enerjigazetesi.ist\/en\/wp-json\/wp\/v2\/users\/1"}],"replies":[{"embeddable":true,"href":"https:\/\/www.enerjigazetesi.ist\/en\/wp-json\/wp\/v2\/comments?post=190062"}],"version-history":[{"count":0,"href":"https:\/\/www.enerjigazetesi.ist\/en\/wp-json\/wp\/v2\/posts\/190062\/revisions"}],"wp:featuredmedia":[{"embeddable":true,"href":"https:\/\/www.enerjigazetesi.ist\/en\/wp-json\/wp\/v2\/media\/190066"}],"wp:attachment":[{"href":"https:\/\/www.enerjigazetesi.ist\/en\/wp-json\/wp\/v2\/media?parent=190062"}],"wp:term":[{"taxonomy":"category","embeddable":true,"href":"https:\/\/www.enerjigazetesi.ist\/en\/wp-json\/wp\/v2\/categories?post=190062"},{"taxonomy":"post_tag","embeddable":true,"href":"https:\/\/www.enerjigazetesi.ist\/en\/wp-json\/wp\/v2\/tags?post=190062"}],"curies":[{"name":"wp","href":"https:\/\/api.w.org\/{rel}","templated":true}]}}