{"id":190005,"date":"2024-07-09T19:17:51","date_gmt":"2024-07-09T16:17:51","guid":{"rendered":"https:\/\/www.enerjigazetesi.ist\/?p=190005"},"modified":"2024-07-09T19:18:15","modified_gmt":"2024-07-09T16:18:15","slug":"turkiye-nin-enerji-devi-astor-sirbistan-a-ihracat-yapti","status":"publish","type":"post","link":"https:\/\/www.enerjigazetesi.ist\/en\/turkiye-nin-enerji-devi-astor-sirbistan-a-ihracat-yapti\/","title":{"rendered":"(Turkish) T\u00fcrkiye\u2019nin Enerji Devi &#8216;Astor&#8217; S\u0131rbistan\u2019a \u0130hracat Yapt\u0131"},"content":{"rendered":"<p class=\"qtranxs-available-languages-message qtranxs-available-languages-message-en\">Sorry, this entry is only available in <a href=\"https:\/\/www.enerjigazetesi.ist\/tr\/wp-json\/wp\/v2\/posts\/190005\" class=\"qtranxs-available-language-link qtranxs-available-language-link-tr\" title=\"Turkish\">Turkish<\/a>. For the sake of viewer convenience, the content is shown below in the alternative language. You may click the link to switch the active language.<\/p><p><\/p>\n<h2>Astor Enerji A,\u015e. uluslararas\u0131\u00a0i\u015fbirlikleri ile g\u00fcc\u00fcne g\u00fc\u00e7\u00a0katmaya devam ediyor. Transformat\u00f6r ve anahtarlama\u00a0\u00fcr\u00fcnleri\u00a0\u00fcretiminde sekt\u00f6r\u00fcn lider firmas\u0131\u00a0Astor Enerji A.\u015e. 2023 y\u0131l\u0131\u00a0Eyl\u00fcl ay\u0131nda imzalad\u0131\u011f\u0131\u00a0s\u00f6zle\u015fme ile ad\u0131m att\u0131\u011f\u0131\u00a0S\u0131rbistan\u2019a ilk g\u00fc\u00e7\u00a0transformat\u00f6rlerinin ihracat\u0131n\u0131\u00a0ger\u00e7ekle\u015ftirdi.<\/h2>\n<p style=\"text-align: center;\"><img loading=\"lazy\" class=\"aligncenter wp-image-190007\" src=\"https:\/\/www.enerjigazetesi.ist\/wp-content\/uploads\/2024\/07\/turkiye-nin-enerji-devi-astor-sirbistan-a-ihracat-yapti.jpg\" alt=\"\" width=\"500\" height=\"388\" srcset=\"https:\/\/www.enerjigazetesi.ist\/wp-content\/uploads\/2024\/07\/turkiye-nin-enerji-devi-astor-sirbistan-a-ihracat-yapti.jpg 550w, https:\/\/www.enerjigazetesi.ist\/wp-content\/uploads\/2024\/07\/turkiye-nin-enerji-devi-astor-sirbistan-a-ihracat-yapti-300x233.jpg 300w, https:\/\/www.enerjigazetesi.ist\/wp-content\/uploads\/2024\/07\/turkiye-nin-enerji-devi-astor-sirbistan-a-ihracat-yapti-500x388.jpg 500w, https:\/\/www.enerjigazetesi.ist\/wp-content\/uploads\/2024\/07\/turkiye-nin-enerji-devi-astor-sirbistan-a-ihracat-yapti-64x50.jpg 64w\" sizes=\"(max-width: 500px) 100vw, 500px\" \/><\/p>\n<p>Astor Enerji taraf\u0131ndan\u00a0\u00fcretilen g\u00fc\u00e7\u00a0transformat\u00f6rlerinin S\u0131rbistan\u2019da r\u00fczgar enerji santrallerinde kullan\u0131laca\u011f\u0131\u00a0bildirildi. S\u0131rbistan\u2019\u0131n enerji altyap\u0131s\u0131n\u0131n g\u00fc\u00e7lenmesine katk\u0131\u00a0sa\u011flayan Astor Enerji\u2019nin bu ve benzer giri\u015fimleri ekonomik ve ticari ili\u015fkileri uluslararas\u0131\u00a0seviyede g\u00fc\u00e7lendirmeyi hedefliyor.<\/p>\n<h3><strong>Irak\u2019tan Almanya\u2019ya Fas\u2019tan T\u00fcrkmenistan\u2019a Astor \u00dcr\u00fcnleri Kullan\u0131l\u0131yor<\/strong><\/h3>\n<p>Astor Enerji\u2019nin <strong>g\u00fc\u00e7\u00a0trafolar\u0131<\/strong>\u00a0alan\u0131nda i\u015fbirli\u011fi yapt\u0131\u011f\u0131 \u00fclkeler aras\u0131na <strong>S\u0131rbistan<\/strong> da kat\u0131ld\u0131. Daha\u00a0\u00f6nce\u00a0<strong>\u0130spanya, Irak, Fas, Almanya ve T\u00fcrkmenistan<\/strong>\u2019la\u00a0da\u00a0imzalad\u0131\u011f\u0131\u00a0s\u00f6zle\u015fmelerle ulusararas\u0131\u00a0i\u015fbirliklerini art\u0131ran Astor Enerji, bu\u00a0\u00fclkeye yap\u0131lan ilk <strong>g\u00fc\u00e7\u00a0transformat\u00f6r\u00fc\u00a0ihracat\u0131<\/strong>\u00a0ile S\u0131rbistan pazar\u0131na da giri\u015f\u00a0yapt\u0131.<\/p>\n<h3><strong>\u201cS\u0131rbistan\u2019a \u0130lk G\u00fc\u00e7 Trafosu Sevkiyat\u0131n\u0131n Gururunu Ya\u015f\u0131yoruz\u201d<\/strong><\/h3>\n<div id=\"attachment_190008\" style=\"width: 510px\" class=\"wp-caption aligncenter\"><img aria-describedby=\"caption-attachment-190008\" loading=\"lazy\" class=\"wp-image-190008\" src=\"https:\/\/www.enerjigazetesi.ist\/wp-content\/uploads\/2024\/07\/turkiye-nin-enerji-devi-astor-sirbistan-a-ihracat-yapti-1.jpg\" alt=\"\" width=\"500\" height=\"369\" srcset=\"https:\/\/www.enerjigazetesi.ist\/wp-content\/uploads\/2024\/07\/turkiye-nin-enerji-devi-astor-sirbistan-a-ihracat-yapti-1.jpg 550w, https:\/\/www.enerjigazetesi.ist\/wp-content\/uploads\/2024\/07\/turkiye-nin-enerji-devi-astor-sirbistan-a-ihracat-yapti-1-300x221.jpg 300w, https:\/\/www.enerjigazetesi.ist\/wp-content\/uploads\/2024\/07\/turkiye-nin-enerji-devi-astor-sirbistan-a-ihracat-yapti-1-500x369.jpg 500w, https:\/\/www.enerjigazetesi.ist\/wp-content\/uploads\/2024\/07\/turkiye-nin-enerji-devi-astor-sirbistan-a-ihracat-yapti-1-68x50.jpg 68w\" sizes=\"(max-width: 500px) 100vw, 500px\" \/><p id=\"caption-attachment-190008\" class=\"wp-caption-text\">Astor Enerji Y\u00f6netim Kurulu Ba\u015fkan\u0131\u00a0Feridun Ge\u00e7gel<\/p><\/div>\n<p>S\u0131rbistan\u2019a yap\u0131lan ihracata ili\u015fkin de\u011ferlendirmelerde konu\u015fan <strong>Astor Enerji Y\u00f6netim Kurulu Ba\u015fkan\u0131\u00a0Feridun Ge\u00e7gel\u00a0<\/strong><span style=\"text-decoration: underline;\">\u015f\u00f6yle dedi:<\/span><\/p>\n<p><em>\u201cTransformat\u00f6r ve anahtarlama\u00a0\u00fcr\u00fcnleri\u00a0\u00fcretiminde sekt\u00f6r\u00fcn lider firmas\u0131\u00a0olarak, uluslararas\u0131\u00a0i\u015fbirliklerimizi geli\u015ftirmeye ve g\u00fc\u00e7lendirmeye kararl\u0131y\u0131z. Ge\u00e7ti\u011fimiz y\u0131l S\u0131rbistan pazar\u0131na yapt\u0131\u011f\u0131m\u0131z anla\u015fma ile ad\u0131m att\u0131k ve bu y\u0131l, S\u0131rbistan\u2019a ilk g\u00fc\u00e7\u00a0trafolar\u0131m\u0131z\u0131n sevkiyat\u0131n\u0131\u00a0ger\u00e7ekle\u015ftirmenin gururunu ya\u015f\u0131yoruz. S\u0131rbistan enerji altyap\u0131s\u0131n\u0131n g\u00fc\u00e7lenmesine katk\u0131\u00a0sa\u011flayacak bu i\u015fbirli\u011fi, uluslararas\u0131\u00a0ekonomik ve ticari ili\u015fkilerimizin de g\u00fc\u00e7lendirilmesine\u00a0\u00f6nemli katk\u0131lar sa\u011flayacakt\u0131r.\u201d<\/em><\/p>","protected":false},"excerpt":{"rendered":"<p>Sorry, this entry is only available in Turkish. For the sake of viewer convenience, the content is shown below in the alternative language. You may click the link to switch the active language. Astor Enerji A,\u015e. uluslararas\u0131\u00a0i\u015fbirlikleri ile g\u00fcc\u00fcne g\u00fc\u00e7\u00a0katmaya devam ediyor. Transformat\u00f6r ve anahtarlama\u00a0\u00fcr\u00fcnleri\u00a0\u00fcretiminde sekt\u00f6r\u00fcn lider firmas\u0131\u00a0Astor Enerji A.\u015e. 2023 y\u0131l\u0131\u00a0Eyl\u00fcl ay\u0131nda imzalad\u0131\u011f\u0131\u00a0s\u00f6zle\u015fme ile [&hellip;]<\/p>\n","protected":false},"author":1,"featured_media":190007,"comment_status":"open","ping_status":"open","sticky":false,"template":"","format":"standard","meta":[],"categories":[51,53],"tags":[105221,105874,114507,114506,114508,3982,105220],"views":36,"_links":{"self":[{"href":"https:\/\/www.enerjigazetesi.ist\/en\/wp-json\/wp\/v2\/posts\/190005"}],"collection":[{"href":"https:\/\/www.enerjigazetesi.ist\/en\/wp-json\/wp\/v2\/posts"}],"about":[{"href":"https:\/\/www.enerjigazetesi.ist\/en\/wp-json\/wp\/v2\/types\/post"}],"author":[{"embeddable":true,"href":"https:\/\/www.enerjigazetesi.ist\/en\/wp-json\/wp\/v2\/users\/1"}],"replies":[{"embeddable":true,"href":"https:\/\/www.enerjigazetesi.ist\/en\/wp-json\/wp\/v2\/comments?post=190005"}],"version-history":[{"count":0,"href":"https:\/\/www.enerjigazetesi.ist\/en\/wp-json\/wp\/v2\/posts\/190005\/revisions"}],"wp:featuredmedia":[{"embeddable":true,"href":"https:\/\/www.enerjigazetesi.ist\/en\/wp-json\/wp\/v2\/media\/190007"}],"wp:attachment":[{"href":"https:\/\/www.enerjigazetesi.ist\/en\/wp-json\/wp\/v2\/media?parent=190005"}],"wp:term":[{"taxonomy":"category","embeddable":true,"href":"https:\/\/www.enerjigazetesi.ist\/en\/wp-json\/wp\/v2\/categories?post=190005"},{"taxonomy":"post_tag","embeddable":true,"href":"https:\/\/www.enerjigazetesi.ist\/en\/wp-json\/wp\/v2\/tags?post=190005"}],"curies":[{"name":"wp","href":"https:\/\/api.w.org\/{rel}","templated":true}]}}