{"id":189988,"date":"2024-07-09T17:27:30","date_gmt":"2024-07-09T14:27:30","guid":{"rendered":"https:\/\/www.enerjigazetesi.ist\/?p=189988"},"modified":"2024-07-09T17:31:20","modified_gmt":"2024-07-09T14:31:20","slug":"turkcell-in-yeni-hedefi-turkiye-yi-kuresel-veri-ussu-yapmak","status":"publish","type":"post","link":"https:\/\/www.enerjigazetesi.ist\/en\/turkcell-in-yeni-hedefi-turkiye-yi-kuresel-veri-ussu-yapmak\/","title":{"rendered":"(Turkish) Turkcell\u2019in Yeni Hedefi T\u00fcrkiye\u2019yi &#8216;K\u00fcresel Veri \u00dcss\u00fc Yapmak'"},"content":{"rendered":"<p class=\"qtranxs-available-languages-message qtranxs-available-languages-message-en\">Sorry, this entry is only available in <a href=\"https:\/\/www.enerjigazetesi.ist\/tr\/wp-json\/wp\/v2\/posts\/189988\" class=\"qtranxs-available-language-link qtranxs-available-language-link-tr\" title=\"Turkish\">Turkish<\/a>. For the sake of viewer convenience, the content is shown below in the alternative language. You may click the link to switch the active language.<\/p><p><\/p>\n<h2>Turkcell, 24 y\u0131ld\u0131r i\u015flem g\u00f6rd\u00fc\u011f\u00fc New York Borsas\u0131\u2019nda (NYSE), \u015firketin 30\u2019uncu kurulu\u015f y\u0131l\u0131 dolay\u0131s\u0131yla gong t\u00f6reni d\u00fczenledi. 8 Temmuz Pazartesi piyasa kapan\u0131\u015f\u0131yla \u00e7alan gongun ard\u0131ndan d\u00fczenlenen toplant\u0131da, \u015firketin 1994 y\u0131l\u0131ndan 2024 y\u0131l\u0131na kadarki kilometre ta\u015flar\u0131 payla\u015f\u0131ld\u0131.<\/h2>\n<p style=\"text-align: center;\"><img loading=\"lazy\" class=\"aligncenter wp-image-189990\" src=\"https:\/\/www.enerjigazetesi.ist\/wp-content\/uploads\/2024\/07\/turkcell-den-turkiye-ye-30-yilda-27-milyar-dolar-yatirim.jpg\" alt=\"\" width=\"500\" height=\"334\" srcset=\"https:\/\/www.enerjigazetesi.ist\/wp-content\/uploads\/2024\/07\/turkcell-den-turkiye-ye-30-yilda-27-milyar-dolar-yatirim.jpg 550w, https:\/\/www.enerjigazetesi.ist\/wp-content\/uploads\/2024\/07\/turkcell-den-turkiye-ye-30-yilda-27-milyar-dolar-yatirim-300x200.jpg 300w, https:\/\/www.enerjigazetesi.ist\/wp-content\/uploads\/2024\/07\/turkcell-den-turkiye-ye-30-yilda-27-milyar-dolar-yatirim-500x334.jpg 500w, https:\/\/www.enerjigazetesi.ist\/wp-content\/uploads\/2024\/07\/turkcell-den-turkiye-ye-30-yilda-27-milyar-dolar-yatirim-75x50.jpg 75w, https:\/\/www.enerjigazetesi.ist\/wp-content\/uploads\/2024\/07\/turkcell-den-turkiye-ye-30-yilda-27-milyar-dolar-yatirim-450x300.jpg 450w\" sizes=\"(max-width: 500px) 100vw, 500px\" \/><\/p>\n<p>\u0130nternet sa\u011flay\u0131c\u0131l\u0131\u011f\u0131ndan dijital \u00f6deme sistemlerine, mobil mesajla\u015fma uygulamas\u0131ndan dijital m\u00fczik platformuna, veri merkezinden bulut teknolojilerine kadar \u00e7e\u015fitli alanlarda faaliyet g\u00f6sterdiklerini s\u00f6yleyen <strong>Turkcell Genel M\u00fcd\u00fcr\u00fc Dr. Ali Taha Ko\u00e7<\/strong>,<em> \u201cBunlar\u0131n yan\u0131 s\u0131ra e-ticaretten, oyun sekt\u00f6r\u00fcne, \u00e7a\u011fr\u0131 merkezi i\u015fletmecili\u011finden enerji \u00fcretimine ve daha pek \u00e7ok alanda faaliyet g\u00f6steren farkl\u0131 \u015firketlerimizle yenilik\u00e7i \u00e7\u00f6z\u00fcmler sunuyoruz. Ki\u015filerin ve kurumlar\u0131n dijital d\u00f6n\u00fc\u015f\u00fcm ihtiya\u00e7lar\u0131n\u0131n tamam\u0131n\u0131 kar\u015f\u0131l\u0131yoruz. Bu y\u00fczden kendimizi u\u00e7tan uca teknoloji sa\u011flay\u0131c\u0131s\u0131 olarak tan\u0131ml\u0131yoruz.\u201d<\/em> dedi.<\/p>\n<p>Turkcell\u2019in, T\u00fcrkiye i\u00e7in sadece ekonomik ve toplumsal katk\u0131lar\u0131yla de\u011fil, milli menfaatler noktas\u0131nda da stratejik \u00f6neme sahip oldu\u011funu s\u00f6yleyen <strong>Turkcell Genel M\u00fcd\u00fcr\u00fc Dr. Ali Taha Ko\u00e7<\/strong>, <em>\u201cT\u00fcrkiye\u2019nin Turkcell\u2019i olarak hedefimiz, \u00fclkemizi \u2018k\u00fcresel veri \u00fcss\u00fc\u2019 konumuna ta\u015f\u0131mak. Bir ba\u015fka deyi\u015fle b\u00f6lgenin \u2018oyun kurucusu\u2019 olaca\u011f\u0131z\u201d<\/em> dedi. Bu vizyonla ocak ay\u0131nda yeni bir \u015firket kurulu\u015fu i\u00e7in ad\u0131m att\u0131klar\u0131n\u0131 s\u00f6yleyen Turkcell Genel M\u00fcd\u00fcr\u00fc, <strong>TDC ad\u0131yla<\/strong> kurulu\u015f a\u015famas\u0131nda olan \u015firketin,<strong> \u2018k\u00fcresel veri sahipli\u011fi\u2019 alan\u0131nda<\/strong>, T\u00fcrkiye\u2019yi global arenaya ta\u015f\u0131ma hedefiyle \u00e7al\u0131\u015fmaya ba\u015flad\u0131\u011f\u0131n\u0131 ifade etti.<\/p>\n<h3><strong>Veri Merkezi Yat\u0131r\u0131mlar\u0131 350 Milyon Dolar\u0131 A\u015ft\u0131<\/strong><\/h3>\n<p>4\u2019\u00fc yeni nesil olmak \u00fczere toplam 33 veri merkezinde yakla\u015f\u0131k 32 bin metrekare aktif beyaz alana sahip olduklar\u0131n\u0131 belirten Ali Taha Ko\u00e7, <em>\u201c4 yeni nesil veri merkezimizle 4 bin yerli ve yabanc\u0131 \u015firkete <strong>bulut ve veri bar\u0131nd\u0131rma hizmeti<\/strong> sunuyoruz. Teknolojinin ve verinin g\u00fc\u00e7 oldu\u011fu bu yeni d\u00fcnyada Turkcell olarak pozisyonumuzu g\u00fc\u00e7lendiriyoruz, T\u00fcrkiye\u2019yi b\u00f6lgenin veri \u00fcss\u00fc haline getirmek i\u00e7in var g\u00fcc\u00fcm\u00fczle \u00e7al\u0131\u015f\u0131yoruz\u201d<\/em> dedi ve yeni yat\u0131r\u0131mlar\u0131n\u0131n ayr\u0131nt\u0131lar\u0131n\u0131 payla\u015ft\u0131:<\/p>\n<p><em>\u201c<strong>TDC Veri Bar\u0131nd\u0131rma Hizmetleri<\/strong> ismiyle kuraca\u011f\u0131m\u0131z \u015firketimizin i\u015f hedefi; \u00fclkemizi d\u00fcnyan\u0131n en \u00f6nde gelen <strong>veri ve bulut teknolojileri \u00fcslerinden biri<\/strong> haline getirmek. Avrupa Veri Merkezimizle birlikte, bu alanda bug\u00fcne kadar yapt\u0131\u011f\u0131m\u0131z yat\u0131r\u0131mlar<strong> 350 milyon dolar\u0131<\/strong> a\u015ft\u0131. Bu ad\u0131mlar\u0131, T\u00fcrkiye\u2019yi yak\u0131n co\u011frafyan\u0131n veri \u00fcss\u00fcne d\u00f6n\u00fc\u015ft\u00fcrmek i\u00e7in att\u0131k.\u201d<\/em><\/p>\n<h3><strong>\u201cTeknoloji D\u00fcnyas\u0131nda G\u00fc\u00e7 5\u2019te De\u011fil, \u2018Veri\u2019ye Sahip Olanda\u201d<\/strong><\/h3>\n<p>Teknoloji d\u00fcnyas\u0131ndaki global de\u011fi\u015fime de de\u011finen Ali Taha Ko\u00e7 \u015funlar\u0131 s\u00f6yledi: <em>\u201c\u0130nsanl\u0131\u011f\u0131n bug\u00fcne kadar ortaya \u00e7\u0131kard\u0131\u011f\u0131 t\u00fcm teknolojilerden daha farkl\u0131 bir \u2018\u015fey\u2019 ile kar\u015f\u0131 kar\u015f\u0131yay\u0131z: Yapay Zek\u00e2. \u00c7ok h\u0131zl\u0131 ve \u00e7ok kompleks bir geli\u015fime tan\u0131k oluyoruz. Asl\u0131nda bu bir \u00e7a\u011f de\u011fi\u015fimi. \u2018Herkesi birbirine ba\u011flamaktan her \u015feyi birbirine ba\u011flama\u2019 \u00e7a\u011f\u0131na ge\u00e7tik. Bu \u00e7a\u011fda; teknoloji ile veri aras\u0131nda kar\u015f\u0131l\u0131kl\u0131 bir beslenme d\u00f6ng\u00fcs\u00fc var. Dolay\u0131s\u0131yla \u2018veri sahipli\u011fi\u2019 b\u00fcy\u00fck \u00f6nem ta\u015f\u0131yor. Say\u0131n Cumhurba\u015fkan\u0131m\u0131z\u0131n hep s\u00f6yledi\u011fi <strong>\u2018D\u00fcnya be\u015ften b\u00fcy\u00fckt\u00fcr\u2019<\/strong> ifadesi bu konu i\u00e7in de ge\u00e7erli. Zira teknoloji d\u00fcnyas\u0131nda <strong>g\u00fc\u00e7 \u20185\u2019te de\u011fil, \u2018veri\u2019ye sahip olanda<\/strong>, veriyi depolayanda, i\u015fleyende ve analiz edenlerde. \u0130nan\u0131yorum ki, Turkcell \u00f6nc\u00fcl\u00fc\u011f\u00fcnde yeni d\u00fcnyan\u0131n \u2018yeni g\u00fc\u00e7 arenas\u0131\u2019nda T\u00fcrkiye de olacak.\u201d<\/em><\/p>","protected":false},"excerpt":{"rendered":"<p>Sorry, this entry is only available in Turkish. For the sake of viewer convenience, the content is shown below in the alternative language. You may click the link to switch the active language. Turkcell, 24 y\u0131ld\u0131r i\u015flem g\u00f6rd\u00fc\u011f\u00fc New York Borsas\u0131\u2019nda (NYSE), \u015firketin 30\u2019uncu kurulu\u015f y\u0131l\u0131 dolay\u0131s\u0131yla gong t\u00f6reni d\u00fczenledi. 8 Temmuz Pazartesi piyasa kapan\u0131\u015f\u0131yla [&hellip;]<\/p>\n","protected":false},"author":1,"featured_media":189990,"comment_status":"open","ping_status":"open","sticky":false,"template":"","format":"standard","meta":[],"categories":[53,157],"tags":[114499,31910,114500,138,8886],"views":36,"_links":{"self":[{"href":"https:\/\/www.enerjigazetesi.ist\/en\/wp-json\/wp\/v2\/posts\/189988"}],"collection":[{"href":"https:\/\/www.enerjigazetesi.ist\/en\/wp-json\/wp\/v2\/posts"}],"about":[{"href":"https:\/\/www.enerjigazetesi.ist\/en\/wp-json\/wp\/v2\/types\/post"}],"author":[{"embeddable":true,"href":"https:\/\/www.enerjigazetesi.ist\/en\/wp-json\/wp\/v2\/users\/1"}],"replies":[{"embeddable":true,"href":"https:\/\/www.enerjigazetesi.ist\/en\/wp-json\/wp\/v2\/comments?post=189988"}],"version-history":[{"count":0,"href":"https:\/\/www.enerjigazetesi.ist\/en\/wp-json\/wp\/v2\/posts\/189988\/revisions"}],"wp:featuredmedia":[{"embeddable":true,"href":"https:\/\/www.enerjigazetesi.ist\/en\/wp-json\/wp\/v2\/media\/189990"}],"wp:attachment":[{"href":"https:\/\/www.enerjigazetesi.ist\/en\/wp-json\/wp\/v2\/media?parent=189988"}],"wp:term":[{"taxonomy":"category","embeddable":true,"href":"https:\/\/www.enerjigazetesi.ist\/en\/wp-json\/wp\/v2\/categories?post=189988"},{"taxonomy":"post_tag","embeddable":true,"href":"https:\/\/www.enerjigazetesi.ist\/en\/wp-json\/wp\/v2\/tags?post=189988"}],"curies":[{"name":"wp","href":"https:\/\/api.w.org\/{rel}","templated":true}]}}