{"id":189953,"date":"2024-07-06T18:04:40","date_gmt":"2024-07-06T15:04:40","guid":{"rendered":"https:\/\/www.enerjigazetesi.ist\/?p=189953"},"modified":"2024-07-06T18:04:40","modified_gmt":"2024-07-06T15:04:40","slug":"alman-firmalari-enerji-maliyeti-endiseleriyle-gunes-yatirimlarini-artiriyor","status":"publish","type":"post","link":"https:\/\/www.enerjigazetesi.ist\/en\/alman-firmalari-enerji-maliyeti-endiseleriyle-gunes-yatirimlarini-artiriyor\/","title":{"rendered":"(Turkish) Alman Firmalar\u0131 Enerji Maliyeti Endi\u015feleriyle G\u00fcne\u015f Yat\u0131r\u0131mlar\u0131n\u0131 Art\u0131r\u0131yor"},"content":{"rendered":"<p class=\"qtranxs-available-languages-message qtranxs-available-languages-message-en\">Sorry, this entry is only available in <a href=\"https:\/\/www.enerjigazetesi.ist\/tr\/wp-json\/wp\/v2\/posts\/189953\" class=\"qtranxs-available-language-link qtranxs-available-language-link-tr\" title=\"Turkish\">Turkish<\/a>. For the sake of viewer convenience, the content is shown below in the alternative language. You may click the link to switch the active language.<\/p><p><\/p>\n<h2>Artan enerji maliyetleri ve karbon emisyonlar\u0131yla m\u00fccadele etmek isteyen Alman \u015firketleri g\u00fcne\u015f enerjisine giderek daha fazla yat\u0131r\u0131m yap\u0131yor. Th\u00fcringen\u2019de orta \u00f6l\u00e7ekli bir metal \u00fcr\u00fcnleri fabrikas\u0131 olan Tridelta, k\u0131sa bir s\u00fcre \u00f6nce \u00e7at\u0131s\u0131 i\u00e7in g\u00fcne\u015f panellerine 2,3 milyon \u20ac (2,5 milyon $) yat\u0131r\u0131m yapmaya karar verdi. Aylar s\u00fcren m\u00fczakerelerin ard\u0131ndan al\u0131nan bu karar\u0131n sadece fabrikaya de\u011fil yakla\u015f\u0131k 900 haneye de enerji sa\u011flamas\u0131 bekleniyor.<\/h2>\n<p style=\"text-align: center;\"><img loading=\"lazy\" class=\"aligncenter wp-image-189955\" src=\"https:\/\/www.enerjigazetesi.ist\/wp-content\/uploads\/2024\/07\/alman-firmalari-enerji-maliyeti-endiseleriyle-gunes-yatirimlarini-artiriyor.jpg\" alt=\"\" width=\"500\" height=\"334\" srcset=\"https:\/\/www.enerjigazetesi.ist\/wp-content\/uploads\/2024\/07\/alman-firmalari-enerji-maliyeti-endiseleriyle-gunes-yatirimlarini-artiriyor.jpg 550w, https:\/\/www.enerjigazetesi.ist\/wp-content\/uploads\/2024\/07\/alman-firmalari-enerji-maliyeti-endiseleriyle-gunes-yatirimlarini-artiriyor-300x200.jpg 300w, https:\/\/www.enerjigazetesi.ist\/wp-content\/uploads\/2024\/07\/alman-firmalari-enerji-maliyeti-endiseleriyle-gunes-yatirimlarini-artiriyor-500x334.jpg 500w, https:\/\/www.enerjigazetesi.ist\/wp-content\/uploads\/2024\/07\/alman-firmalari-enerji-maliyeti-endiseleriyle-gunes-yatirimlarini-artiriyor-75x50.jpg 75w, https:\/\/www.enerjigazetesi.ist\/wp-content\/uploads\/2024\/07\/alman-firmalari-enerji-maliyeti-endiseleriyle-gunes-yatirimlarini-artiriyor-450x300.jpg 450w\" sizes=\"(max-width: 500px) 100vw, 500px\" \/><\/p>\n<p>Tridelta\u2019da g\u00fcne\u015f enerjisi yat\u0131r\u0131m\u0131n\u0131 savunan Philip Matthias, fotovoltaik sistemlerin yakla\u015f\u0131k<strong> 7,5 y\u0131l i\u00e7inde<\/strong> kendini <strong>amorti edece\u011fini<\/strong> ve <strong>20 y\u0131ll\u0131k \u00fcretici garantisiyle<\/strong> \u00e7ok karl\u0131 bir yat\u0131r\u0131m oldu\u011funu belirterek ekonomik faydalar\u0131n alt\u0131n\u0131 \u00e7izdi.<\/p>\n<p>G\u00fcne\u015f enerjisine y\u00f6nelik bu kurumsal kayma, Rusya\u2019dan Almanya\u2019ya fosil yak\u0131t ihracat\u0131nda \u00f6nemli bir azalmaya neden olan Ukrayna\u2019daki sava\u015fla katalize oldu. Buna kar\u015f\u0131l\u0131k olarak <strong>Alman h\u00fck\u00fcmeti, 2030 y\u0131l\u0131na kadar \u00fclke enerjisinin %80\u2019inin yenilenebilir kaynaklardan<\/strong> elde edilmesini hedefleyerek g\u00fcne\u015f enerjisinin yayg\u0131nla\u015fmas\u0131n\u0131 h\u0131zland\u0131rmak i\u00e7in bir yasa \u00e7\u0131kard\u0131.<\/p>\n<p>G\u00fcne\u015f enerjisine y\u00f6nelim, yenilenebilir enerji \u00fcreticileri i\u00e7in bir fiyat garantisi sa\u011flayan tarife garantisi ve g\u00fcne\u015f panellerinin azalan maliyetleri gibi te\u015fviklerle daha da te\u015fvik edilmektedir. Almanya g\u00fcne\u015f ve r\u00fczgar enerjisi \u00fcretim kapasitesinde Avrupa\u2019da lider olmas\u0131na ra\u011fmen, k\u00fc\u00e7\u00fck ve orta \u00f6l\u00e7ekli i\u015fletmeler y\u00fcksek \u015febeke \u00fccretleri ve vergiler nedeniyle d\u00fc\u015f\u00fck elektrik fiyatlar\u0131ndan faydalanmakta yava\u015f kald\u0131. Bu \u015firketler kendi g\u00fcne\u015f enerjilerini \u00fcreterek bu t\u00fcr maliyetleri bertaraf edebilirler.<\/p>\n<p><strong>BDEW kamu hizmetleri birli\u011finden<\/strong> al\u0131nan veriler, \u015firketlerin 2023 y\u0131l\u0131nda Almanya\u2019daki elektri\u011fin yakla\u015f\u0131k %69\u2019unu t\u00fcketece\u011fini g\u00f6steriyor. Enerji uzman\u0131 Marie-Theres Husken, elektrik fiyatlar\u0131n\u0131n d\u00fc\u015fmesinin beklenmemesi nedeniyle, g\u00fcne\u015f panellerinin ekonomik a\u00e7\u0131dan uygulanabilirli\u011finin i\u015fletmeler i\u00e7in daha belirgin hale geldi\u011fini belirtti.<\/p>\n<p>Y\u0131l\u0131n ilk d\u00f6rt ay\u0131nda i\u015fletmelerin \u00e7at\u0131lar\u0131na kurulan fotovoltaik kapasite %81 oran\u0131nda artarak konut sekt\u00f6r\u00fcndeki %1\u2019lik b\u00fcy\u00fcmeyi \u00f6nemli \u00f6l\u00e7\u00fcde geride b\u0131rakt\u0131. YouGov taraf\u0131ndan May\u0131s ay\u0131nda yap\u0131lan bir anket, uygun \u00e7at\u0131lara sahip Alman \u015firketlerinin yar\u0131s\u0131ndan fazlas\u0131n\u0131n \u00f6n\u00fcm\u00fczdeki \u00fc\u00e7 y\u0131l i\u00e7inde g\u00fcne\u015f enerjisi sistemleri kurmay\u0131 planlad\u0131\u011f\u0131n\u0131 g\u00f6sterdi. BVMW derne\u011fi, 2030 y\u0131l\u0131na kadar Almanya\u2019daki neredeyse t\u00fcm imalat firmalar\u0131n\u0131n g\u00fcne\u015f enerjisi kullanaca\u011f\u0131n\u0131 \u00f6ng\u00f6r\u00fcyor.<\/p>\n<p>Almanya\u2019n\u0131n en b\u00fcy\u00fck konut tipi g\u00fcne\u015f enerjisi geli\u015ftiricisi olan Enpal, artan talebi kar\u015f\u0131lamak i\u00e7in ticari sekt\u00f6re do\u011fru geni\u015fledi. Ticari ve end\u00fcstriyel g\u00fcne\u015f enerjisi giri\u015fimi Enviria\u2019n\u0131n CEO\u2019su Melchior Schulze Brock, <strong>g\u00fcne\u015f enerjisi \u00e7\u00f6z\u00fcmlerine<\/strong> y\u00f6nelik <strong>talepteki s\u00fcrd\u00fcr\u00fclebilir b\u00fcy\u00fcme<\/strong> konusunda iyimser oldu\u011funu ifade etti.<\/p>\n<p><strong>Nisan ay\u0131nda Uygulamal\u0131 Ekoloji Enstit\u00fcs\u00fc taraf\u0131ndan<\/strong> yap\u0131lan ara\u015ft\u0131rma, \u00fclke genelinde <strong>287 gigawatt<\/strong>\u2019a kadar g\u00fcne\u015f enerjisi kapasitesi kurma potansiyelini ortaya koyarak h\u00fck\u00fcmetin <strong>2030 hedefi olan 215 gigawatt<\/strong>\u2019\u0131 a\u015ft\u0131. Bu kapasite yollar, demiryollar\u0131 ve otoparklar gibi altyap\u0131lar \u00fczerine kurulabilir ve genellikle uzun izin s\u00fcre\u00e7leriyle kar\u015f\u0131 kar\u015f\u0131ya kalan tar\u0131m arazilerine olan ihtiyac\u0131 azaltabilir.<\/p>\n<p>Ge\u00e7en y\u0131ldan bu yana d\u00fcnya genelinde g\u00fcne\u015f paneli fiyatlar\u0131ndaki d\u00fc\u015f\u00fc\u015f de g\u00fcne\u015f enerjisi al\u0131m\u0131na katk\u0131da bulundu. Tridelta\u2019dan Matthias, mevcut sistemlerin bir y\u0131l \u00f6ncesine g\u00f6re yakla\u015f\u0131k %20 daha ucuz oldu\u011funu ve bunun b\u00fcy\u00fck \u00f6l\u00e7\u00fcde \u00c7in\u2019den gelen uygun fiyatl\u0131, y\u00fcksek kaliteli panellerin mevcudiyetinden kaynakland\u0131\u011f\u0131n\u0131 belirtti.<\/p>\n<p>Nisan ay\u0131nda b\u00fcy\u00fck \u00e7at\u0131 sistemleri i\u00e7in d\u00fczenlemeleri hafifleten ve s\u00fcbvansiyonlar\u0131 art\u0131ran mevzuat de\u011fi\u015fikliklerinin yan\u0131 s\u0131ra g\u00fcne\u015f panelleri i\u015fleten gayrimenkul fonlar\u0131 i\u00e7in beklenen vergi reformlar\u0131n\u0131n talebi daha da art\u0131rmas\u0131 bekleniyor. B\u00fcy\u00fck \u00f6l\u00e7ekli \u00e7at\u0131 \u00fcst\u00fc fotovoltaik projeleri i\u00e7in 2021 y\u0131l\u0131nda uygulamaya konulan ve ihaleler yoluyla tahsis edilen s\u00fcbvansiyonlar da bu e\u011filimi destekledi. \u015eubat ay\u0131ndaki son ihalede tekliflerde bir \u00f6nceki y\u0131la g\u00f6re %107\u2019lik bir art\u0131\u015f g\u00f6r\u00fcld\u00fc.<\/p>\n<p>Tridelta \u015fu anda <strong>kilovat-saat ba\u015f\u0131na 9,3 avro sentlik<\/strong> bir <strong>tarife garantisinden<\/strong> faydalan\u0131yor; bu tarife, elektrik i\u00e7in \u00f6dedikleri fiyattan daha y\u00fcksek ve bu da \u00fcrettikleri elektri\u011fi \u015febekeye satmay\u0131 ve gerekti\u011finde geri almay\u0131 daha uygun maliyetli hale getiriyor. <strong>Sunrock \u0130cra Direkt\u00f6r\u00fc Hugo Willink<\/strong>, bu tarifeler ile solar PV \u00e7at\u0131 projelerindeki art\u0131\u015f aras\u0131ndaki g\u00fc\u00e7l\u00fc ba\u011flant\u0131y\u0131 vurgulad\u0131.<\/p>\n<p>May\u0131s ay\u0131nda Mercedes Benz (ETR:MBGn) ile otomobil \u00fcreticisinin fabrika \u00e7at\u0131lar\u0131nda<strong> 23 megavatl\u0131k<\/strong> bir <strong>g\u00fcne\u015f enerjisi projesi in\u015fa etmek<\/strong> \u00fczere s\u00f6zle\u015fme imzalayan Sunrock, Almanya\u2019y\u0131 \u00f6n\u00fcm\u00fczdeki y\u0131l i\u00e7in kilit bir pazar olarak g\u00f6r\u00fcyor. Alman ekonomi bakanl\u0131\u011f\u0131, <strong>\u015firketlerin elektrik ticareti stratejileri hakk\u0131nda<\/strong> yorum yapmad\u0131.<\/p>\n<p>Kaynak:\u00a0Investing.com<\/p>","protected":false},"excerpt":{"rendered":"<p>Sorry, this entry is only available in Turkish. For the sake of viewer convenience, the content is shown below in the alternative language. You may click the link to switch the active language. Artan enerji maliyetleri ve karbon emisyonlar\u0131yla m\u00fccadele etmek isteyen Alman \u015firketleri g\u00fcne\u015f enerjisine giderek daha fazla yat\u0131r\u0131m yap\u0131yor. Th\u00fcringen\u2019de orta \u00f6l\u00e7ekli bir [&hellip;]<\/p>\n","protected":false},"author":1,"featured_media":189955,"comment_status":"open","ping_status":"open","sticky":false,"template":"","format":"standard","meta":[],"categories":[51,53,49],"tags":[62122,36606,32516,431,5982,108,114484,114483],"views":48,"_links":{"self":[{"href":"https:\/\/www.enerjigazetesi.ist\/en\/wp-json\/wp\/v2\/posts\/189953"}],"collection":[{"href":"https:\/\/www.enerjigazetesi.ist\/en\/wp-json\/wp\/v2\/posts"}],"about":[{"href":"https:\/\/www.enerjigazetesi.ist\/en\/wp-json\/wp\/v2\/types\/post"}],"author":[{"embeddable":true,"href":"https:\/\/www.enerjigazetesi.ist\/en\/wp-json\/wp\/v2\/users\/1"}],"replies":[{"embeddable":true,"href":"https:\/\/www.enerjigazetesi.ist\/en\/wp-json\/wp\/v2\/comments?post=189953"}],"version-history":[{"count":0,"href":"https:\/\/www.enerjigazetesi.ist\/en\/wp-json\/wp\/v2\/posts\/189953\/revisions"}],"wp:featuredmedia":[{"embeddable":true,"href":"https:\/\/www.enerjigazetesi.ist\/en\/wp-json\/wp\/v2\/media\/189955"}],"wp:attachment":[{"href":"https:\/\/www.enerjigazetesi.ist\/en\/wp-json\/wp\/v2\/media?parent=189953"}],"wp:term":[{"taxonomy":"category","embeddable":true,"href":"https:\/\/www.enerjigazetesi.ist\/en\/wp-json\/wp\/v2\/categories?post=189953"},{"taxonomy":"post_tag","embeddable":true,"href":"https:\/\/www.enerjigazetesi.ist\/en\/wp-json\/wp\/v2\/tags?post=189953"}],"curies":[{"name":"wp","href":"https:\/\/api.w.org\/{rel}","templated":true}]}}