{"id":189929,"date":"2024-07-05T20:36:52","date_gmt":"2024-07-05T17:36:52","guid":{"rendered":"https:\/\/www.enerjigazetesi.ist\/?p=189929"},"modified":"2024-07-05T20:37:11","modified_gmt":"2024-07-05T17:37:11","slug":"turkiye-nin-yenilenebilir-enerji-entegrasyon-yatirim-plani-goruse-sunuldu","status":"publish","type":"post","link":"https:\/\/www.enerjigazetesi.ist\/en\/turkiye-nin-yenilenebilir-enerji-entegrasyon-yatirim-plani-goruse-sunuldu\/","title":{"rendered":"(Turkish) T\u00fcrkiye\u2019nin Yenilenebilir Enerji Entegrasyon Yat\u0131r\u0131m Plan\u0131 G\u00f6r\u00fc\u015fe Sunuldu"},"content":{"rendered":"<p class=\"qtranxs-available-languages-message qtranxs-available-languages-message-en\">Sorry, this entry is only available in <a href=\"https:\/\/www.enerjigazetesi.ist\/tr\/wp-json\/wp\/v2\/posts\/189929\" class=\"qtranxs-available-language-link qtranxs-available-language-link-tr\" title=\"Turkish\">Turkish<\/a>. For the sake of viewer convenience, the content is shown below in the alternative language. You may click the link to switch the active language.<\/p><p><\/p>\n<h2><strong>Enerji ve Tabii Kaynaklar Bakanl\u0131\u011f\u0131, T\u00fcrkiye Yenilenebilir Enerji Entegrasyon Yat\u0131r\u0131m Plan\u0131&#8217;n\u0131n taslak \u00e7al\u0131\u015fmas\u0131n\u0131 sekt\u00f6r g\u00f6r\u00fc\u015f\u00fcne sundu\u011funu a\u00e7\u0131klad\u0131.<\/strong><\/h2>\n<p style=\"text-align: center;\"><img loading=\"lazy\" class=\"aligncenter wp-image-189931\" src=\"https:\/\/www.enerjigazetesi.ist\/wp-content\/uploads\/2024\/07\/turkiye-nin-yenilenebilir-enerji-entegrasyon-yatirim-plani-goruse-sunuldu.jpg\" alt=\"\" width=\"500\" height=\"345\" srcset=\"https:\/\/www.enerjigazetesi.ist\/wp-content\/uploads\/2024\/07\/turkiye-nin-yenilenebilir-enerji-entegrasyon-yatirim-plani-goruse-sunuldu.jpg 550w, https:\/\/www.enerjigazetesi.ist\/wp-content\/uploads\/2024\/07\/turkiye-nin-yenilenebilir-enerji-entegrasyon-yatirim-plani-goruse-sunuldu-300x207.jpg 300w, https:\/\/www.enerjigazetesi.ist\/wp-content\/uploads\/2024\/07\/turkiye-nin-yenilenebilir-enerji-entegrasyon-yatirim-plani-goruse-sunuldu-500x345.jpg 500w, https:\/\/www.enerjigazetesi.ist\/wp-content\/uploads\/2024\/07\/turkiye-nin-yenilenebilir-enerji-entegrasyon-yatirim-plani-goruse-sunuldu-73x50.jpg 73w\" sizes=\"(max-width: 500px) 100vw, 500px\" \/><\/p>\n<p>Uluslararas\u0131 \u0130mar ve Kalk\u0131nma Bankas\u0131 (IBRD), Uluslararas\u0131 Finans Kurumu (IFC), Avrupa \u0130mar ve Kalk\u0131nma Bankas\u0131 (EBRD), Hazine ve Maliye Bakanl\u0131\u011f\u0131 ve Enerji ve Tabii Kaynaklar Bakanl\u0131\u011f\u0131 (ETKB) aras\u0131nda ger\u00e7ekle\u015ftirilen isti\u015fareler sonucunda <strong>Temiz Teknoloji Fonu (CTF) Yenilenebilir Enerji Entegrasyonu Program\u0131na (REIP)<\/strong> teklif edilmek \u00fczere haz\u0131rlanan <strong>Yat\u0131r\u0131m Plan\u0131 (IP)<\/strong>, <strong>12 Temmuz 2024 tarihine kadar ekte g\u00f6r\u00fc\u015fe sunulmaktad\u0131r.<\/strong><\/p>\n<p>Sekt\u00f6r payda\u015f\u0131 kurum ve kurulu\u015flar\u0131n muhtemel g\u00f6r\u00fc\u015f ve de\u011ferlendirmeleri, <strong>a\u015fa\u011f\u0131da yer alan e-posta adreslerinin<\/strong> <strong>her ikisine birden g\u00f6nderilmek<\/strong> suretiyle iletilebilir.<\/p>\n<p><a href=\"mailto:iklim@hmb.gov.tr\" target=\"_blank\" rel=\"noopener\">iklim@hmb.gov.tr<\/a><\/p>\n<p><a href=\"mailto:dia2@enerji.gov.tr\" target=\"_blank\" rel=\"noopener\">dia2@enerji.gov.tr<\/a><\/p>\n<p><strong>Ayr\u0131nt\u0131l\u0131 Bilgiye Ula\u015fmak \u0130\u00e7in <a href=\"https:\/\/enerji.gov.tr\/duyuru-detay?id=20460\" target=\"_blank\" rel=\"noopener\">T\u0131klay\u0131n&gt;&gt;<\/a><\/strong><\/p>","protected":false},"excerpt":{"rendered":"<p>Sorry, this entry is only available in Turkish. For the sake of viewer convenience, the content is shown below in the alternative language. You may click the link to switch the active language. Enerji ve Tabii Kaynaklar Bakanl\u0131\u011f\u0131, T\u00fcrkiye Yenilenebilir Enerji Entegrasyon Yat\u0131r\u0131m Plan\u0131&#8217;n\u0131n taslak \u00e7al\u0131\u015fmas\u0131n\u0131 sekt\u00f6r g\u00f6r\u00fc\u015f\u00fcne sundu\u011funu a\u00e7\u0131klad\u0131. Uluslararas\u0131 \u0130mar ve Kalk\u0131nma Bankas\u0131 [&hellip;]<\/p>\n","protected":false},"author":1,"featured_media":189931,"comment_status":"open","ping_status":"open","sticky":false,"template":"","format":"standard","meta":[],"categories":[51,53],"tags":[114471,114472],"views":23,"_links":{"self":[{"href":"https:\/\/www.enerjigazetesi.ist\/en\/wp-json\/wp\/v2\/posts\/189929"}],"collection":[{"href":"https:\/\/www.enerjigazetesi.ist\/en\/wp-json\/wp\/v2\/posts"}],"about":[{"href":"https:\/\/www.enerjigazetesi.ist\/en\/wp-json\/wp\/v2\/types\/post"}],"author":[{"embeddable":true,"href":"https:\/\/www.enerjigazetesi.ist\/en\/wp-json\/wp\/v2\/users\/1"}],"replies":[{"embeddable":true,"href":"https:\/\/www.enerjigazetesi.ist\/en\/wp-json\/wp\/v2\/comments?post=189929"}],"version-history":[{"count":0,"href":"https:\/\/www.enerjigazetesi.ist\/en\/wp-json\/wp\/v2\/posts\/189929\/revisions"}],"wp:featuredmedia":[{"embeddable":true,"href":"https:\/\/www.enerjigazetesi.ist\/en\/wp-json\/wp\/v2\/media\/189931"}],"wp:attachment":[{"href":"https:\/\/www.enerjigazetesi.ist\/en\/wp-json\/wp\/v2\/media?parent=189929"}],"wp:term":[{"taxonomy":"category","embeddable":true,"href":"https:\/\/www.enerjigazetesi.ist\/en\/wp-json\/wp\/v2\/categories?post=189929"},{"taxonomy":"post_tag","embeddable":true,"href":"https:\/\/www.enerjigazetesi.ist\/en\/wp-json\/wp\/v2\/tags?post=189929"}],"curies":[{"name":"wp","href":"https:\/\/api.w.org\/{rel}","templated":true}]}}