{"id":189902,"date":"2024-07-04T19:33:12","date_gmt":"2024-07-04T16:33:12","guid":{"rendered":"https:\/\/www.enerjigazetesi.ist\/?p=189902"},"modified":"2024-07-04T19:35:56","modified_gmt":"2024-07-04T16:35:56","slug":"enerji-verimliligi-temali-resim-ve-oyku-yarismasinin-kazananlari-belli-oldu","status":"publish","type":"post","link":"https:\/\/www.enerjigazetesi.ist\/en\/enerji-verimliligi-temali-resim-ve-oyku-yarismasinin-kazananlari-belli-oldu\/","title":{"rendered":"(Turkish) Enerji Verimlili\u011fi Temal\u0131 Resim ve \u00d6yk\u00fc Yar\u0131\u015fmas\u0131\u2019n\u0131n Kazananlar\u0131 Belli Oldu"},"content":{"rendered":"<p class=\"qtranxs-available-languages-message qtranxs-available-languages-message-en\">Sorry, this entry is only available in <a href=\"https:\/\/www.enerjigazetesi.ist\/tr\/wp-json\/wp\/v2\/posts\/189902\" class=\"qtranxs-available-language-link qtranxs-available-language-link-tr\" title=\"Turkish\">Turkish<\/a>. For the sake of viewer convenience, the content is shown below in the alternative language. You may click the link to switch the active language.<\/p><p><\/p>\n<h2>Enerji verimlili\u011fi bilincini art\u0131rmak ve yayg\u0131nla\u015ft\u0131rmak amac\u0131yla Enerji ve Tabii Kaynaklar Bakanl\u0131\u011f\u0131 ile Mill\u00ee E\u011fitim Bakanl\u0131\u011f\u0131 i\u015f birli\u011fiyle d\u00fczenlenen resim ve \u00f6yk\u00fc yar\u0131\u015fmas\u0131n\u0131n kazananlar\u0131 belli oldu.<\/h2>\n<p style=\"text-align: center;\"><img loading=\"lazy\" class=\"aligncenter wp-image-189904\" src=\"https:\/\/www.enerjigazetesi.ist\/wp-content\/uploads\/2024\/07\/enerji-verimliligi-temali-resim-ve-oyku-yarismasinin-kazananlari-belli-oldu.jpg\" alt=\"\" width=\"500\" height=\"329\" srcset=\"https:\/\/www.enerjigazetesi.ist\/wp-content\/uploads\/2024\/07\/enerji-verimliligi-temali-resim-ve-oyku-yarismasinin-kazananlari-belli-oldu.jpg 550w, https:\/\/www.enerjigazetesi.ist\/wp-content\/uploads\/2024\/07\/enerji-verimliligi-temali-resim-ve-oyku-yarismasinin-kazananlari-belli-oldu-300x197.jpg 300w, https:\/\/www.enerjigazetesi.ist\/wp-content\/uploads\/2024\/07\/enerji-verimliligi-temali-resim-ve-oyku-yarismasinin-kazananlari-belli-oldu-500x329.jpg 500w, https:\/\/www.enerjigazetesi.ist\/wp-content\/uploads\/2024\/07\/enerji-verimliligi-temali-resim-ve-oyku-yarismasinin-kazananlari-belli-oldu-76x50.jpg 76w\" sizes=\"(max-width: 500px) 100vw, 500px\" \/><\/p>\n<p>\u0130lkokul ve ortaokul \u00f6\u011frencilerinin kat\u0131l\u0131m\u0131yla d\u00fczenlenen yar\u0131\u015fmaya T\u00fcrkiye\u2019nin d\u00f6rt bir yan\u0131ndan ba\u015fvuru yap\u0131ld\u0131. <strong>53<\/strong> ilden <strong>1126<\/strong> \u00f6yk\u00fc ve <strong>57<\/strong> ilden gelen <strong>2006<\/strong> resim Mill\u00ee E\u011fitim Bakanl\u0131\u011f\u0131 taraf\u0131ndan g\u00f6revlendirilen edebiyat ve resim \u00f6\u011fretmenlerinden olu\u015fan j\u00fcri taraf\u0131ndan titizlikle de\u011ferlendirilerek kazananlar belirlendi.<\/p>\n<h3>\u00d6d\u00fcl Kazanan Eserler Bakanl\u0131kta Sergilendi<\/h3>\n<p>Dereceye giren eserler, Enerji ve Tabii Kaynaklar Bakanl\u0131\u011f\u0131&#8217;nda sergilendi. Sergiye bakanl\u0131k \u00e7al\u0131\u015fanlar\u0131 yo\u011fun ilgi g\u00f6sterdi. Eserler, enerji verimlili\u011finin \u00f6nemini vurgulayan yarat\u0131c\u0131 ve etkileyici anlat\u0131mlar\u0131yla b\u00fcy\u00fck be\u011feni toplad\u0131. Bakanl\u0131k yetkilileri, \u00f6\u011frencilerin bu konudaki fark\u0131ndal\u0131k d\u00fczeyinin ve sanatsal yeteneklerinin y\u00fcksek olmas\u0131ndan duyduklar\u0131 memnuniyeti dile getirdi.<\/p>\n<h3>Dereceye Giren \u00d6\u011frencilere Tablet Hediye Edildi<\/h3>\n<p><strong>Resim kategorisinde<\/strong> <strong>birincilik<\/strong> \u00f6d\u00fcl\u00fcn\u00fc <strong>Ordu Anafarta \u0130lkokulu 4. s\u0131n\u0131f \u00f6\u011frencisi Beste Erfalay<\/strong> kazand\u0131. <strong>\u0130kincilik \u00f6d\u00fcl\u00fcn\u00fc Konya Sel\u00e7uk B\u0130LSEM 4. s\u0131n\u0131f \u00f6\u011frencisi H\u00fcma Ak\u00e7a<\/strong> al\u0131rken, <strong>\u00fc\u00e7\u00fcnc\u00fcl\u00fck \u00f6d\u00fcl\u00fcn\u00fc ise Trabzon Ye\u015filtepe \u0130lkokulu 4. s\u0131n\u0131f \u00f6\u011frencisi Masal Gezmi\u015f<\/strong> elde etti. <strong>\u00d6yk\u00fc<\/strong> kategorisinde ise <strong>birinci Bolu Gazipa\u015fa Ortaokulu 8\u2019inci s\u0131n\u0131f \u00f6\u011frencisi Rana Atalay<\/strong> oldu. <strong>K\u0131r\u0131kkale Atat\u00fcrk Ortaokulu 8\u2019inci s\u0131n\u0131f \u00f6\u011frencisi Zeynep Nur Eser ikinci<\/strong> olurken, <strong>Sinop Atat\u00fcrk Ortaokulu 7\u2019nci s\u0131n\u0131f \u00f6\u011frencisi Haktan Emir K\u0131z\u0131lkaya ise \u00fc\u00e7\u00fcnc\u00fc<\/strong> oldu. Enerji verimlili\u011fi konusuna dikkat \u00e7ekerek <strong>dereceye giren \u00f6\u011frencilere tablet hediye<\/strong> edildi.<\/p>\n<p>Kaynak: <a href=\"https:\/\/enerji.gov.tr\/haber-detay?id=21321\" target=\"_blank\" rel=\"noopener\">ETKB<\/a><\/p>","protected":false},"excerpt":{"rendered":"<p>Sorry, this entry is only available in Turkish. For the sake of viewer convenience, the content is shown below in the alternative language. You may click the link to switch the active language. Enerji verimlili\u011fi bilincini art\u0131rmak ve yayg\u0131nla\u015ft\u0131rmak amac\u0131yla Enerji ve Tabii Kaynaklar Bakanl\u0131\u011f\u0131 ile Mill\u00ee E\u011fitim Bakanl\u0131\u011f\u0131 i\u015f birli\u011fiyle d\u00fczenlenen resim ve \u00f6yk\u00fc [&hellip;]<\/p>\n","protected":false},"author":1,"featured_media":189904,"comment_status":"open","ping_status":"open","sticky":false,"template":"","format":"standard","meta":[],"categories":[53,52],"tags":[1972,12,114459],"views":28,"_links":{"self":[{"href":"https:\/\/www.enerjigazetesi.ist\/en\/wp-json\/wp\/v2\/posts\/189902"}],"collection":[{"href":"https:\/\/www.enerjigazetesi.ist\/en\/wp-json\/wp\/v2\/posts"}],"about":[{"href":"https:\/\/www.enerjigazetesi.ist\/en\/wp-json\/wp\/v2\/types\/post"}],"author":[{"embeddable":true,"href":"https:\/\/www.enerjigazetesi.ist\/en\/wp-json\/wp\/v2\/users\/1"}],"replies":[{"embeddable":true,"href":"https:\/\/www.enerjigazetesi.ist\/en\/wp-json\/wp\/v2\/comments?post=189902"}],"version-history":[{"count":0,"href":"https:\/\/www.enerjigazetesi.ist\/en\/wp-json\/wp\/v2\/posts\/189902\/revisions"}],"wp:featuredmedia":[{"embeddable":true,"href":"https:\/\/www.enerjigazetesi.ist\/en\/wp-json\/wp\/v2\/media\/189904"}],"wp:attachment":[{"href":"https:\/\/www.enerjigazetesi.ist\/en\/wp-json\/wp\/v2\/media?parent=189902"}],"wp:term":[{"taxonomy":"category","embeddable":true,"href":"https:\/\/www.enerjigazetesi.ist\/en\/wp-json\/wp\/v2\/categories?post=189902"},{"taxonomy":"post_tag","embeddable":true,"href":"https:\/\/www.enerjigazetesi.ist\/en\/wp-json\/wp\/v2\/tags?post=189902"}],"curies":[{"name":"wp","href":"https:\/\/api.w.org\/{rel}","templated":true}]}}