{"id":18988,"date":"2013-12-09T14:55:57","date_gmt":"2013-12-09T11:55:57","guid":{"rendered":"https:\/\/www.enerjigazetesi.ist\/?p=18988"},"modified":"2013-12-09T14:57:09","modified_gmt":"2013-12-09T11:57:09","slug":"1-ocaktan-itibaren-aylik-75-tl-elektrik-faturasina-istedigin-sirketten-elektrik","status":"publish","type":"post","link":"https:\/\/www.enerjigazetesi.ist\/en\/1-ocaktan-itibaren-aylik-75-tl-elektrik-faturasina-istedigin-sirketten-elektrik\/","title":{"rendered":"(Turkish) 1 Ocak&#8217;tan \u0130tibaren Ayl\u0131k 75 TL Elektrik Faturas\u0131na, \u0130stedi\u011fin \u015eirketten&#8230;"},"content":{"rendered":"<p class=\"qtranxs-available-languages-message qtranxs-available-languages-message-en\">Sorry, this entry is only available in <a href=\"https:\/\/www.enerjigazetesi.ist\/tr\/wp-json\/wp\/v2\/posts\/18988\" class=\"qtranxs-available-language-link qtranxs-available-language-link-tr\" title=\"Turkish\">Turkish<\/a>. For the sake of viewer convenience, the content is shown below in the alternative language. You may click the link to switch the active language.<\/p><p><strong>Bug\u00fcn ayda 150 TL fatura \u00f6deyen herkes istedi\u011fi \u015firketten elektrik alabiliyor. Y\u0131l ba\u015f\u0131nda bu rakam\u0131n 75 liraya kadar d\u00fc\u015fmesi bekleniyor, 1 Ocak 2015\u2019te ise limit s\u0131f\u0131rlanacak.<\/strong><\/p>\n<p>Enerji Piyasas\u0131 D\u00fczenleme Kurumu (EPDK) taraf\u0131ndan sanayi kurulu\u015flar\u0131 ve ticarethanelere sa\u011flanan serbest t\u00fcketicilik hakk\u0131, bu y\u0131l meskenlere de a\u00e7\u0131ld\u0131. Yeni d\u00fczenlemeyle ayl\u0131k 150 TL elektrik faturas\u0131 \u00f6deyen, serbest t\u00fcketici olma hakk\u0131 kazand\u0131. 1 Ocak 2014\u2019ten itibaren limit 75 TL\u2019ye d\u00fc\u015f\u00fcr\u00fclec<a href=\"https:\/\/www.enerjigazetesi.ist\/wp-content\/uploads\/2013\/02\/elektrik-faturasi111-505x290.jpg\"><img loading=\"lazy\" class=\"alignleft size-medium wp-image-7160\" title=\"elektrik-faturas\u0131\" src=\"https:\/\/www.enerjigazetesi.ist\/wp-content\/uploads\/2013\/02\/elektrik-faturasi111-505x290-300x172.jpg\" alt=\"\" width=\"300\" height=\"172\" srcset=\"https:\/\/www.enerjigazetesi.ist\/wp-content\/uploads\/2013\/02\/elektrik-faturasi111-505x290-300x172.jpg 300w, https:\/\/www.enerjigazetesi.ist\/wp-content\/uploads\/2013\/02\/elektrik-faturasi111-505x290-500x287.jpg 500w, https:\/\/www.enerjigazetesi.ist\/wp-content\/uploads\/2013\/02\/elektrik-faturasi111-505x290-80x45.jpg 80w, https:\/\/www.enerjigazetesi.ist\/wp-content\/uploads\/2013\/02\/elektrik-faturasi111-505x290.jpg 505w\" sizes=\"(max-width: 300px) 100vw, 300px\" \/><\/a>ek, 2015\u2019te ise AB uyum yasalar\u0131 \u00e7er\u00e7evesinde tamamen s\u0131f\u0131rlanacak.<\/p>\n<p>B\u00f6ylece herkes serbest t\u00fcketici hakk\u0131 kazanacak ve istedi\u011fi \u015firketten elektrik alabilecek. Tedarik\u00e7isini se\u00e7me hakk\u0131 kazanan t\u00fcketiciler, daha kaliteli ve daha iyi hizmet alman\u0131n yan\u0131nda indirimli elektrik de kullanma f\u0131rsat\u0131 yakalayacak.<\/p>\n<p>Enerji \u015firketleri, \u015fimdiden t\u00fcketicilere EPDK taraf\u0131ndan belirlenen ulusal tarifeler \u00fczerinden y\u00fczde 5 ila y\u00fczde 30 aras\u0131nda indirim yaparak, daha az fatura bedeli \u00f6deme f\u0131rsat\u0131 sunmaya ba\u015flad\u0131.<\/p>\n<p>&#8211; Serbest t\u00fcketici limitindeki d\u00fc\u015f\u00fc\u015f yeni bir i\u015f kolunu da beraberinde getirdi. Buna g\u00f6re art\u0131k elektrik da\u011f\u0131t\u0131m \u015firketleri, kendilerine abone getirebilecek ki\u015filere acentelik veriyor.<\/p>\n<p>&#8211; Bu acenteler konut ve sanayi kurulu\u015flar\u0131na elektri\u011fi kendilerinden almalar\u0131 ko\u015fuluyla belirli oranlarda indirimler sunuyor.<\/p>\n<p>&#8211; \u0130ndirim oran\u0131 artt\u0131k\u00e7a acentenin ald\u0131\u011f\u0131 komisyon azal\u0131yor. \u00d6rnek olarak acente t\u00fcketiciyi y\u00fczde 5 indirime ikna ederse y\u00fczde 5 komisyon azal\u0131yor. T\u00fcketici kabul etmez ve indirim oran\u0131 y\u00fczde 8\u2019e \u00e7ekilirse acentenin komisyonu da y\u00fczde 3\u2019e \u00e7ekiliyor. (Rakamlar hayali)<\/p>\n<p>&#8211; Bug\u00fcn 600 abone yapan bir acente, ayl\u0131k 5\u20136 bin TL gelir elde edebiliyor.<\/p>\n<p>&#8211; Tek bir paket yok. Farkl\u0131 \u015firketler, elektrik faturas\u0131na g\u00f6re farkl\u0131 paketler haz\u0131rlayabiliyor. Toplu al\u0131mlarda fiyatlar daha da d\u00fc\u015f\u00fcyor.<\/p>\n<p>Kaynak: <a href=\"http:\/\/enerjienstitusu.com\/2013\/12\/09\/1-ocak-2014ten-itibaren-aylik-75-tl-elektrik-faturasi-odeyen-istedigi-sirketten-elektrik-alabilecek\/\" target=\"_blank\">Enerji Enstit\u00fcs\u00fc<\/a><\/p>","protected":false},"excerpt":{"rendered":"<p>Sorry, this entry is only available in Turkish. For the sake of viewer convenience, the content is shown below in the alternative language. You may click the link to switch the active language.Bug\u00fcn ayda 150 TL fatura \u00f6deyen herkes istedi\u011fi \u015firketten elektrik alabiliyor. Y\u0131l ba\u015f\u0131nda bu rakam\u0131n 75 liraya kadar d\u00fc\u015fmesi bekleniyor, 1 Ocak 2015\u2019te [&hellip;]<\/p>\n","protected":false},"author":1,"featured_media":7160,"comment_status":"open","ping_status":"open","sticky":false,"template":"","format":"standard","meta":[],"categories":[51,53],"tags":[68,61,1229,63,67,1009,165],"views":651,"_links":{"self":[{"href":"https:\/\/www.enerjigazetesi.ist\/en\/wp-json\/wp\/v2\/posts\/18988"}],"collection":[{"href":"https:\/\/www.enerjigazetesi.ist\/en\/wp-json\/wp\/v2\/posts"}],"about":[{"href":"https:\/\/www.enerjigazetesi.ist\/en\/wp-json\/wp\/v2\/types\/post"}],"author":[{"embeddable":true,"href":"https:\/\/www.enerjigazetesi.ist\/en\/wp-json\/wp\/v2\/users\/1"}],"replies":[{"embeddable":true,"href":"https:\/\/www.enerjigazetesi.ist\/en\/wp-json\/wp\/v2\/comments?post=18988"}],"version-history":[{"count":4,"href":"https:\/\/www.enerjigazetesi.ist\/en\/wp-json\/wp\/v2\/posts\/18988\/revisions"}],"predecessor-version":[{"id":18993,"href":"https:\/\/www.enerjigazetesi.ist\/en\/wp-json\/wp\/v2\/posts\/18988\/revisions\/18993"}],"wp:featuredmedia":[{"embeddable":true,"href":"https:\/\/www.enerjigazetesi.ist\/en\/wp-json\/wp\/v2\/media\/7160"}],"wp:attachment":[{"href":"https:\/\/www.enerjigazetesi.ist\/en\/wp-json\/wp\/v2\/media?parent=18988"}],"wp:term":[{"taxonomy":"category","embeddable":true,"href":"https:\/\/www.enerjigazetesi.ist\/en\/wp-json\/wp\/v2\/categories?post=18988"},{"taxonomy":"post_tag","embeddable":true,"href":"https:\/\/www.enerjigazetesi.ist\/en\/wp-json\/wp\/v2\/tags?post=18988"}],"curies":[{"name":"wp","href":"https:\/\/api.w.org\/{rel}","templated":true}]}}