{"id":189866,"date":"2024-07-04T15:37:35","date_gmt":"2024-07-04T12:37:35","guid":{"rendered":"https:\/\/www.enerjigazetesi.ist\/?p=189866"},"modified":"2024-07-04T15:37:35","modified_gmt":"2024-07-04T12:37:35","slug":"tatlipinar-enerji-nin-3-aylik-kari-yuzde-75-artti","status":"publish","type":"post","link":"https:\/\/www.enerjigazetesi.ist\/en\/tatlipinar-enerji-nin-3-aylik-kari-yuzde-75-artti\/","title":{"rendered":"(Turkish) &#8217;Tatl\u0131p\u0131nar Enerji&#8217;nin 3 Ayl\u0131k K\u00e2r\u0131 Y\u00fczde 75 Artt\u0131"},"content":{"rendered":"<p class=\"qtranxs-available-languages-message qtranxs-available-languages-message-en\">Sorry, this entry is only available in <a href=\"https:\/\/www.enerjigazetesi.ist\/tr\/wp-json\/wp\/v2\/posts\/189866\" class=\"qtranxs-available-language-link qtranxs-available-language-link-tr\" title=\"Turkish\">Turkish<\/a>. For the sake of viewer convenience, the content is shown below in the alternative language. You may click the link to switch the active language.<\/p><p><\/p>\n<h2><strong>Yenilenebilir enerji sekt\u00f6r\u00fcn\u00fcn ilk ve \u00f6nc\u00fc oyuncular\u0131ndan biri olan Tatl\u0131p\u0131nar Enerji, 2024 y\u0131l\u0131n\u0131n ilk \u00fc\u00e7 ay\u0131nda k\u00e2r\u0131n\u0131 y\u00fczde 75 oran\u0131nda art\u0131rarak 132 milyon TL\u2019ye \u00e7\u0131kard\u0131. 2024\u2019e iyi bir giri\u015f yapt\u0131klar\u0131n\u0131 belirten A\u011fao\u011flu \u015eirketler Grubu CEO\u2019su ve Tatl\u0131p\u0131nar Enerji Y\u00f6netim Kurulu \u00dcyesi Burak Kutlu\u011f, <em>\u201c2023 y\u0131l\u0131n\u0131 ba\u015far\u0131l\u0131 bir \u015fekilde kapatt\u0131ktan sonra bu y\u0131lda hedeflerimiz do\u011frultusunda b\u00fcy\u00fcmemizi s\u00fcrd\u00fcr\u00fcyor, k\u00e2rl\u0131l\u0131\u011f\u0131m\u0131z\u0131 art\u0131r\u0131yoruz. Ge\u00e7en y\u0131ldan beri ger\u00e7ekle\u015ftirdi\u011fimiz sat\u0131n almalar ve yeni yat\u0131r\u0131mlar\u0131m\u0131z\u0131n bilan\u00e7omuza yapt\u0131\u011f\u0131 olumlu katk\u0131lar\u0131 g\u00f6rmeye ba\u015flad\u0131k\u201d<\/em> dedi.<\/strong><\/h2>\n<p style=\"text-align: center;\"><img loading=\"lazy\" class=\"aligncenter wp-image-189868\" src=\"https:\/\/www.enerjigazetesi.ist\/wp-content\/uploads\/2024\/07\/tatlipinar-enerji-nin-3-aylik-kari-yuzde-75-artti.jpg\" alt=\"\" width=\"500\" height=\"372\" srcset=\"https:\/\/www.enerjigazetesi.ist\/wp-content\/uploads\/2024\/07\/tatlipinar-enerji-nin-3-aylik-kari-yuzde-75-artti.jpg 550w, https:\/\/www.enerjigazetesi.ist\/wp-content\/uploads\/2024\/07\/tatlipinar-enerji-nin-3-aylik-kari-yuzde-75-artti-300x223.jpg 300w, https:\/\/www.enerjigazetesi.ist\/wp-content\/uploads\/2024\/07\/tatlipinar-enerji-nin-3-aylik-kari-yuzde-75-artti-500x372.jpg 500w, https:\/\/www.enerjigazetesi.ist\/wp-content\/uploads\/2024\/07\/tatlipinar-enerji-nin-3-aylik-kari-yuzde-75-artti-67x50.jpg 67w\" sizes=\"(max-width: 500px) 100vw, 500px\" \/><\/p>\n<p><strong>A\u011fao\u011flu \u015eirketler Grubu<\/strong> b\u00fcnyesinde faaliyet g\u00f6steren <strong>Tatl\u0131p\u0131nar Enerji<\/strong>, 2024 y\u0131l\u0131n\u0131n ilk \u00fc\u00e7 ayl\u0131k bilan\u00e7osunu a\u00e7\u0131klad\u0131. \u015eirketten KAP\u2019a yap\u0131lan a\u00e7\u0131klamaya g\u00f6re, Tatl\u0131p\u0131nar Enerji\u2019nin \u00fc\u00e7 ayl\u0131k k\u00e2r\u0131, y\u00fczde 75 oran\u0131nda artarak 132 milyon TL\u2019ye \u00e7\u0131kt\u0131. 31 Mart 2024 tarihi itibar\u0131yla \u015firket has\u0131lat\u0131 ise y\u00fczde 30,04 oran\u0131nda art\u0131\u015fla 446 milyon 566 bin TL olarak ger\u00e7ekle\u015fti. Faaliyet k\u00e2r\u0131n\u0131 da ge\u00e7en y\u0131l\u0131n ayn\u0131 d\u00f6nemine g\u00f6re y\u00fczde 16,17 oran\u0131nda art\u0131rarak 168 milyon 756 bin TL\u2019ye \u00e7\u0131karan Tatl\u0131p\u0131nar Enerji\u2019nin aktif b\u00fcy\u00fckl\u00fc\u011f\u00fc de bu rakamlar sonras\u0131nda <strong>y\u00fczde 10<\/strong> b\u00fcy\u00fcyerek<strong> 9 milyar 714 milyon TL<\/strong>\u2019ye ula\u015ft\u0131.<\/p>\n<div id=\"attachment_189869\" style=\"width: 510px\" class=\"wp-caption aligncenter\"><img aria-describedby=\"caption-attachment-189869\" loading=\"lazy\" class=\"wp-image-189869\" src=\"https:\/\/www.enerjigazetesi.ist\/wp-content\/uploads\/2024\/07\/tatlipinar-enerji-nin-3-aylik-kari-yuzde-75-artti-1.jpg\" alt=\"\" width=\"500\" height=\"392\" srcset=\"https:\/\/www.enerjigazetesi.ist\/wp-content\/uploads\/2024\/07\/tatlipinar-enerji-nin-3-aylik-kari-yuzde-75-artti-1.jpg 550w, https:\/\/www.enerjigazetesi.ist\/wp-content\/uploads\/2024\/07\/tatlipinar-enerji-nin-3-aylik-kari-yuzde-75-artti-1-300x235.jpg 300w, https:\/\/www.enerjigazetesi.ist\/wp-content\/uploads\/2024\/07\/tatlipinar-enerji-nin-3-aylik-kari-yuzde-75-artti-1-500x392.jpg 500w, https:\/\/www.enerjigazetesi.ist\/wp-content\/uploads\/2024\/07\/tatlipinar-enerji-nin-3-aylik-kari-yuzde-75-artti-1-64x50.jpg 64w\" sizes=\"(max-width: 500px) 100vw, 500px\" \/><p id=\"caption-attachment-189869\" class=\"wp-caption-text\">A\u011fao\u011flu \u015eirketler Grubu CEO\u2019su ve Tatl\u0131p\u0131nar Enerji Y\u00f6netim Kurulu \u00dcyesi Burak Kutlu\u011f<\/p><\/div>\n<p>2023 y\u0131l\u0131n\u0131 olduk\u00e7a ba\u015far\u0131l\u0131 bir performansla geride b\u0131rakt\u0131klar\u0131n\u0131, bu y\u0131la da ayn\u0131 tempoyla giri\u015f yapt\u0131klar\u0131n\u0131 belirten <strong>A\u011fao\u011flu \u015eirketler Grubu CEO\u2019su ve Tatl\u0131p\u0131nar Enerji Y\u00f6netim Kurulu \u00dcyesi Burak Kutlu\u011f,<\/strong> <em>\u201c2024 y\u0131l\u0131n\u0131n ilk \u00fc\u00e7 ayl\u0131k bilan\u00e7osu hem \u015firketimizin hem de \u00fclkemizdeki yenilenebilir enerji sekt\u00f6r\u00fcn\u00fcn sahip oldu\u011fu potansiyeli net bir \u015fekilde ortaya koyuyor. Bilan\u00e7omuzun t\u00fcm kalemlerinde \u00f6nemli art\u0131\u015flara imza att\u0131k. \u00dc\u00e7 ayl\u0131k k\u00e2r\u0131m\u0131z\u0131 y\u00fczde 75 oran\u0131nda art\u0131rarak 132 milyon TL\u2019ye \u00e7\u0131kard\u0131k\u201d<\/em> dedi.<\/p>\n<p>Tatl\u0131p\u0131nar Enerji\u2019nin 2023 y\u0131l\u0131 sonunda ve bu y\u0131l\u0131n ilk aylar\u0131nda \u00f6nemli sat\u0131n almalar ger\u00e7ekle\u015ftirdi\u011fini an\u0131msatan Kutlu\u011f, <em>\u201cHem yeni sat\u0131n almalar\u0131n hem de planl\u0131 olarak y\u00fcr\u00fctt\u00fc\u011f\u00fcm\u00fcz kapasite art\u0131\u015flar\u0131n\u0131n meyvelerini y\u0131l i\u00e7inde toplamaya devam edece\u011fiz\u201d <\/em>\u015feklinde konu\u015fan Kutlu\u011f, a\u00e7\u0131klamalar\u0131na \u015f\u00f6yle devam etti:<em> \u201cHalihaz\u0131rda y\u00f6netiminde s\u00f6z sahibi oldu\u011fumuz, <strong>51 r\u00fczg\u00e2r t\u00fcrbininden<\/strong> ve<strong> 3 adet HES t\u00fcrbininden<\/strong> olu\u015fan toplam <strong>263,85 MW<\/strong>\u2019l\u0131k yenilenebilir enerji santrallerimize ek olarak <strong>Tatl\u0131p\u0131nar projesinde 54,15 MW GES, K\u00fcrekda\u011f\u0131 projesinde 13,50 MW RES, Esenk\u00f6y projesinde 12,60 MW RES,<\/strong> Umutlu projesinde <strong>5 MW GES<\/strong> olacak \u015fekilde <strong>toplamda 85,25 MW kapasite art\u0131\u015f\u0131<\/strong> yapaca\u011f\u0131z. <strong>Yeni RES ve GES kapasite art\u0131\u015flar\u0131<\/strong> sonucunda i\u015fletmedeki kurulu g\u00fcc\u00fcm\u00fcz\u00fc; <strong>26,10 MW RES, 59,15 MW GES<\/strong> kapasite art\u0131\u015f\u0131 olmak \u00fczere yakla\u015f\u0131k <strong>85,25 MW<\/strong> kapasite art\u0131\u015f\u0131 ile <strong>349,10 MW\u2019a<\/strong> kademeli \u015fekilde \u00e7\u0131kartmay\u0131 hedefliyoruz.\u201d<\/em><\/p>","protected":false},"excerpt":{"rendered":"<p>Sorry, this entry is only available in Turkish. For the sake of viewer convenience, the content is shown below in the alternative language. You may click the link to switch the active language. Yenilenebilir enerji sekt\u00f6r\u00fcn\u00fcn ilk ve \u00f6nc\u00fc oyuncular\u0131ndan biri olan Tatl\u0131p\u0131nar Enerji, 2024 y\u0131l\u0131n\u0131n ilk \u00fc\u00e7 ay\u0131nda k\u00e2r\u0131n\u0131 y\u00fczde 75 oran\u0131nda art\u0131rarak 132 [&hellip;]<\/p>\n","protected":false},"author":1,"featured_media":189868,"comment_status":"open","ping_status":"open","sticky":false,"template":"","format":"standard","meta":[],"categories":[51,53,50],"tags":[28917,2326,34926,474,103075,6532,3940],"views":18,"_links":{"self":[{"href":"https:\/\/www.enerjigazetesi.ist\/en\/wp-json\/wp\/v2\/posts\/189866"}],"collection":[{"href":"https:\/\/www.enerjigazetesi.ist\/en\/wp-json\/wp\/v2\/posts"}],"about":[{"href":"https:\/\/www.enerjigazetesi.ist\/en\/wp-json\/wp\/v2\/types\/post"}],"author":[{"embeddable":true,"href":"https:\/\/www.enerjigazetesi.ist\/en\/wp-json\/wp\/v2\/users\/1"}],"replies":[{"embeddable":true,"href":"https:\/\/www.enerjigazetesi.ist\/en\/wp-json\/wp\/v2\/comments?post=189866"}],"version-history":[{"count":0,"href":"https:\/\/www.enerjigazetesi.ist\/en\/wp-json\/wp\/v2\/posts\/189866\/revisions"}],"wp:featuredmedia":[{"embeddable":true,"href":"https:\/\/www.enerjigazetesi.ist\/en\/wp-json\/wp\/v2\/media\/189868"}],"wp:attachment":[{"href":"https:\/\/www.enerjigazetesi.ist\/en\/wp-json\/wp\/v2\/media?parent=189866"}],"wp:term":[{"taxonomy":"category","embeddable":true,"href":"https:\/\/www.enerjigazetesi.ist\/en\/wp-json\/wp\/v2\/categories?post=189866"},{"taxonomy":"post_tag","embeddable":true,"href":"https:\/\/www.enerjigazetesi.ist\/en\/wp-json\/wp\/v2\/tags?post=189866"}],"curies":[{"name":"wp","href":"https:\/\/api.w.org\/{rel}","templated":true}]}}