{"id":189796,"date":"2024-07-03T13:51:58","date_gmt":"2024-07-03T10:51:58","guid":{"rendered":"https:\/\/www.enerjigazetesi.ist\/?p=189796"},"modified":"2024-07-03T13:51:58","modified_gmt":"2024-07-03T10:51:58","slug":"opet-fuchs-automechanika-fuari-nda-sektor-profesyonelleri-ile-bulustu","status":"publish","type":"post","link":"https:\/\/www.enerjigazetesi.ist\/en\/opet-fuchs-automechanika-fuari-nda-sektor-profesyonelleri-ile-bulustu\/","title":{"rendered":"(Turkish) &#8217;Opet Fuchs&#8217; Automechanika Fuar\u0131\u2019nda Sekt\u00f6r Profesyonelleri ile Bulu\u015ftu"},"content":{"rendered":"<p class=\"qtranxs-available-languages-message qtranxs-available-languages-message-en\">Sorry, this entry is only available in <a href=\"https:\/\/www.enerjigazetesi.ist\/tr\/wp-json\/wp\/v2\/posts\/189796\" class=\"qtranxs-available-language-link qtranxs-available-language-link-tr\" title=\"Turkish\">Turkish<\/a>. For the sake of viewer convenience, the content is shown below in the alternative language. You may click the link to switch the active language.<\/p><p><\/p>\n<h2><strong>Otomotiv ya\u011flar ve ara\u00e7 bak\u0131m \u00fcr\u00fcnleri \u00fcretim ve sat\u0131\u015f \u015firketi Opet Fuchs, t\u00fcm d\u00fcnyadan 60 binden fazla profesyonelin bir araya geldi\u011fi Automechanika \u0130stanbul Fuar\u0131\u2019nda yer ald\u0131.<\/strong><\/h2>\n<p style=\"text-align: center;\"><img loading=\"lazy\" class=\"aligncenter wp-image-189799\" src=\"https:\/\/www.enerjigazetesi.ist\/wp-content\/uploads\/2024\/07\/opet-fuchs-automechanika-fuari-nda-sektor-profesyonelleri-ile-bulustu-1.jpg\" alt=\"\" width=\"500\" height=\"305\" srcset=\"https:\/\/www.enerjigazetesi.ist\/wp-content\/uploads\/2024\/07\/opet-fuchs-automechanika-fuari-nda-sektor-profesyonelleri-ile-bulustu-1.jpg 550w, https:\/\/www.enerjigazetesi.ist\/wp-content\/uploads\/2024\/07\/opet-fuchs-automechanika-fuari-nda-sektor-profesyonelleri-ile-bulustu-1-300x183.jpg 300w, https:\/\/www.enerjigazetesi.ist\/wp-content\/uploads\/2024\/07\/opet-fuchs-automechanika-fuari-nda-sektor-profesyonelleri-ile-bulustu-1-500x305.jpg 500w, https:\/\/www.enerjigazetesi.ist\/wp-content\/uploads\/2024\/07\/opet-fuchs-automechanika-fuari-nda-sektor-profesyonelleri-ile-bulustu-1-80x50.jpg 80w\" sizes=\"(max-width: 500px) 100vw, 500px\" \/><\/p>\n<p>D\u00fcnya \u00e7ap\u0131nda tercih edilen bir madeni ya\u011f markas\u0131 olma vizyonu ile faaliyet g\u00f6steren <strong>Opet Fuchs, 23-26 May\u0131s tarihleri<\/strong> aras\u0131nda d\u00fczenlenen, otomotiv end\u00fcstrisi i\u00e7in d\u00fcnyan\u0131n \u00f6nde gelen ticari fuarlar\u0131 aras\u0131nda yer alan Automechanika \u0130stanbul 2024\u2019te \u00fcr\u00fcnleri ile boy g\u00f6sterdi. 35 \u00fclkeden 1.450 firman\u0131n kat\u0131ld\u0131\u011f\u0131 ve t\u00fcm d\u00fcnyadan 60 binden fazla profesyonelin bir araya geldi\u011fi fuarda potansiyel al\u0131c\u0131lar ile bulu\u015fan <strong>Opet Fuchs, otomotiv ya\u011flar\u0131, ara\u00e7 bak\u0131m \u00fcr\u00fcnlerinin<\/strong> tan\u0131t\u0131m\u0131n\u0131 yapt\u0131. \u00dcr\u00fcnlerini 40\u2019tan fazla \u00fclkeye ihra\u00e7 eden Opet Fuchs\u2019un fuardaki stand\u0131, profesyoneller taraf\u0131ndan yo\u011fun ilgi g\u00f6rd\u00fc.<\/p>\n<h3><strong>\u201cPOTANS\u0130YEL ALICILARIN D\u0130KKAT\u0130N\u0130 \u00c7EKMEY\u0130 BA\u015eARDIK\u201d<\/strong><\/h3>\n<p><em><strong>Opet Fuchs K\u0131demli Yurt D\u0131\u015f\u0131 Pazarlar Sat\u0131\u015f M\u00fcd\u00fcr\u00fc Volkan Uygur,<\/strong><\/em><em>\u00a0\u201cFuarda ihra\u00e7 pazarlarda kulland\u0131\u011f\u0131m\u0131z ana markam\u0131z olan <strong>Opet Madeni Ya\u011flar\u0131<\/strong> bayilerimizle toplu olarak bir araya gelme f\u0131rsat\u0131 bulurken, beraber bir\u00e7ok yeni \u00fclke ve potansiyel ithalat\u00e7\u0131larla i\u015f geli\u015ftirme \u015fans\u0131na da sahip olduk. Ortaklar\u0131m\u0131zdan ald\u0131\u011f\u0131m\u0131z g\u00fc\u00e7 ve T\u00fcrkiye\u2019deki her ge\u00e7en g\u00fcn geli\u015fen <strong>OEM (orijinal ekipman \u00fcreticisi)<\/strong> i\u015f birlikteliklerimizin referans\u0131yla d\u00fcnyan\u0131n farkl\u0131 yerlerinden bizi ziyaret eden potansiyel al\u0131c\u0131lar\u0131n dikkatini \u00e7ekmeyi ba\u015fard\u0131k\u201d<\/em> de\u011ferlendirmesinde bulundu.<\/p>","protected":false},"excerpt":{"rendered":"<p>Sorry, this entry is only available in Turkish. For the sake of viewer convenience, the content is shown below in the alternative language. You may click the link to switch the active language. Otomotiv ya\u011flar ve ara\u00e7 bak\u0131m \u00fcr\u00fcnleri \u00fcretim ve sat\u0131\u015f \u015firketi Opet Fuchs, t\u00fcm d\u00fcnyadan 60 binden fazla profesyonelin bir araya geldi\u011fi Automechanika [&hellip;]<\/p>\n","protected":false},"author":1,"featured_media":189798,"comment_status":"open","ping_status":"open","sticky":false,"template":"","format":"standard","meta":[],"categories":[53,44],"tags":[114420,114421,98762,4631,114422,37514,88950],"views":37,"_links":{"self":[{"href":"https:\/\/www.enerjigazetesi.ist\/en\/wp-json\/wp\/v2\/posts\/189796"}],"collection":[{"href":"https:\/\/www.enerjigazetesi.ist\/en\/wp-json\/wp\/v2\/posts"}],"about":[{"href":"https:\/\/www.enerjigazetesi.ist\/en\/wp-json\/wp\/v2\/types\/post"}],"author":[{"embeddable":true,"href":"https:\/\/www.enerjigazetesi.ist\/en\/wp-json\/wp\/v2\/users\/1"}],"replies":[{"embeddable":true,"href":"https:\/\/www.enerjigazetesi.ist\/en\/wp-json\/wp\/v2\/comments?post=189796"}],"version-history":[{"count":0,"href":"https:\/\/www.enerjigazetesi.ist\/en\/wp-json\/wp\/v2\/posts\/189796\/revisions"}],"wp:featuredmedia":[{"embeddable":true,"href":"https:\/\/www.enerjigazetesi.ist\/en\/wp-json\/wp\/v2\/media\/189798"}],"wp:attachment":[{"href":"https:\/\/www.enerjigazetesi.ist\/en\/wp-json\/wp\/v2\/media?parent=189796"}],"wp:term":[{"taxonomy":"category","embeddable":true,"href":"https:\/\/www.enerjigazetesi.ist\/en\/wp-json\/wp\/v2\/categories?post=189796"},{"taxonomy":"post_tag","embeddable":true,"href":"https:\/\/www.enerjigazetesi.ist\/en\/wp-json\/wp\/v2\/tags?post=189796"}],"curies":[{"name":"wp","href":"https:\/\/api.w.org\/{rel}","templated":true}]}}