{"id":189787,"date":"2024-07-01T21:30:21","date_gmt":"2024-07-01T18:30:21","guid":{"rendered":"https:\/\/www.enerjigazetesi.ist\/?p=189787"},"modified":"2024-07-01T21:32:21","modified_gmt":"2024-07-01T18:32:21","slug":"opet-in-dogaya-saygi-projesi-kapsamindaki-calismalari-tamamlandi","status":"publish","type":"post","link":"https:\/\/www.enerjigazetesi.ist\/en\/opet-in-dogaya-saygi-projesi-kapsamindaki-calismalari-tamamlandi\/","title":{"rendered":"(Turkish) OPET&#8217;in Do\u011faya Sayg\u0131 Projesi Kapsam\u0131ndaki \u00c7al\u0131\u015fmalar\u0131 Tamamland\u0131"},"content":{"rendered":"<p class=\"qtranxs-available-languages-message qtranxs-available-languages-message-en\">Sorry, this entry is only available in <a href=\"https:\/\/www.enerjigazetesi.ist\/tr\/wp-json\/wp\/v2\/posts\/189787\" class=\"qtranxs-available-language-link qtranxs-available-language-link-tr\" title=\"Turkish\">Turkish<\/a>. For the sake of viewer convenience, the content is shown below in the alternative language. You may click the link to switch the active language.<\/p><p><\/p>\n<h2><strong>Mu\u011fla ve \u00e7evresinde 2021 y\u0131l\u0131nda ya\u015fanan orman yang\u0131nlar\u0131ndan olumsuz etkilenen k\u00f6ylerin kalk\u0131nmas\u0131na destek olmak amac\u0131yla Do\u011faya Sayg\u0131 Projesi\u2019ni y\u00fcr\u00fcten OPET; Milas\u2019\u0131n \u00c7\u00f6kertme K\u00f6y\u00fc\u2019ndeki restorasyon, rehabilitasyon ve e\u011fitim \u00e7al\u0131\u015fmalar\u0131n\u0131 tamamlad\u0131. \u00c7\u00f6kertme K\u00f6y\u00fc\u2019nde d\u00fczenlenen t\u00f6rende konu\u015fan OPET Y\u00f6netim Kurulu Kurucu \u00dcyesi Nurten \u00d6zt\u00fcrk, <em>\u201cDo\u011faya Sayg\u0131 Projesi kapsam\u0131nda b\u00f6lge halk\u0131n\u0131n orman yang\u0131nlar\u0131, iklim de\u011fi\u015fikli\u011fi ve afetlerle ilgili bilin\u00e7lenmesine katk\u0131 sa\u011flaman\u0131n s\u00fcrd\u00fcr\u00fclebilir bir gelecek i\u00e7in \u00e7ok de\u011ferli oldu\u011funa inan\u0131yoruz. Artan s\u0131cakl\u0131kla birlikte ayn\u0131 felaketi tekrar ya\u015famamak i\u00e7in herkesin \u00fczerine d\u00fc\u015fen g\u00f6revi yerine getirmesi ve dikkatli olmas\u0131 gerekiyor\u201d<\/em> \u00e7a\u011fr\u0131s\u0131nda bulundu. Proje kapsam\u0131nda e\u011fitim ama\u00e7l\u0131 kullan\u0131m\u0131 i\u00e7in yenilenerek tahsisi Milas Halk E\u011fitimi Merkezi\u2019ne devredilen \u00c7\u00f6kertme Ek Hizmet Binas\u0131\u2019n\u0131n a\u00e7\u0131l\u0131\u015f\u0131 da ger\u00e7ekle\u015ftirilen t\u00f6rende, b\u00f6lgenin kalk\u0131nmas\u0131nda e\u011fitimin \u00f6nemine dikkat \u00e7ekildi.<\/strong><\/h2>\n<p style=\"text-align: center;\"><img loading=\"lazy\" class=\"aligncenter wp-image-189791\" src=\"https:\/\/www.enerjigazetesi.ist\/wp-content\/uploads\/2024\/07\/opet-in-dogaya-saygi-projesi-kapsamindaki-calismalari-tamamlandi-1.jpg\" alt=\"\" width=\"500\" height=\"334\" srcset=\"https:\/\/www.enerjigazetesi.ist\/wp-content\/uploads\/2024\/07\/opet-in-dogaya-saygi-projesi-kapsamindaki-calismalari-tamamlandi-1.jpg 550w, https:\/\/www.enerjigazetesi.ist\/wp-content\/uploads\/2024\/07\/opet-in-dogaya-saygi-projesi-kapsamindaki-calismalari-tamamlandi-1-300x200.jpg 300w, https:\/\/www.enerjigazetesi.ist\/wp-content\/uploads\/2024\/07\/opet-in-dogaya-saygi-projesi-kapsamindaki-calismalari-tamamlandi-1-500x334.jpg 500w, https:\/\/www.enerjigazetesi.ist\/wp-content\/uploads\/2024\/07\/opet-in-dogaya-saygi-projesi-kapsamindaki-calismalari-tamamlandi-1-75x50.jpg 75w, https:\/\/www.enerjigazetesi.ist\/wp-content\/uploads\/2024\/07\/opet-in-dogaya-saygi-projesi-kapsamindaki-calismalari-tamamlandi-1-450x300.jpg 450w\" sizes=\"(max-width: 500px) 100vw, 500px\" \/><\/p>\n<p><strong>\u201cBilin\u00e7li Toplum\u201d<\/strong> yaratma hedefi ve sosyal sorumluluk vizyonu do\u011frultusunda <strong>\u201cDo\u011faya Sayg\u0131 Projesi\u201d<\/strong> ile <strong>2021 y\u0131l\u0131nda ya\u015fanan orman yang\u0131nlar\u0131ndan olumsuz etkilenen k\u00f6ylerin yeniden kalk\u0131nmas\u0131<\/strong> i\u00e7in hareket ge\u00e7en OPET, bu yolculukta \u00f6nemli bir kilometre ta\u015f\u0131n\u0131 daha tamamlad\u0131. Yang\u0131nlarda b\u00fcy\u00fck maddi ve manevi kayba u\u011frayan Marmaris\u2019e ba\u011fl\u0131 Bay\u0131r ve Osmaniye, K\u00f6yce\u011fiz\u2019e ba\u011fl\u0131 Otmanlar, Milas\u2019a ba\u011fl\u0131 G\u00f6kbel ve Bozalan k\u00f6ylerinde rehabilitasyon, e\u011fitim ve ekonomik kalk\u0131nma alan\u0131nda \u00e7al\u0131\u015fmalar y\u00fcr\u00fcten OPET, Milas\u2019\u0131n \u00c7\u00f6kertme K\u00f6y\u00fc\u2019n\u00fc de yeni bir \u00e7ehreye kavu\u015fturdu.<\/p>\n<p>Do\u011faya Sayg\u0131 Projesi kapsam\u0131ndan \u00c7\u00f6kertme K\u00f6y\u00fc\u2019nde yap\u0131lan yenileme ve rehabilitasyon \u00e7al\u0131\u015fmalar\u0131n\u0131n devir teslimi ile Yal\u0131 B\u00f6lgesi\u2019nde bulunan ve e\u011fitim ama\u00e7l\u0131 kullan\u0131lmak \u00fczere tadilat\u0131 yap\u0131lan <strong>Mu\u011fla Valili\u011fi<\/strong>\u2019ne ait binan\u0131n a\u00e7\u0131l\u0131\u015f\u0131 nedeniyle <strong>27 Haziran tarihinde<\/strong> bir t\u00f6ren d\u00fczenlendi. T\u00f6ren, <em>Mu\u011fla Valisi Dr. \u0130dris Akb\u0131y\u0131k, Milas Kaymakam\u0131 Mustafa \u00dcnver B\u00f6ke, Hayat Boyu \u00d6\u011frenme Genel M\u00fcd\u00fcrl\u00fc\u011f\u00fc \u0130zleme ve De\u011ferlendirme Daire Ba\u015fkan\u0131 Ferhat Davran, Milas Belediye Ba\u015fkan\u0131 Fevzi Topuz, \u0130l Milli E\u011fitim M\u00fcd\u00fcr\u00fc Emre \u00c7ay, Mu\u011fla \u0130l Tar\u0131m ve Orman M\u00fcd\u00fcr\u00fc Bar\u0131\u015f Saylak ile OPET Y\u00f6netim Kurulu Kurucu Ba\u015fkan\u0131 Fikret \u00d6zt\u00fcrk, OPET Y\u00f6netim Kurulu Kurucu \u00dcyesi Nurten \u00d6zt\u00fcrk, Milas Halk E\u011fitimi Merkezi M\u00fcd\u00fcr\u00fc Ali Pilavc\u0131, Halk E\u011fitimi Merkezi m\u00fcd\u00fcr yard\u0131mc\u0131lar\u0131, \u00c7\u00f6kertme Muhtar\u0131 Ertan Konar, G\u00f6kbel Muhtar\u0131 Halil \u0130brahim G\u00f6n\u00fcl, Bozalan Muhtar\u0131 Dursun Kay\u0131han, OPET S\u00fcrd\u00fcr\u00fclebilirlik ve Kurumsal \u0130leti\u015fim Grup M\u00fcd\u00fcr\u00fc Ay\u015fenur Ayd\u0131n, Halk E\u011fitimi Merkezi \u00f6\u011fretmenleri, Opet temsilcileri ve k\u00f6y halk\u0131n\u0131n<\/em> kat\u0131l\u0131m\u0131yla ger\u00e7ekle\u015ftirildi.<\/p>\n<h3><strong>\u201cDO\u011eAYA SAYGI, \u0130NSANA SAYGIDIR\u201d<\/strong><\/h3>\n<p><strong>Mu\u011fla Valisi Dr. \u0130dris Akb\u0131y\u0131k<\/strong> t\u00f6rende \u015f\u00f6yle konu\u015ftu: <em>\u201c\u00c7ok g\u00fczel bir yerde g\u00fczel bir eserin a\u00e7\u0131l\u0131\u015f\u0131n\u0131 yap\u0131yoruz. Bu d\u00fcnyada en g\u00fczel yat\u0131r\u0131m, e\u011fitime yap\u0131land\u0131r. MEB Hayat Boyu \u00d6\u011frenme Genel M\u00fcd\u00fcrl\u00fc\u011f\u00fcm\u00fcz, Halk E\u011fitim M\u00fcd\u00fcrl\u00fcklerimiz yapt\u0131klar\u0131 bu \u00e7al\u0131\u015fmalar ile \u00fclkemize b\u00fcy\u00fck katk\u0131 sa\u011fl\u0131yor. Hak etti\u011fimiz yere yani Atat\u00fcrk\u2019\u00fcn g\u00f6sterdi\u011fi muas\u0131r medeniyetler seviyesi i\u00e7in \u00e7ok \u00e7al\u0131\u015fmal\u0131, yeni bulu\u015flara imza atmal\u0131, yeni teknolojiler geli\u015ftirmeliyiz. Ba\u015fta Nurten \u00d6zt\u00fcrk olmak \u00fczere, bu s\u00fcrece katk\u0131s\u0131 olan herkese te\u015fekk\u00fcr ediyorum. Do\u011faya sayg\u0131, insana sayg\u0131d\u0131r.\u201d<\/em><\/p>\n<h3><strong>\u201cHAYAT BOYU \u00d6\u011eRENME OLARAK HER ZAMAN YANINIZDAYIZ\u201d<\/strong><\/h3>\n<p><strong>Hayat Boyu \u00d6\u011frenme Genel M\u00fcd\u00fcrl\u00fc\u011f\u00fc \u0130zleme ve De\u011ferlendirme Daire Ba\u015fkan\u0131 Ferhat Davran<\/strong> ise <em>\u201cBir\u00e7ok Halk E\u011fitim Merkezi\u2019ni gezmi\u015f biri olarak s\u00f6yl\u00fcyorum; belki T\u00fcrkiye\u2019nin en g\u00fczel Halk E\u011fitim Merkezi binas\u0131nda bulunman\u0131n mutlulu\u011funu huzurunu ya\u015f\u0131yorum. \u015e\u00f6yle bakt\u0131\u011f\u0131n\u0131z zaman hani biz sadece Halk E\u011fitimi d\u00f6rt duvar aras\u0131nda de\u011fil, Halk E\u011fitimi her yerde. Denizin kenar\u0131nda, da\u011f\u0131n tepesinde, bir k\u00f6y ovas\u0131nda, bir okulun d\u00f6rt duvar\u0131n\u0131n aras\u0131nda, Halk E\u011fitimi her yerde\u2026 O y\u00fczden bizim slogan\u0131m\u0131z \u015fuydu zaten; <strong>\u201cHayat Boyu \u00d6\u011frenme olarak her zaman yan\u0131n\u0131zday\u0131z\u201d.<\/strong> Burada en \u00e7ok istedi\u011fimiz nokta da \u015fu; yapt\u0131\u011f\u0131m\u0131z kurslar\u0131n istihdama y\u00f6nelik olarak bir katk\u0131 sunmas\u0131. \u0130mk\u00e2n olsa kendimi buraya kursiyer olarak yazd\u0131r\u0131p, \u015fu denizin sesiyle beraber g\u00fczel etkinliklere imza atmay\u0131 isterim. Eme\u011fi ge\u00e7en herkese bir kez daha \u015f\u00fckranlar\u0131m\u0131 sunuyorum\u201d<\/em> dedi.<\/p>\n<h3><strong>\u201c\u00c7EVRE B\u0130L\u0130NC\u0130N\u0130 ARTIRMAK AMACIYLA Y\u00dcR\u00dcT\u00dcLEN PROJELERE \u00d6NEM VER\u0130YORUZ\u201d<\/strong><\/h3>\n<p><strong>\u0130l Milli E\u011fitim M\u00fcd\u00fcr\u00fc Emre \u00c7ay<\/strong>, <em>\u201cDo\u011faya sayg\u0131 g\u00f6stermek hepimizin ortak sorumlulu\u011fu. Gelecek nesillere daha ya\u015fanabilir bir d\u00fcnya b\u0131rakmak, bizlerin en \u00f6nemli g\u00f6revi. \u0130l Milli E\u011fitim M\u00fcd\u00fcrl\u00fc\u011f\u00fc olarak \u00e7evre bilincini art\u0131rmak amac\u0131yla y\u00fcr\u00fct\u00fclen projelere b\u00fcy\u00fck \u00f6nem veriyoruz. OPET\u2019in bu anlaml\u0131 projesi de <strong>\u00f6\u011frenci<\/strong> ve<strong> kursiyerlerimizin<\/strong> \u00e7evre bilinciyle yeti\u015fmesi ad\u0131na son derece \u00f6nemli bir ad\u0131m. A\u00e7\u0131l\u0131\u015f\u0131n\u0131 yapt\u0131\u011f\u0131m\u0131z bu g\u00fczel binan\u0131n da bu ama\u00e7la faaliyetlerini y\u00fcr\u00fctece\u011fini d\u00fc\u015f\u00fcn\u00fcyor ve emekleri i\u00e7in<strong> OPET Y\u00f6netim Kurulu Kurucu \u00dcyesi Say\u0131n Nurten \u00d6zt\u00fcrk<\/strong>\u2019e ve <strong>sayg\u0131de\u011fer e\u015fi Opet Y\u00f6netim Kurulu Kurucu Ba\u015fkan\u0131 Fikret \u00d6zt\u00fcrk\u2019e<\/strong> te\u015fekk\u00fcr ediyorum\u201d<\/em> diye konu\u015ftu.<\/p>\n<p><strong>\u201cORMAN YANGINLARI, \u0130KL\u0130M DE\u011e\u0130\u015e\u0130KL\u0130\u011e\u0130 VE AFETLER HAKKINDA FARKINDALIK E\u011e\u0130T\u0130MLER\u0130 VER\u0130LD\u0130\u201d<\/strong><\/p>\n<p>T\u00f6rende <strong><em>OPET Y\u00f6netim Kurulu Kurucu \u00dcyesi Nurten \u00d6zt\u00fcrk<\/em><\/strong>, Do\u011faya Sayg\u0131 Projesi ve \u00c7\u00f6kertme\u2019de bug\u00fcne kadar yap\u0131lan \u00e7al\u0131\u015fmalar hakk\u0131nda bilgi vererek projenin farkl\u0131 a\u015famalar\u0131nda destek sa\u011flayan yerel y\u00f6netimlere te\u015fekk\u00fcrlerini iletti.<\/p>\n<p>Do\u011faya Sayg\u0131 Projesi\u2019ni, OPET\u2019in y\u0131llard\u0131r s\u00fcrd\u00fcrd\u00fc\u011f\u00fc <strong>\u00d6rnek K\u00f6y Projesi<\/strong> ve <strong>\u00c7anakkale\u2019de Tevfikiye Arkeo-k\u00f6y ve \u00c7\u0131plak Etno-k\u00f6y projeleri<\/strong> \u00f6rneklerinden yola \u00e7\u0131k\u0131larak \u015fekillendirdiklerini kaydeden \u00d6zt\u00fcrk, <em>\u201c2021 y\u0131l\u0131nda Mu\u011fla ili ve \u00e7evresinde ya\u015fanan orman yang\u0131nlar\u0131n\u0131n ard\u0131ndan, bu b\u00f6lgedeki k\u00f6ylerimize nas\u0131l destek olabiliriz diye harekete ge\u00e7tik. Yang\u0131n sonras\u0131nda ya\u015fam alanlar\u0131n\u0131n yan\u0131 s\u0131ra ar\u0131c\u0131l\u0131k ve zeytincilik gibi ge\u00e7im kaynaklar\u0131n\u0131 kaybettikleri i\u00e7in zor durumda olan k\u00f6ylerimizi belirleyerek \u00e7al\u0131\u015fmalara ba\u015flad\u0131k. Yang\u0131ndan hem ekonomik hem de fiziksel olarak zarar g\u00f6ren k\u00f6ylerimizde yeni ge\u00e7im kaynaklar\u0131 olu\u015fturmak, <strong>k\u00f6ylerimizin s\u00fcrd\u00fcr\u00fclebilir kalk\u0131nmas\u0131<\/strong>na destek olmak i\u00e7in t\u00fcm kurum ve kurulu\u015flar\u0131m\u0131zla birlikte \u00e7al\u0131\u015ft\u0131k ve \u00e7al\u0131\u015fmaya devam ediyoruz. T\u00fcm k\u00f6y evleri ve k\u00f6y meydanlar\u0131nda y\u00fcr\u00fctt\u00fc\u011f\u00fcm\u00fcz mimari \u00e7al\u0131\u015fmalarla k\u00f6ylerimizi yeni bir \u00e7ehreye kavu\u015ftururken, <strong>halk e\u011fitim kurslar\u0131, kooperatif\u00e7ilik, k\u00f6ylerimize \u00f6zg\u00fc \u00fcr\u00fcnlerin co\u011frafi i\u015faret ba\u015fvurular\u0131<\/strong> ile <strong>k\u00f6ylerimizin kalk\u0131nmas\u0131<\/strong> ve <strong>\u00fclkemizin geli\u015fimi<\/strong> i\u00e7in \u00e7al\u0131\u015f\u0131yoruz. \u00c7\u00f6kertme\u2019de de kamu ve yerel y\u00f6netim kurulu\u015flar\u0131yla birlikte b\u00f6lge halk\u0131na destek vermek ve topluma \u00f6rnek olmak amac\u0131yla, yenileme \u00e7al\u0131\u015fmalar\u0131n\u0131n yan\u0131 s\u0131ra ekonomik ve sosyal etki yaratacak e\u011fitimler d\u00fczenledik. Hayat Boyu \u00d6\u011frenme Genel M\u00fcd\u00fcrl\u00fc\u011f\u00fc ile 2006 y\u0131l\u0131ndan bu yana birlikte \u00e7al\u0131\u015f\u0131yoruz. Ve rehabilite etti\u011fimiz \u00f6rnek k\u00f6ylerde farkl\u0131 alanlarda bir\u00e7ok kurs program\u0131n\u0131 onlar\u0131n deste\u011fiyle birlikte organize ediyoruz. Bu g\u00fczel binay\u0131 e\u011fitime tahsis etmek \u00fczere Mu\u011fla Valimiz ve de\u011ferli e\u015fleri, Kaymakam\u0131m\u0131z, Hayat Boyu \u00d6\u011frenme Genel M\u00fcd\u00fcrl\u00fc\u011f\u00fcm\u00fcz ve Belediye Ba\u015fkanlar\u0131m\u0131z desteklerini esirgemedi. Her birine ayr\u0131 ayr\u0131 te\u015fekk\u00fcr ediyorum\u201d<\/em> dedi.<\/p>\n<p><strong>Artan s\u0131cakl\u0131kla birlikte ayn\u0131 felaketi tekrar ya\u015famamak i\u00e7in<\/strong> herkesin \u00fczerine d\u00fc\u015fen g\u00f6revi yerine getirmesi ve dikkatli olmas\u0131 gerekti\u011fi \u00e7a\u011fr\u0131s\u0131nda bulunan \u00d6zt\u00fcrk \u015f\u00f6yle devam etti: <em>\u201cK\u00f6ylerimizde yang\u0131n\u0131n izlerini silerken, b\u00f6lge halk\u0131n\u0131n <strong>orman yang\u0131nlar\u0131, iklim de\u011fi\u015fikli\u011fi ve afetlerle<\/strong> ilgili bilin\u00e7lenmesine katk\u0131 sa\u011flaman\u0131n s\u00fcrd\u00fcr\u00fclebilir bir gelecek i\u00e7in \u00e7ok de\u011ferli oldu\u011funa inan\u0131yoruz. Yang\u0131nlar\u0131 ve yang\u0131n nedeniyle olu\u015fabilecek zarar\u0131 en aza indirmenin en \u00f6nemli yolu, bu konudaki fark\u0131ndal\u0131\u011f\u0131 art\u0131rmak ve bilgi sahibi olmak. Do\u011faya Sayg\u0131 projemiz kapsam\u0131nda bir yandan zarar g\u00f6ren k\u00f6ylerimize destek verirken di\u011fer yandan e\u011fitim odakl\u0131 fark\u0131ndal\u0131k \u00e7al\u0131\u015fmalar\u0131 y\u00fcr\u00fcterek daima temkinli olunmas\u0131 gerekti\u011fine dikkat \u00e7ekiyoruz.\u201d<\/em><\/p>\n<p>T\u00f6rende ayr\u0131ca Do\u011faya Sayg\u0131 Projesi kapsam\u0131nda yap\u0131lan \u00e7al\u0131\u015fmalar\u0131n yer ald\u0131\u011f\u0131 beratlar her bir k\u00f6y\u00fcn muhtar\u0131na teslim edildi. \u00c7<strong>\u00f6kertme Muhtar\u0131 Ertan Konar, G\u00f6kbel Muhtar\u0131 Halil \u0130brahim G\u00f6n\u00fcl, Bozalan Muhtar\u0131 Dursun Kay\u0131han<\/strong> haz\u0131rlanan beratlar\u0131 <strong>Mu\u011fla Valisi Dr. \u0130dris Akb\u0131y\u0131k, OPET Y\u00f6netim Kurulu Kurucu Ba\u015fkan\u0131 Fikret \u00d6zt\u00fcrk ve OPET Y\u00f6netim Kurulu Kurucu \u00dcyesi Nurten \u00d6zt\u00fcrk\u2019\u00fcn<\/strong> elinden ald\u0131.<\/p>\n<h3><strong>M\u0130LAS HALK E\u011e\u0130T\u0130M\u0130 MERKEZ\u0130 \u00c7\u00d6KERTME KURS B\u0130NASI H\u0130ZMETE A\u00c7ILDI<\/strong><\/h3>\n<p>Proje kapsam\u0131nda Yal\u0131 b\u00f6lgesinde yer alan ve m\u00fclkiyeti Mu\u011fla Valili\u011fi\u2019ne ait olan be\u015f oda kapasiteli iki katl\u0131 bina yenilendi. Binan\u0131n t\u00fcm tadilat\u0131 ve i\u00e7 d\u00fczenlemeleri OPET taraf\u0131ndan yap\u0131ld\u0131 ve bina tamamen yenilenerek bug\u00fcnk\u00fc halini ald\u0131. Yenileme \u00e7al\u0131\u015fmalar\u0131n\u0131n ard\u0131ndan ilgili kurumlar aras\u0131nda koordinasyon ve i\u015f birli\u011fi sa\u011flayarak binan\u0131n e\u011fitim ama\u00e7l\u0131 kullan\u0131m\u0131 i\u00e7in tahsisinin Milas Halk E\u011fitim Merkezi\u2019ne verilmesini sa\u011flad\u0131 Opet, Milas Halk E\u011fitimi Merkezi ile imzalad\u0131\u011f\u0131 protokol kapsam\u0131nda \u00c7\u00f6kertme Ek Hizmet Binas\u0131nda e\u011fitimlere ba\u015flad\u0131. <strong>\u00c7\u00f6kertme, G\u00f6kbel, Bozalan ve \u00e7evre k\u00f6ylerin<\/strong> kat\u0131l\u0131m\u0131yla ba\u015flat\u0131lan kurslarda <strong>\u0130ngilizce, diksiyon, hijyen ve el sanatlar\u0131<\/strong> gibi e\u011fitimler veriliyor. \u0130lerleyen d\u00f6nemlerde ise <strong>bilgisayar, i\u015fletmecilik, k\u0131rsal turizm, tak\u0131 tasar\u0131m\u0131 ve \u00fcretimi, seramik, hediyelik e\u015fya \u00fcretimi, ah\u015fap boyama, a\u015f\u00e7\u0131l\u0131k ve yemek, halk oyunlar\u0131, su sporlar\u0131 ve dans<\/strong> gibi e\u011fitimler hayata ge\u00e7irilecek. T\u00fcm bu \u00e7al\u0131\u015fmalar\u0131n sonunda bu b\u00f6lgenin kalk\u0131nmas\u0131na hizmet edecek.<\/p>\n<h3><strong>DO\u011eAYA SAYGI PROJES\u0130 \u0130LE \u00c7\u00d6KERTME K\u00d6Y\u00dcN\u00dcN \u00c7EHRES\u0130 NASIL DE\u011e\u0130\u015eT\u0130?<\/strong><\/h3>\n<p><strong>OPET S\u00fcrd\u00fcr\u00fclebilirlik ve Kurumsal \u0130leti\u015fim Grup M\u00fcd\u00fcr\u00fc Ay\u015fenur Ayd\u0131n<\/strong> ise proje kapsam\u0131nda k\u00f6ylerde yap\u0131lan t\u00fcm \u00e7al\u0131\u015fmalar\u0131 anlatarak, sonu\u00e7lar\u0131 hakk\u0131nda bilgi verdi. \u00c7al\u0131\u015fmalara ba\u015flamadan \u00f6nce t\u00fcm k\u00f6ylerde yap\u0131lan anket \u00e7al\u0131\u015fmas\u0131 ile hanelerdeki ihtiya\u00e7lar belirlendi\u011fine ve \u00e7al\u0131\u015fmalar\u0131n bu do\u011frultuda planland\u0131\u011f\u0131na dikkat \u00e7eken Ayd\u0131n, \u00c7\u00f6kertme\u2019nin k\u00fclt\u00fcrel ve mimari \u00f6zellikleri korunarak iyile\u015ftirme \u00e7al\u0131\u015fmalar\u0131n\u0131n yap\u0131ld\u0131\u011f\u0131n\u0131 aktard\u0131. Ayd\u0131n, yap\u0131lan faaliyetler aras\u0131nda, altyap\u0131 \u00e7al\u0131\u015fmalar\u0131, k\u00f6y ana yol d\u00fczenlemeleri, ana arter \u00fczerindeki ta\u015f duvar ve ah\u015fap \u00e7it uygulamalar\u0131, k\u00f6y evleri i\u00e7in boya da\u011f\u0131t\u0131m\u0131 ve boya uygulamas\u0131, k\u00f6y okulu d\u0131\u015f cephe boyamalar\u0131, Temiz Tuvalet Kampanyas\u0131 standartlar\u0131na uygun tuvalet d\u00fczenlemeleri, k\u00f6y kahvesi d\u00fczenlemeleri, \u00f6rnek pansiyon uygulamas\u0131, k\u00f6yde bulunan t\u00fcm mekanlara masa ve sandalye temini, y\u00f6reye uygun motiflerle tabela ve kap\u0131 numaras\u0131 uygulamalar\u0131, yerel halk ve k\u00f6y d\u0131\u015f\u0131ndan ziyaret\u00e7ilere hizmet vermek amac\u0131yla kafe ve restoran yap\u0131m\u0131 gibi \u00e7al\u0131\u015fmalar\u0131n hayata ge\u00e7irildi\u011fini belirtti. Ayd\u0131n, bu \u00e7al\u0131\u015fmalar\u0131n ard\u0131ndan Milas Halk E\u011fitimi Merkezi\u2019nin kullan\u0131m\u0131 i\u00e7in d\u00fczenlenen bu binay\u0131 hediye etmenin mutlulu\u011funu ya\u015fad\u0131klar\u0131n\u0131 belirtti.<\/p>","protected":false},"excerpt":{"rendered":"<p>Sorry, this entry is only available in Turkish. For the sake of viewer convenience, the content is shown below in the alternative language. You may click the link to switch the active language. Mu\u011fla ve \u00e7evresinde 2021 y\u0131l\u0131nda ya\u015fanan orman yang\u0131nlar\u0131ndan olumsuz etkilenen k\u00f6ylerin kalk\u0131nmas\u0131na destek olmak amac\u0131yla Do\u011faya Sayg\u0131 Projesi\u2019ni y\u00fcr\u00fcten OPET; Milas\u2019\u0131n \u00c7\u00f6kertme [&hellip;]<\/p>\n","protected":false},"author":1,"featured_media":189790,"comment_status":"open","ping_status":"open","sticky":false,"template":"","format":"standard","meta":[],"categories":[53,44],"tags":[65145,114418,114415,105247,1999,114419,114417,114416,4479,13250],"views":27,"_links":{"self":[{"href":"https:\/\/www.enerjigazetesi.ist\/en\/wp-json\/wp\/v2\/posts\/189787"}],"collection":[{"href":"https:\/\/www.enerjigazetesi.ist\/en\/wp-json\/wp\/v2\/posts"}],"about":[{"href":"https:\/\/www.enerjigazetesi.ist\/en\/wp-json\/wp\/v2\/types\/post"}],"author":[{"embeddable":true,"href":"https:\/\/www.enerjigazetesi.ist\/en\/wp-json\/wp\/v2\/users\/1"}],"replies":[{"embeddable":true,"href":"https:\/\/www.enerjigazetesi.ist\/en\/wp-json\/wp\/v2\/comments?post=189787"}],"version-history":[{"count":0,"href":"https:\/\/www.enerjigazetesi.ist\/en\/wp-json\/wp\/v2\/posts\/189787\/revisions"}],"wp:featuredmedia":[{"embeddable":true,"href":"https:\/\/www.enerjigazetesi.ist\/en\/wp-json\/wp\/v2\/media\/189790"}],"wp:attachment":[{"href":"https:\/\/www.enerjigazetesi.ist\/en\/wp-json\/wp\/v2\/media?parent=189787"}],"wp:term":[{"taxonomy":"category","embeddable":true,"href":"https:\/\/www.enerjigazetesi.ist\/en\/wp-json\/wp\/v2\/categories?post=189787"},{"taxonomy":"post_tag","embeddable":true,"href":"https:\/\/www.enerjigazetesi.ist\/en\/wp-json\/wp\/v2\/tags?post=189787"}],"curies":[{"name":"wp","href":"https:\/\/api.w.org\/{rel}","templated":true}]}}