{"id":189720,"date":"2024-06-28T20:16:19","date_gmt":"2024-06-28T17:16:19","guid":{"rendered":"https:\/\/www.enerjigazetesi.ist\/?p=189720"},"modified":"2024-06-28T20:16:19","modified_gmt":"2024-06-28T17:16:19","slug":"sedas-elektrik-enerjisinin-guvenli-kullanimi-icin-cagrida-bulundu","status":"publish","type":"post","link":"https:\/\/www.enerjigazetesi.ist\/en\/sedas-elektrik-enerjisinin-guvenli-kullanimi-icin-cagrida-bulundu\/","title":{"rendered":"(Turkish) &#8217;SEDA\u015e&#8217; Elektrik Enerjisinin G\u00fcvenli Kullan\u0131m\u0131 \u0130\u00e7in \u00c7a\u011fr\u0131da Bulundu"},"content":{"rendered":"<p class=\"qtranxs-available-languages-message qtranxs-available-languages-message-en\">Sorry, this entry is only available in <a href=\"https:\/\/www.enerjigazetesi.ist\/tr\/wp-json\/wp\/v2\/posts\/189720\" class=\"qtranxs-available-language-link qtranxs-available-language-link-tr\" title=\"Turkish\">Turkish<\/a>. For the sake of viewer convenience, the content is shown below in the alternative language. You may click the link to switch the active language.<\/p><p><\/p>\n<h2><strong>Sakarya, Kocaeli, Bolu ve D\u00fczce illerinde elektrik da\u011f\u0131t\u0131m faaliyeti y\u00fcr\u00fcten Sakarya Elektrik Da\u011f\u0131t\u0131m A.\u015e. (SEDA\u015e), elektrik enerjisinin g\u00fcvenli kullan\u0131m\u0131 konusunda bilgilendirdi. <\/strong><\/h2>\n<p>SEDA\u015e y\u00f6neticileri, \u00c7al\u0131\u015fma ve Sosyal G\u00fcvenlik Bakanl\u0131\u011f\u0131 taraf\u0131ndan yay\u0131mlanan <strong>\u201cYap\u0131 \u0130\u015flerinde \u0130\u015f <img loading=\"lazy\" class=\"alignright wp-image-189723\" src=\"https:\/\/www.enerjigazetesi.ist\/wp-content\/uploads\/2024\/06\/sedas-elektrik-enerjisinin-guvenli-kullanimi-icin-cagrida-bulundu-1.jpg\" alt=\"\" width=\"320\" height=\"352\" srcset=\"https:\/\/www.enerjigazetesi.ist\/wp-content\/uploads\/2024\/06\/sedas-elektrik-enerjisinin-guvenli-kullanimi-icin-cagrida-bulundu-1.jpg 436w, https:\/\/www.enerjigazetesi.ist\/wp-content\/uploads\/2024\/06\/sedas-elektrik-enerjisinin-guvenli-kullanimi-icin-cagrida-bulundu-1-273x300.jpg 273w, https:\/\/www.enerjigazetesi.ist\/wp-content\/uploads\/2024\/06\/sedas-elektrik-enerjisinin-guvenli-kullanimi-icin-cagrida-bulundu-1-363x400.jpg 363w, https:\/\/www.enerjigazetesi.ist\/wp-content\/uploads\/2024\/06\/sedas-elektrik-enerjisinin-guvenli-kullanimi-icin-cagrida-bulundu-1-45x50.jpg 45w\" sizes=\"(max-width: 320px) 100vw, 320px\" \/>Sa\u011fl\u0131\u011f\u0131 ve G\u00fcvenli\u011fi\u201d<\/strong> kapsam\u0131nda, enerji kesintisinin gerekli oldu\u011fu b\u00f6lgelerde, <strong>i\u015f kazalar\u0131ndan ka\u00e7\u0131narak can ve mal g\u00fcvenli\u011fini sa\u011flaman\u0131n<\/strong> yan\u0131 s\u0131ra hem yasa gere\u011fi hem de \u00e7evre ve kamu g\u00fcvenli\u011fi a\u00e7\u0131s\u0131ndan, ilgili \u015firketlerin <strong>SEDA\u015e\u2019a \u00f6nceden haber vermesini ve planl\u0131 kesinti \u00f6nleminin al\u0131nmas\u0131 gerekti\u011fini<\/strong> belirtti.<\/p>\n<p>SEDA\u015e\u2019tan yap\u0131lan a\u00e7\u0131klamaya g\u00f6re;<em> \u201c\u0130n\u015faat alanlar\u0131nda ya da ikamet edilen konutun \u00e7at\u0131s\u0131nda \u00e7al\u0131\u015f\u0131rken EKAT Y\u00f6netmeli\u011fi\u2019ne g\u00f6re emniyet mesafesi uygun olan elektrik hatt\u0131na temas edilmesi, balkonlardan hal\u0131 silkeleme s\u0131ras\u0131nda, i\u015f makinesi ile in\u015faata beton d\u00f6k\u00fcm\u00fc yap\u0131l\u0131rken dikkatsizlik sonucu iletkenlere temas edilmesi veya \u00e7ocuklar\u0131m\u0131z\u0131n elektrik direklerine t\u0131rmanmas\u0131 gibi durumlarda da can ve mal kay\u0131plar\u0131 ya\u015fanmaktad\u0131r. Bu nedenle i\u015f g\u00fcvenli\u011fi kurallar\u0131na dikkat ederek \u00e7al\u0131\u015fmalar\u0131n yap\u0131lmas\u0131, \u015febeke yak\u0131n\u0131nda yap\u0131lan \u00e7al\u0131\u015fmalarda da <strong>mutlaka \u015febekeye temas etmeyecek \u015fekilde g\u00fcvenli mesafede bulunulmas\u0131<\/strong> hayati \u00f6nem ta\u015f\u0131maktad\u0131r. G\u00fcvenlik mesafesi belirlenirken enerji nakil hatt\u0131 tellerinin r\u00fczg\u00e2rda sal\u0131n\u0131m\u0131n\u0131n da hesaba kat\u0131lmas\u0131, enerji nakil hatlar\u0131na yeterli g\u00fcvenlik mesafesi b\u0131rak\u0131lam\u0131yorsa hatt\u0131n ak\u0131m\u0131n\u0131n kesilmesi i\u00e7in SEDA\u015e\u2019tan onay ve izinler al\u0131nmas\u0131 gerekmektedir\u201d<\/em> denildi.<\/p>\n<p>SEDA\u015e, resm\u00ee web sitesi <a href=\"http:\/\/www.sedas.com\" target=\"_blank\" rel=\"noopener\">www.sedas.com<\/a> arac\u0131l\u0131\u011f\u0131 ile de enerjinin g\u00fcvenli kullan\u0131m\u0131na y\u00f6nelik \u00f6nemli ba\u015fl\u0131klar\u0131 bilgilendirici mesajlar olarak kamuoyunun bilgisine sundu.<\/p>","protected":false},"excerpt":{"rendered":"<p>Sorry, this entry is only available in Turkish. For the sake of viewer convenience, the content is shown below in the alternative language. You may click the link to switch the active language. Sakarya, Kocaeli, Bolu ve D\u00fczce illerinde elektrik da\u011f\u0131t\u0131m faaliyeti y\u00fcr\u00fcten Sakarya Elektrik Da\u011f\u0131t\u0131m A.\u015e. (SEDA\u015e), elektrik enerjisinin g\u00fcvenli kullan\u0131m\u0131 konusunda bilgilendirdi. SEDA\u015e [&hellip;]<\/p>\n","protected":false},"author":1,"featured_media":189722,"comment_status":"open","ping_status":"open","sticky":false,"template":"","format":"standard","meta":[],"categories":[51,53],"tags":[52487,4546,97661,102600,2444],"views":25,"_links":{"self":[{"href":"https:\/\/www.enerjigazetesi.ist\/en\/wp-json\/wp\/v2\/posts\/189720"}],"collection":[{"href":"https:\/\/www.enerjigazetesi.ist\/en\/wp-json\/wp\/v2\/posts"}],"about":[{"href":"https:\/\/www.enerjigazetesi.ist\/en\/wp-json\/wp\/v2\/types\/post"}],"author":[{"embeddable":true,"href":"https:\/\/www.enerjigazetesi.ist\/en\/wp-json\/wp\/v2\/users\/1"}],"replies":[{"embeddable":true,"href":"https:\/\/www.enerjigazetesi.ist\/en\/wp-json\/wp\/v2\/comments?post=189720"}],"version-history":[{"count":0,"href":"https:\/\/www.enerjigazetesi.ist\/en\/wp-json\/wp\/v2\/posts\/189720\/revisions"}],"wp:featuredmedia":[{"embeddable":true,"href":"https:\/\/www.enerjigazetesi.ist\/en\/wp-json\/wp\/v2\/media\/189722"}],"wp:attachment":[{"href":"https:\/\/www.enerjigazetesi.ist\/en\/wp-json\/wp\/v2\/media?parent=189720"}],"wp:term":[{"taxonomy":"category","embeddable":true,"href":"https:\/\/www.enerjigazetesi.ist\/en\/wp-json\/wp\/v2\/categories?post=189720"},{"taxonomy":"post_tag","embeddable":true,"href":"https:\/\/www.enerjigazetesi.ist\/en\/wp-json\/wp\/v2\/tags?post=189720"}],"curies":[{"name":"wp","href":"https:\/\/api.w.org\/{rel}","templated":true}]}}