{"id":189690,"date":"2024-06-28T17:23:50","date_gmt":"2024-06-28T14:23:50","guid":{"rendered":"https:\/\/www.enerjigazetesi.ist\/?p=189690"},"modified":"2024-06-28T17:24:29","modified_gmt":"2024-06-28T14:24:29","slug":"yenikoy-kemerkoy-enerji-iso-500-listesinde-ilk-kez-yer-aldi","status":"publish","type":"post","link":"https:\/\/www.enerjigazetesi.ist\/en\/yenikoy-kemerkoy-enerji-iso-500-listesinde-ilk-kez-yer-aldi\/","title":{"rendered":"(Turkish) &#8217;Yenik\u00f6y Kemerk\u00f6y Enerji&#8217; \u0130SO 500 Listesinde \u0130lk Kez Yer Ald\u0131"},"content":{"rendered":"<p class=\"qtranxs-available-languages-message qtranxs-available-languages-message-en\">Sorry, this entry is only available in <a href=\"https:\/\/www.enerjigazetesi.ist\/tr\/wp-json\/wp\/v2\/posts\/189690\" class=\"qtranxs-available-language-link qtranxs-available-language-link-tr\" title=\"Turkish\">Turkish<\/a>. For the sake of viewer convenience, the content is shown below in the alternative language. You may click the link to switch the active language.<\/p><p><\/p>\n<h2 class=\"__className_0db549 text-xl [26px] lg:text-lg font-[600] text-[#4b4b4b] mb-[10px] text-[600] lg:mb-[30px] px-[10px] lg:px-0\">Yenik\u00f6y Kemerk\u00f6y Enerji, ilk kez \u0130SO 500 s\u0131ralamas\u0131n\u0131n, 2023 y\u0131l\u0131na ait listesine 142\u2019nci s\u0131radan girerken t\u00fcm enerji \u015firketleri aras\u0131nda ise dokuzuncu oldu.<\/h2>\n<div id=\"attachment_189692\" style=\"width: 510px\" class=\"wp-caption aligncenter\"><img aria-describedby=\"caption-attachment-189692\" loading=\"lazy\" class=\"wp-image-189692\" src=\"https:\/\/www.enerjigazetesi.ist\/wp-content\/uploads\/2024\/06\/yenikoy-kemerkoy-enerji-iso-500-listesinde-ilk-kez-yer-aldi.jpg\" alt=\"\" width=\"500\" height=\"384\" srcset=\"https:\/\/www.enerjigazetesi.ist\/wp-content\/uploads\/2024\/06\/yenikoy-kemerkoy-enerji-iso-500-listesinde-ilk-kez-yer-aldi.jpg 555w, https:\/\/www.enerjigazetesi.ist\/wp-content\/uploads\/2024\/06\/yenikoy-kemerkoy-enerji-iso-500-listesinde-ilk-kez-yer-aldi-300x230.jpg 300w, https:\/\/www.enerjigazetesi.ist\/wp-content\/uploads\/2024\/06\/yenikoy-kemerkoy-enerji-iso-500-listesinde-ilk-kez-yer-aldi-500x384.jpg 500w, https:\/\/www.enerjigazetesi.ist\/wp-content\/uploads\/2024\/06\/yenikoy-kemerkoy-enerji-iso-500-listesinde-ilk-kez-yer-aldi-65x50.jpg 65w, https:\/\/www.enerjigazetesi.ist\/wp-content\/uploads\/2024\/06\/yenikoy-kemerkoy-enerji-iso-500-listesinde-ilk-kez-yer-aldi-260x200.jpg 260w\" sizes=\"(max-width: 500px) 100vw, 500px\" \/><p id=\"caption-attachment-189692\" class=\"wp-caption-text\">Yenik\u00f6y Kemerk\u00f6y Enerji Genel M\u00fcd\u00fcr\u00fc Erol Demir<\/p><\/div>\n<p>Yenik\u00f6y Kemerk\u00f6y Enerji, <strong>\u0130SO 500 2023<\/strong> listesine ilk kez girdi. Listeye <strong>142. s\u0131radan<\/strong> giren \u015firket, <strong>t\u00fcm enerji \u015firketleri aras\u0131nda da dokuzuncu<\/strong> oldu.<\/p>\n<h3><strong>MU\u011eLA&#8217;NIN EN B\u00dcY\u00dcK \u0130K\u0130NC\u0130 SANAY\u0130 \u015e\u0130RKET\u0130 OLDU<\/strong><\/h3>\n<p>Mu\u011fla\u2019n\u0131n Milas il\u00e7esinde yer alan elektrik santralleriyle yerli kaynakla elektrik \u00fcreten Yenik\u00f6y Kemerk\u00f6y Enerji, ilk defa kat\u0131ld\u0131\u011f\u0131 \u0130SO 500 s\u0131ralamas\u0131n\u0131n, 2023 y\u0131l\u0131na ait listesine 142\u2019nci s\u0131radan giri\u015f yapt\u0131. Yenik\u00f6y Kemerk\u00f6y Enerji, <strong>Mu\u011fla<\/strong>\u2019n\u0131n en b\u00fcy\u00fck ikinci sanayi \u015firketi oldu.<\/p>\n<h3><strong>T\u00dcRK\u0130YE&#8217;N\u0130N EN B\u00dcY\u00dcK 10 ENERJ\u0130 \u00dcRETEN \u015e\u0130RKET\u0130NDEN B\u0130R\u0130<\/strong><\/h3>\n<p>Yenik\u00f6y Kemerk\u00f6y Enerji, 2023 y\u0131l\u0131 verilerine g\u00f6re T\u00fcrkiye\u2019nin toplam enerji \u00fcretiminin y\u00fczde 2,19\u2019unu kar\u015f\u0131layarak, EPDK taraf\u0131ndan a\u00e7\u0131klanan son raporda T\u00fcrkiye\u2019nin en b\u00fcy\u00fck enerji \u00fcreten \u015firketleri aras\u0131nda ilk 10 i\u00e7inde yer ald\u0131.<\/p>\n<p>Yenik\u00f6y Kemerk\u00f6y Enerji Genel M\u00fcd\u00fcr\u00fc Erol Demir, konuyla ilgili yapt\u0131\u011f\u0131 a\u00e7\u0131klamada;\u00a0<em>\u201cT\u00fcrkiye\u2019nin en b\u00fcy\u00fck sanayi \u015firketleri aras\u0131nda yer alman\u0131n gururunu ya\u015f\u0131yoruz. Yakla\u015f\u0131k 40 y\u0131ld\u0131r Mu\u011fla\u2019n\u0131n Milas il\u00e7esindeki iki santralimizde yerli kayna\u011f\u0131m\u0131z\u0131 kullanarak \u00fcretti\u011fimiz elektrikle cari a\u00e7\u0131\u011f\u0131n azalt\u0131lmas\u0131nda <strong>y\u0131ll\u0131k 750 milyon USD<\/strong> katk\u0131 sa\u011fl\u0131yoruz\u201d\u00a0<\/em>dedi.<\/p>","protected":false},"excerpt":{"rendered":"<p>Sorry, this entry is only available in Turkish. For the sake of viewer convenience, the content is shown below in the alternative language. You may click the link to switch the active language. Yenik\u00f6y Kemerk\u00f6y Enerji, ilk kez \u0130SO 500 s\u0131ralamas\u0131n\u0131n, 2023 y\u0131l\u0131na ait listesine 142\u2019nci s\u0131radan girerken t\u00fcm enerji \u015firketleri aras\u0131nda ise dokuzuncu oldu. [&hellip;]<\/p>\n","protected":false},"author":1,"featured_media":189693,"comment_status":"open","ping_status":"open","sticky":false,"template":"","format":"standard","meta":[],"categories":[51,53,24649],"tags":[2495,2069,51684,3089,438,113511],"views":31,"_links":{"self":[{"href":"https:\/\/www.enerjigazetesi.ist\/en\/wp-json\/wp\/v2\/posts\/189690"}],"collection":[{"href":"https:\/\/www.enerjigazetesi.ist\/en\/wp-json\/wp\/v2\/posts"}],"about":[{"href":"https:\/\/www.enerjigazetesi.ist\/en\/wp-json\/wp\/v2\/types\/post"}],"author":[{"embeddable":true,"href":"https:\/\/www.enerjigazetesi.ist\/en\/wp-json\/wp\/v2\/users\/1"}],"replies":[{"embeddable":true,"href":"https:\/\/www.enerjigazetesi.ist\/en\/wp-json\/wp\/v2\/comments?post=189690"}],"version-history":[{"count":0,"href":"https:\/\/www.enerjigazetesi.ist\/en\/wp-json\/wp\/v2\/posts\/189690\/revisions"}],"wp:featuredmedia":[{"embeddable":true,"href":"https:\/\/www.enerjigazetesi.ist\/en\/wp-json\/wp\/v2\/media\/189693"}],"wp:attachment":[{"href":"https:\/\/www.enerjigazetesi.ist\/en\/wp-json\/wp\/v2\/media?parent=189690"}],"wp:term":[{"taxonomy":"category","embeddable":true,"href":"https:\/\/www.enerjigazetesi.ist\/en\/wp-json\/wp\/v2\/categories?post=189690"},{"taxonomy":"post_tag","embeddable":true,"href":"https:\/\/www.enerjigazetesi.ist\/en\/wp-json\/wp\/v2\/tags?post=189690"}],"curies":[{"name":"wp","href":"https:\/\/api.w.org\/{rel}","templated":true}]}}