{"id":189679,"date":"2024-06-28T16:48:55","date_gmt":"2024-06-28T13:48:55","guid":{"rendered":"https:\/\/www.enerjigazetesi.ist\/?p=189679"},"modified":"2024-06-28T16:50:25","modified_gmt":"2024-06-28T13:50:25","slug":"enerjide-acele-kamulastirma-kararlari","status":"publish","type":"post","link":"https:\/\/www.enerjigazetesi.ist\/en\/enerjide-acele-kamulastirma-kararlari\/","title":{"rendered":"(Turkish) Enerjide Acele Kamula\u015ft\u0131rma Kararlar\u0131"},"content":{"rendered":"<p class=\"qtranxs-available-languages-message qtranxs-available-languages-message-en\">Sorry, this entry is only available in <a href=\"https:\/\/www.enerjigazetesi.ist\/tr\/wp-json\/wp\/v2\/posts\/189679\" class=\"qtranxs-available-language-link qtranxs-available-language-link-tr\" title=\"Turkish\">Turkish<\/a>. For the sake of viewer convenience, the content is shown below in the alternative language. You may click the link to switch the active language.<\/p><p><\/p>\n<h2 class=\"__className_0db549 text-xl [26px] lg:text-lg font-[600] text-[#4b4b4b] mb-[10px] text-[600] lg:mb-[30px] px-[10px] lg:px-0\">T\u00fcrkiye&#8217;nin baz\u0131 illerinde ger\u00e7ekle\u015ftirilecek enerji projeleri i\u00e7in proje g\u00fczergahlar\u0131nda bulunan ta\u015f\u0131nmazlar\u0131n acele kamula\u015ft\u0131r\u0131lmas\u0131na karar verildi.<\/h2>\n<p style=\"text-align: center;\"><img loading=\"lazy\" class=\"aligncenter wp-image-189682\" src=\"https:\/\/www.enerjigazetesi.ist\/wp-content\/uploads\/2024\/06\/enerjide-acele-kamulastirma-kararlari.jpg\" alt=\"\" width=\"500\" height=\"343\" srcset=\"https:\/\/www.enerjigazetesi.ist\/wp-content\/uploads\/2024\/06\/enerjide-acele-kamulastirma-kararlari.jpg 550w, https:\/\/www.enerjigazetesi.ist\/wp-content\/uploads\/2024\/06\/enerjide-acele-kamulastirma-kararlari-300x206.jpg 300w, https:\/\/www.enerjigazetesi.ist\/wp-content\/uploads\/2024\/06\/enerjide-acele-kamulastirma-kararlari-500x343.jpg 500w, https:\/\/www.enerjigazetesi.ist\/wp-content\/uploads\/2024\/06\/enerjide-acele-kamulastirma-kararlari-73x50.jpg 73w\" sizes=\"(max-width: 500px) 100vw, 500px\" \/><\/p>\n<p>Konuya ili\u015fkin <strong>Cumhurba\u015fkan\u0131 kararlar\u0131<\/strong>, <strong>Resmi Gazete&#8217;de<\/strong> yay\u0131mland\u0131.<\/p>\n<p>Buna g\u00f6re, ba\u011flant\u0131 anla\u015fmas\u0131 uyar\u0131nca tesis edilecek 154kV Boz\u00fcy\u00fck TM-Kartal RES TM E\u0130H Br\u015f R3 Bilecik 6 RES TM Enerji \u0130letim Hatt\u0131 (Girdi-\u00c7\u0131kt\u0131) (Hat-1, Hat-2) Projesi kapsam\u0131nda Eski\u015fehir&#8217;de proje sahas\u0131na isabet eden ta\u015f\u0131nmazlar\u0131n m\u00fclkiyet \u015feklinde, iletken sal\u0131n\u0131m gabarisinin ise irtifak hakk\u0131 kurularak <strong>T\u00fcrkiye Elektrik \u0130letim A\u015e (TE\u0130A\u015e)<\/strong> taraf\u0131ndan acele kamula\u015ft\u0131r\u0131lmas\u0131na karar verildi.<\/p>\n<p>Ayr\u0131ca, Erzincan&#8217;da yap\u0131lacak <strong>S\u00f6\u011f\u00fctl\u00fc Grubu Enerji Nakil Hatt\u0131n\u0131n<\/strong> g\u00fczergah\u0131na isabet eden ta\u015f\u0131nmazlarda <strong>elektrik da\u011f\u0131t\u0131m tesis yerlerinin<\/strong> m\u00fclkiyet \u015feklinde, hat emniyet sahalar\u0131n\u0131n ise irtifak hakk\u0131 kurularak TE\u0130A\u015e taraf\u0131ndan acele kamula\u015ft\u0131r\u0131lmas\u0131 kararla\u015ft\u0131r\u0131ld\u0131.<\/p>\n<p>\u00d6te yandan, <strong>Marmaris il\u00e7esi Do\u011fal Gaz Boru Hatt\u0131 Projesi<\/strong> i\u00e7in g\u00fczergaha isabet eden ta\u015f\u0131nmazlar m\u00fclkiyet \u015feklinde ya da daimi\/ge\u00e7ici irtifak hakk\u0131 kurulmak suretiyle Boru Hatlar\u0131 ile Petrol Ta\u015f\u0131ma A\u015e (BOTA\u015e) Genel M\u00fcd\u00fcrl\u00fc\u011f\u00fc taraf\u0131ndan acele kamula\u015ft\u0131r\u0131lacak.<\/p>\n<p>Ayr\u0131ca, Tekirda\u011f\u2019da S:464 numaral\u0131 IV. Grup maden (linyit) i\u015fletme ruhsatl\u0131 sahada, ruhsata konu maden \u00fcretimine devam edilebilmesi i\u00e7in ihtiya\u00e7 duyulan ta\u015f\u0131nmazlar\u0131n<strong> Maden ve Petrol \u0130\u015fleri Genel M\u00fcd\u00fcrl\u00fc\u011f\u00fcnce<\/strong> acele kamula\u015ft\u0131r\u0131lmas\u0131na karar verildi.<\/p>","protected":false},"excerpt":{"rendered":"<p>Sorry, this entry is only available in Turkish. For the sake of viewer convenience, the content is shown below in the alternative language. You may click the link to switch the active language. T\u00fcrkiye&#8217;nin baz\u0131 illerinde ger\u00e7ekle\u015ftirilecek enerji projeleri i\u00e7in proje g\u00fczergahlar\u0131nda bulunan ta\u015f\u0131nmazlar\u0131n acele kamula\u015ft\u0131r\u0131lmas\u0131na karar verildi. Konuya ili\u015fkin Cumhurba\u015fkan\u0131 kararlar\u0131, Resmi Gazete&#8217;de yay\u0131mland\u0131. [&hellip;]<\/p>\n","protected":false},"author":1,"featured_media":189682,"comment_status":"open","ping_status":"open","sticky":false,"template":"","format":"standard","meta":[],"categories":[46,51,53,24649],"tags":[4917,114387,59579,1306,1388,67838,69705],"views":44,"_links":{"self":[{"href":"https:\/\/www.enerjigazetesi.ist\/en\/wp-json\/wp\/v2\/posts\/189679"}],"collection":[{"href":"https:\/\/www.enerjigazetesi.ist\/en\/wp-json\/wp\/v2\/posts"}],"about":[{"href":"https:\/\/www.enerjigazetesi.ist\/en\/wp-json\/wp\/v2\/types\/post"}],"author":[{"embeddable":true,"href":"https:\/\/www.enerjigazetesi.ist\/en\/wp-json\/wp\/v2\/users\/1"}],"replies":[{"embeddable":true,"href":"https:\/\/www.enerjigazetesi.ist\/en\/wp-json\/wp\/v2\/comments?post=189679"}],"version-history":[{"count":0,"href":"https:\/\/www.enerjigazetesi.ist\/en\/wp-json\/wp\/v2\/posts\/189679\/revisions"}],"wp:featuredmedia":[{"embeddable":true,"href":"https:\/\/www.enerjigazetesi.ist\/en\/wp-json\/wp\/v2\/media\/189682"}],"wp:attachment":[{"href":"https:\/\/www.enerjigazetesi.ist\/en\/wp-json\/wp\/v2\/media?parent=189679"}],"wp:term":[{"taxonomy":"category","embeddable":true,"href":"https:\/\/www.enerjigazetesi.ist\/en\/wp-json\/wp\/v2\/categories?post=189679"},{"taxonomy":"post_tag","embeddable":true,"href":"https:\/\/www.enerjigazetesi.ist\/en\/wp-json\/wp\/v2\/tags?post=189679"}],"curies":[{"name":"wp","href":"https:\/\/api.w.org\/{rel}","templated":true}]}}