{"id":189660,"date":"2024-06-27T22:44:26","date_gmt":"2024-06-27T19:44:26","guid":{"rendered":"https:\/\/www.enerjigazetesi.ist\/?p=189660"},"modified":"2024-06-27T22:58:53","modified_gmt":"2024-06-27T19:58:53","slug":"guney-marmara-hidrojen-kiyisi-projesinin-ilk-calistayi-duzenlendi","status":"publish","type":"post","link":"https:\/\/www.enerjigazetesi.ist\/en\/guney-marmara-hidrojen-kiyisi-projesinin-ilk-calistayi-duzenlendi\/","title":{"rendered":"(Turkish) &#8217;G\u00fcney Marmara Hidrojen K\u0131y\u0131s\u0131 Projesi&#8217;nin \u0130lk \u00c7al\u0131\u015ftay\u0131 D\u00fczenlendi"},"content":{"rendered":"<p class=\"qtranxs-available-languages-message qtranxs-available-languages-message-en\">Sorry, this entry is only available in <a href=\"https:\/\/www.enerjigazetesi.ist\/tr\/wp-json\/wp\/v2\/posts\/189660\" class=\"qtranxs-available-language-link qtranxs-available-language-link-tr\" title=\"Turkish\">Turkish<\/a>. For the sake of viewer convenience, the content is shown below in the alternative language. You may click the link to switch the active language.<\/p><p><\/p>\n<h2>Sabanc\u0131 \u00dcniversitesi, T\u00fcrkiye&#8217;nin ilk hidrojen vadisi projesi olan \u201cHYSouthMarmara\u201d projesinin ilk \u00e7al\u0131\u015ftay\u0131na ev sahipli\u011fi yapt\u0131. Sabanc\u0131 \u00dcniversitesi G\u00f6steri Merkezi (SGM)&#8217;nde ger\u00e7ekle\u015ftirilen \u00e7al\u0131\u015ftayda proje payda\u015flar\u0131, firma temsilcileri ve akademisyenleri bir araya getirildi. \u2018HYSouthMarmara Hidrojen Vadisi\u2019 Projesi\u2019 hakk\u0131nda bilgiler verilerek ba\u015flanan \u00e7al\u0131\u015ftayda ba\u015far\u0131yla devam eden vadilerden ve vadi aday\u0131 b\u00f6lgelerden sunumlar\u0131n yan\u0131 s\u0131ra, 4 ayr\u0131 panelde; hidrojenin gelece\u011fi, di\u011fer hidrojen vadisi \u00e7al\u0131\u015fmalar\u0131 ve hidrojen ekosistemi konusundaki geli\u015fmeler aktar\u0131ld\u0131.<\/h2>\n<p style=\"text-align: center;\"><img loading=\"lazy\" class=\"aligncenter wp-image-189663\" src=\"https:\/\/www.enerjigazetesi.ist\/wp-content\/uploads\/2024\/06\/guney-marmara-hidrojen-kiyisi-projesinin-ilk-calistayi-duzenlendi.jpg\" alt=\"\" width=\"500\" height=\"335\" srcset=\"https:\/\/www.enerjigazetesi.ist\/wp-content\/uploads\/2024\/06\/guney-marmara-hidrojen-kiyisi-projesinin-ilk-calistayi-duzenlendi.jpg 550w, https:\/\/www.enerjigazetesi.ist\/wp-content\/uploads\/2024\/06\/guney-marmara-hidrojen-kiyisi-projesinin-ilk-calistayi-duzenlendi-300x201.jpg 300w, https:\/\/www.enerjigazetesi.ist\/wp-content\/uploads\/2024\/06\/guney-marmara-hidrojen-kiyisi-projesinin-ilk-calistayi-duzenlendi-500x335.jpg 500w, https:\/\/www.enerjigazetesi.ist\/wp-content\/uploads\/2024\/06\/guney-marmara-hidrojen-kiyisi-projesinin-ilk-calistayi-duzenlendi-75x50.jpg 75w\" sizes=\"(max-width: 500px) 100vw, 500px\" \/><\/p>\n<p>G\u00fcney Marmara Kalk\u0131nma Ajans\u0131\u2019n\u0131n (GMKA) koordinat\u00f6rl\u00fc\u011f\u00fcnde 15 ortakl\u0131 bir konsorsiyum ile y\u00fcr\u00fct\u00fclen \u201cG\u00fcney Marmara Hidrojen K\u0131y\u0131s\u0131 \u2013 HYSouthMarmara\u201d Projesi, ye\u015fil hidrojen \u00fcretimi ve hidrojenin farkl\u0131 uygulamalarda kullan\u0131m\u0131 i\u00e7in \u00f6rnek bir model olu\u015fturma misyonuyla hareket ediyor. Projenin ortakl\u0131klar\u0131n verimli i\u015f birlikleri ve \u00e7al\u0131\u015fmalar\u0131 ile daha temiz ve ye\u015fil bir gelece\u011fe ula\u015fma hedefi i\u00e7in \u00f6nemli bir d\u00f6n\u00fcm noktas\u0131 olmas\u0131 \u00f6ng\u00f6r\u00fcl\u00fcyor. Proje payda\u015flar\u0131, firma temsilcileri ve akademisyenleri bir araya getirerek, <strong>\u201cYe\u015fil Hidrojen\u201d<\/strong> ve <strong>\u201cHidrojen Vadileri\u201d<\/strong> konusundaki fark\u0131ndal\u0131\u011f\u0131n art\u0131r\u0131lmas\u0131, i\u015f birliklerinin olu\u015fturulmas\u0131 ve g\u00f6r\u00fc\u015f al\u0131\u015fveri\u015finde bulunulmas\u0131 hedeflenen HYSouthMarmara Hidrojen Vadisi \u00c7al\u0131\u015ftay\u0131\u2019nda, ba\u015far\u0131yla devam eden vadiler ve vadi aday\u0131 b\u00f6lgeler anlat\u0131ld\u0131.<\/p>\n<p>\u00c7al\u0131\u015ftay\u0131n a\u00e7\u0131l\u0131\u015f\u0131nda HYSouthMarmara Projesi\u2019nin anlat\u0131ld\u0131\u011f\u0131 video g\u00f6sterimi sonras\u0131 devam eden hidrojen vadisi projelerinden \u00f6rnekler verildi ve vadi aday\u0131 b\u00f6lgelerin sunumlar\u0131 yap\u0131ld\u0131. Tatiana Block Avrupa\u2019n\u0131n ilk hidrojen vadisi projesi olan HEAVENN hakk\u0131nda bilgiler verirken, Holger Wiertzema Kuzey Almanya\u2019daki \u00f6nemli bir i\u015f birli\u011fi projesi olan Norddeutsches Reallabor\u2019u anlatt\u0131. Proje ortaklar\u0131ndan Prof. Marco Pellegrini University of Bologna\u2019n\u0131n \u00e7al\u0131\u015fmalar\u0131n\u0131 ve \u0130talya\u2019daki hidrojen ekosistemini, Prof. Hicham Benyoucef ise Mohammed VI Polytechnic University\u2019nin \u00e7al\u0131\u015fmalar\u0131 ile birlikte Fas\u2019taki hidrojen ekosistemini kat\u0131l\u0131mc\u0131larla payla\u015ft\u0131.<\/p>\n<h3><strong>\u201cHedef Y\u0131lda 500 Ton Hidrojen\u201d<br \/>\n<\/strong><\/h3>\n<p><strong>HYSouthMarmara Proje Koordinat\u00f6r\u00fc Mehmet Volkan Duman<\/strong> a\u00e7\u0131l\u0131\u015fta yapt\u0131\u011f\u0131 konu\u015fmada, G\u00fcney Marmara&#8217;da bu projeyi ba\u015flatmalar\u0131n\u0131n \u00f6zel nedenleri oldu\u011funa dikkat \u00e7ekerek <em>\u201cBuras\u0131 \u00e7ok kritik bir alan. Bu b\u00f6lgenin \u00f6zelli\u011fi nedeniyle hidrojen i\u015fini bu b\u00f6lgede ba\u015flatt\u0131k ve bir model olarak ortaya \u00e7\u0131kmaya \u00e7al\u0131\u015f\u0131yoruz. Projemizin ana hedefi y\u0131lda be\u015f y\u00fcz ton hidrojen \u00fcretmek\u201d<\/em> dedi. G\u00fcney Marmara&#8217;n\u0131n avantajl\u0131 co\u011frafi konumunun yan\u0131 s\u0131ra temiz enerji sekt\u00f6r\u00fcn\u00fcn geli\u015fen sanayisi ile birlikte \u00e7ok kuvvetli oldu\u011funun da alt\u0131n\u0131 \u00e7izen Duman \u015f\u00f6yle konu\u015ftu; <em>\u201cProje kapsam\u0131nda G\u00fcney Marmara B\u00f6lgesi\u2019nin illeri olan Bal\u0131kesir, \u00c7anakkale ve Bursa\u2019n\u0131n hidrojen network\u00fcn\u00fc ortaya \u00e7\u0131karaca\u011f\u0131z. Hem Ege Denizi hem Marmara Denizi&#8217;ne k\u0131y\u0131s\u0131 olan bir b\u00f6lge oldu\u011fu i\u00e7in toplamda bin kilometrelik k\u0131y\u0131 s\u0131n\u0131r\u0131yla suya eri\u015fim s\u0131n\u0131rs\u0131z olacak. Bu eri\u015fim <strong>ye\u015fil hidrojen \u00fcretimi<\/strong> ve <strong>su s\u00fcrd\u00fcr\u00fclebilirli\u011fi<\/strong> a\u00e7\u0131s\u0131ndan \u00e7ok kritik bir a\u015fama. B\u00f6lgeyi k\u0131ymetli k\u0131lan bir ba\u015fka kritik \u00f6zellik ise iki ana do\u011falgaz hatt\u0131n\u0131n G\u00fcney Marmara\u2019dan ge\u00e7iyor olmas\u0131. Bunlardan biri Rusya, \u0130ran ve Azerbaycan&#8217;dan gelen hatlar\u0131n birle\u015fti\u011fi ana hat; di\u011feri ise TANAP hatt\u0131. Bu s\u00fcre\u00e7te hidrojene verilecek misyonun ve ilgili hedeflerin do\u011fru belirlenmesi gerekiyor. Temiz d\u00f6n\u00fc\u015f\u00fcm s\u00fcrecinin ba\u015far\u0131ya ula\u015fabilmesi i\u00e7in <strong>odaklan\u0131lmas\u0131 gereken ilk alan enerji verimlili\u011fi;<\/strong> sonras\u0131nda olabildi\u011fince<strong> elektrikasyon<\/strong> ve ard\u0131ndan olu\u015facak a\u00e7\u0131\u011f\u0131n <strong>hidrojen ile kapat\u0131lmas\u0131<\/strong>. \u00d6n\u00fcm\u00fczde kolay bir s\u00fcre\u00e7 olmad\u0131\u011f\u0131n\u0131 da eklemem gerek. Hidrojenin \u00f6n\u00fcnde \u00e7e\u015fitli politik, ekonomik ve hatta yasal zorluklar ve engeller olabilir ama bizim yapmam\u0131z gereken pilot \u00e7al\u0131\u015fmalar\u0131 tamamlamak ve Ar-Ge \u00e7al\u0131\u015fmalar\u0131na h\u0131z vermek. Vadi Projemizin \u00f6n\u00fcn\u00fc a\u00e7t\u0131\u011f\u0131 fizibilite \u00e7al\u0131\u015fmalar\u0131 ile de bu s\u00fcre\u00e7te kendimizi haz\u0131r halde tutmak amac\u0131n\u0131 ta\u015f\u0131yoruz.\u201d<\/em><\/p>\n<h3><strong>\u201cT\u00fcrkiye\u2019nin \u0130lk Karbon-N\u00f6tr B\u00f6lgesi Olmak \u0130stiyoruz\u201d<br \/>\n<\/strong><\/h3>\n<p><strong>HYSouthMarmara Proje Koordinat\u00f6r\u00fc Mehmet Volkan Duman<\/strong> ye\u015fil yak\u0131tlar i\u00e7in bir merkez ve T\u00fcrkiye&#8217;nin ilk karbon-n\u00f6tr b\u00f6lgesi olmak i\u00e7in yola \u00e7\u0131kt\u0131klar\u0131n\u0131 da kaydederek s\u00f6zlerine \u015f\u00f6yle devam etti;<\/p>\n<p><em>\u201cG\u00fcney Marmara Kalk\u0131nma Ajans\u0131 olarak b\u00f6lgede bir\u00e7ok farkl\u0131 projeye de \u00f6nc\u00fcl\u00fck ediyoruz. Bal\u0131kesir \u00dcniversitesi ve \u00c7anakkale \u00dcniversitesi&#8217;nde iki yenilenebilir enerji e\u011fitim merkezini kurduk. Bunun yan\u0131nda; projemizin bir ba\u015fka ana faaliyeti ise bor minerali ile ilgili. Borun \u00e7ok k\u0131ymetli \u00f6zellikleri var ama biz tabii ki bu projede hidrojeni depolayabilme \u00f6zelli\u011fini \u00f6n plana \u00e7\u0131kart\u0131yoruz. Vadi Projesi kapsam\u0131nda y\u0131lda 10 tonluk sodyum borhidr\u00fcr tesisi kurulacak. Eti Maden\u2019in bu konuda daha kuvvetli bir yap\u0131ya b\u00fcr\u00fcnece\u011fini d\u00fc\u015f\u00fcn\u00fcyoruz. \u00dcretilecek bu yeni bor kimyasal\u0131, kat\u0131 faz hidrojen ta\u015f\u0131y\u0131c\u0131s\u0131 olarak T\u00dcB\u0130TAK MAM taraf\u0131ndan geli\u015ftirilecek yeni bir g\u00fc\u00e7 sisteminde kullan\u0131lacak.\u201d<\/em><\/p>\n<h3><strong>\u201cBu Proje Sadece Sanayide Ye\u015fil Hidrojenin \u00dcretimi Veya T\u00fcketimini De\u011fil, Ayn\u0131 Zamanda Verimli \u0130\u015f Birlikleri ile Ye\u015fil Bir Gelece\u011fe Ula\u015fman\u0131n \u00d6n\u00fcn\u00fc A\u00e7acak Bir D\u00f6n\u00fcm Noktas\u0131 Niteli\u011findedir\u201d<br \/>\n<\/strong><\/h3>\n<p><strong>A\u00e7\u0131l\u0131\u015f konu\u015fmas\u0131n\u0131 ger\u00e7ekle\u015ftiren Sabanc\u0131 \u00dcniversitesi\u2019nden Prof. Selmiye Alkan G\u00fcrsel<\/strong>, \u00e7al\u0131\u015ftayda HYSouthMarmara Projesi\u2019nin ye\u015fil hidrojeni \u00fcretimi, ta\u015f\u0131nmas\u0131 ve farkl\u0131 uygulamalarda kullan\u0131m\u0131 i\u00e7in T\u00fcrkiye\u2019de \u00f6rnek bir model olu\u015fturaca\u011f\u0131n\u0131 belirtti\u011fi konu\u015fmas\u0131nda ayr\u0131ca, proje sonu\u00e7lar\u0131n\u0131n yay\u0131lmas\u0131 ve ileti\u015fimi konusundaki \u00f6nemi de vurgulayarak: <em>\u201cHidrojen vadisi konsept olarak h\u0131zla yay\u0131l\u0131yor. T\u00fcm d\u00fcnyada farkl\u0131 \u00f6l\u00e7eklerde 98 tane hidrojen vadisi projesi var. Aktif hidrojen vadileriyle ve hidrojen vadisi aday\u0131 b\u00f6lgeler ile etkile\u015fimlerde bilgi ve tecr\u00fcbe payla\u015f\u0131mlar\u0131n\u0131n ger\u00e7ekle\u015ftirilmesi ve tekrarlanabilir bir model olu\u015fturulmas\u0131 olduk\u00e7a \u00f6nemli. Bunlara ilaveten ye\u015fil hidrojen konusunda kamu bilincini olu\u015fturmak ve alg\u0131lar\u0131 olumlu \u015fekilde de\u011fi\u015ftirmek ve hidrojen teknolojilerini do\u011fru bir \u015fekilde anlatmak konusunda da bu proje b\u00fcy\u00fck \u00f6nem ta\u015f\u0131yor.<\/em><\/p>\n<p><em>Sabanc\u0131 \u00dcniversitesi, HYSouthMarmara Hidrojen Vadisi Projesinde; aktif hidrojen vadileriyle ve hidrojen vadisi aday\u0131 b\u00f6lgeler ile etkile\u015fimlerde bilgi ve tecr\u00fcbe payla\u015f\u0131mlar\u0131n\u0131n ger\u00e7ekle\u015ftirilmesi, projenin yayg\u0131n etkisini art\u0131rmaya y\u00f6nelik ileti\u015fim stratejilerinin olu\u015fturulmas\u0131, seminer, \u00e7al\u0131\u015ftay ve \u00e7evrimi\u00e7i ileti\u015fim y\u00f6ntemleri ile proje kapsam\u0131nda ger\u00e7ekle\u015ftirilen faaliyetlerin ve proje sonu\u00e7lar\u0131n\u0131n etkin bir \u015fekilde payla\u015f\u0131m\u0131 ve projenin geni\u015f bir kitle taraf\u0131ndan g\u00f6r\u00fcn\u00fcrl\u00fc\u011f\u00fcn\u00fcn art\u0131r\u0131lmas\u0131nda ve ye\u015fil hidrojen \u00fcretimi i\u00e7in elektroliz\u00f6r kurulumu ve devreye al\u0131nmas\u0131ndaki s\u00fcre\u00e7lerde g\u00f6rev alaca\u011f\u0131z.\u2019\u2019<\/em> dedi.<\/p>\n<h3><strong>Panellerde T\u00fcm Y\u00f6nleriyle Hidrojen Konu\u015fuldu<br \/>\n<\/strong><\/h3>\n<p>\u00c7al\u0131\u015ftay\u0131n ilk paneli olan \u201cHYSouthMarmara Konsorsiyumu&#8217;nda Yer Alan Ye\u015fil Hidrojen \u00dcreticisi, Da\u011f\u0131t\u0131c\u0131 ve Kullan\u0131c\u0131lar\u0131n\u0131n \u00c7al\u0131\u015fmalar\u0131 ve G\u00f6r\u00fc\u015fleri\u201d temal\u0131 oturumun moderat\u00f6rl\u00fc\u011f\u00fcn\u00fc EnerjiSa \u00dcretim\u2019den Dr. Kahraman \u00c7oban \u00fcstlendi. PaneldeLinde Gaz A.\u015e.\u2019den \u0130smail Erilhan, Kaleseramik \u00c7anakkale Kalebodur Seramik Sanayi A.\u015e.\u2019den Dr. Ka\u011fan Kayac\u0131, T\u00fcrkiye \u015ei\u015fe ve Cam Fabrikalar\u0131 A.\u015e.\u2019den Gizem Yumru, T\u00dcBITAK MAM\u2019dan Do\u00e7. Dr. Fehmi Akg\u00fcn ve T\u00fcrk-Alman \u00dcniversitesi\u2019nden Dr. \u00d6\u011fretim \u00dcyesi. Sibel \u00d6zenler konu\u015fmac\u0131 olarak yer ald\u0131.<\/p>\n<p>\u00c7al\u0131\u015ftay\u0131n \u00f6\u011fleden sonraki b\u00f6l\u00fcm\u00fc, T\u00dcB\u0130TAK AB \u00c7er\u00e7eve Programlar M\u00fcd\u00fcr\u00fc-Ufuk Avrupa Program\u0131 Ulusal Koordinat\u00f6r\u00fc \u00c7a\u011fr\u0131 Y\u0131ld\u0131r\u0131m\u2019\u0131n, ye\u015fil hidrojenin Avrupa Birli\u011fi ara\u015ft\u0131rma alan\u0131ndaki \u00f6nemi ve hidrojene y\u00f6nelik AB destek mekanizmalar\u0131 ve bu alanlardaki f\u0131rsatlar hakk\u0131nda bilgiler payla\u015ft\u0131\u011f\u0131 sunumla devam etti.<\/p>\n<p>G\u00fcn\u00fcn ikinci panelindeki tema ise<strong> \u201cG\u00fcney Marmara Hidrojen K\u0131y\u0131s\u0131 Platformu\u201d<\/strong> oldu. G\u00fcney Marmara Kalk\u0131nma Ajans\u0131\u2019ndan (GMKA) Petek E\u011ferci Co\u015fkun moderat\u00f6rl\u00fc\u011f\u00fcnde ger\u00e7ekle\u015fen panele; \u0130\u00c7DA\u015e \u00c7elik Enerji Tersane ve Ula\u015f\u0131m Sanayi A.\u015e\u2019den Serdar Erdemi\u015f, TEKFEN Holding A.\u015e\u2019den Filiz G\u00fcler, Ak\u00e7ansa\u2019dan \u0130smail G\u00f6kalp ile RightShip\u2019ten Y\u00fccel Y\u0131ld\u0131z kat\u0131ld\u0131.<\/p>\n<p>\u00c7al\u0131\u015ftay\u0131n \u00fc\u00e7\u00fcnc\u00fc panelinde \u201cHidrojenin Gelece\u011fi\u201d konusu masaya yat\u0131r\u0131ld\u0131. Sabanc\u0131 \u00dcniversitesi\u2019nden Prof. Dr. Selmiye Alkan G\u00fcrsel moderat\u00f6rl\u00fc\u011f\u00fcndeki panel; Hidrojen Teknolojileri Derne\u011fi\u2019nden Prof. Dr. \u0130nci Ero\u011flu, Ko\u00e7 \u00dcniversitesi\u2019nden Prof. Dr. Can Erkey ve IICEC\u2019den Bora \u015eekip G\u00fcray \u2018Hidrojen Teknolojileri\u2019 ve \u2018Ye\u015fil Hidrojen\u2019 konusunda yap\u0131lan \u00e7al\u0131\u015fmalar konusunda bilgiler verdiler.<br \/>\nD\u00f6rd\u00fcnc\u00fc panel ise <strong>\u201cT\u00fcrkiye\u2019deki Di\u011fer Potansiyel Hidrojen Vadileri\u201d<\/strong> temas\u0131yla d\u00fczenlendi. Sabanc\u0131 \u00dcniversitesi\u2019nden Prof. Dr. Alp Y\u00fcr\u00fcm moderat\u00f6rl\u00fc\u011f\u00fcnde ger\u00e7ekle\u015fen panelde; Ford Otosan\u2019dan Dr. Emrah K\u0131nav, T\u00fcpra\u015f\u2019tan Dr. \u0130pek Harmanl\u0131 ve \u0130ZKA\u2019dan H\u00fclya Ulusoy g\u00f6r\u00fc\u015flerini payla\u015ft\u0131.<\/p>","protected":false},"excerpt":{"rendered":"<p>Sorry, this entry is only available in Turkish. For the sake of viewer convenience, the content is shown below in the alternative language. You may click the link to switch the active language. Sabanc\u0131 \u00dcniversitesi, T\u00fcrkiye&#8217;nin ilk hidrojen vadisi projesi olan \u201cHYSouthMarmara\u201d projesinin ilk \u00e7al\u0131\u015ftay\u0131na ev sahipli\u011fi yapt\u0131. Sabanc\u0131 \u00dcniversitesi G\u00f6steri Merkezi (SGM)&#8217;nde ger\u00e7ekle\u015ftirilen \u00e7al\u0131\u015ftayda [&hellip;]<\/p>\n","protected":false},"author":1,"featured_media":189663,"comment_status":"open","ping_status":"open","sticky":false,"template":"","format":"standard","meta":[],"categories":[53],"tags":[114379,5637,77625,114378,107531,1075,114380,78619],"views":39,"_links":{"self":[{"href":"https:\/\/www.enerjigazetesi.ist\/en\/wp-json\/wp\/v2\/posts\/189660"}],"collection":[{"href":"https:\/\/www.enerjigazetesi.ist\/en\/wp-json\/wp\/v2\/posts"}],"about":[{"href":"https:\/\/www.enerjigazetesi.ist\/en\/wp-json\/wp\/v2\/types\/post"}],"author":[{"embeddable":true,"href":"https:\/\/www.enerjigazetesi.ist\/en\/wp-json\/wp\/v2\/users\/1"}],"replies":[{"embeddable":true,"href":"https:\/\/www.enerjigazetesi.ist\/en\/wp-json\/wp\/v2\/comments?post=189660"}],"version-history":[{"count":0,"href":"https:\/\/www.enerjigazetesi.ist\/en\/wp-json\/wp\/v2\/posts\/189660\/revisions"}],"wp:featuredmedia":[{"embeddable":true,"href":"https:\/\/www.enerjigazetesi.ist\/en\/wp-json\/wp\/v2\/media\/189663"}],"wp:attachment":[{"href":"https:\/\/www.enerjigazetesi.ist\/en\/wp-json\/wp\/v2\/media?parent=189660"}],"wp:term":[{"taxonomy":"category","embeddable":true,"href":"https:\/\/www.enerjigazetesi.ist\/en\/wp-json\/wp\/v2\/categories?post=189660"},{"taxonomy":"post_tag","embeddable":true,"href":"https:\/\/www.enerjigazetesi.ist\/en\/wp-json\/wp\/v2\/tags?post=189660"}],"curies":[{"name":"wp","href":"https:\/\/api.w.org\/{rel}","templated":true}]}}