{"id":189569,"date":"2024-06-26T19:35:30","date_gmt":"2024-06-26T16:35:30","guid":{"rendered":"https:\/\/www.enerjigazetesi.ist\/?p=189569"},"modified":"2024-06-26T19:36:32","modified_gmt":"2024-06-26T16:36:32","slug":"watsons-turkiye-2030-a-kadar-sera-gazi-emisyonlarini-yuzde-50-4-azaltacak","status":"publish","type":"post","link":"https:\/\/www.enerjigazetesi.ist\/en\/watsons-turkiye-2030-a-kadar-sera-gazi-emisyonlarini-yuzde-50-4-azaltacak\/","title":{"rendered":"(Turkish) &#8217;Watsons&#8217; 2030&#8217;a Kadar Sera Gaz\u0131 Emisyonlar\u0131n\u0131 %50,4 Azaltacak"},"content":{"rendered":"<p class=\"qtranxs-available-languages-message qtranxs-available-languages-message-en\">Sorry, this entry is only available in <a href=\"https:\/\/www.enerjigazetesi.ist\/tr\/wp-json\/wp\/v2\/posts\/189569\" class=\"qtranxs-available-language-link qtranxs-available-language-link-tr\" title=\"Turkish\">Turkish<\/a>. For the sake of viewer convenience, the content is shown below in the alternative language. You may click the link to switch the active language.<\/p><p><\/p>\n<h2><strong>Watsons T\u00fcrkiye, &#8220;Watsons \u0130yilik Hareketi&#8221; \u00e7at\u0131s\u0131 alt\u0131nda ger\u00e7ekle\u015ftirdi\u011fi t\u00fcm \u00e7al\u0131\u015fmalar\u0131 i\u00e7eren ilk s\u00fcrd\u00fcr\u00fclebilirlik raporunu yay\u0131mlad\u0131. \u00c7evresel, toplumsal ve ekonomik s\u00fcrd\u00fcr\u00fclebilirlik alanlar\u0131n\u0131 kapsayan rapor, Watsons T\u00fcrkiye&#8217;nin karbon ayak izini azaltma, sorumlu t\u00fcketimi te\u015fvik etme ve s\u00fcrd\u00fcr\u00fclebilir \u00fcr\u00fcn \u00a0se\u00e7eneklerini artt\u0131rma \u00e7abalar\u0131n\u0131 ve \u00e7al\u0131\u015fmalar\u0131n\u0131 i\u00e7eriyor.<\/strong><\/h2>\n<p style=\"text-align: center;\"><img loading=\"lazy\" class=\"aligncenter wp-image-189571\" src=\"https:\/\/www.enerjigazetesi.ist\/wp-content\/uploads\/2024\/06\/watsons-turkiye-2030-a-kadar-sera-gazi-emisyonlarini-yuzde-50-4-azaltacak.jpg\" alt=\"\" width=\"500\" height=\"251\" srcset=\"https:\/\/www.enerjigazetesi.ist\/wp-content\/uploads\/2024\/06\/watsons-turkiye-2030-a-kadar-sera-gazi-emisyonlarini-yuzde-50-4-azaltacak.jpg 550w, https:\/\/www.enerjigazetesi.ist\/wp-content\/uploads\/2024\/06\/watsons-turkiye-2030-a-kadar-sera-gazi-emisyonlarini-yuzde-50-4-azaltacak-300x151.jpg 300w, https:\/\/www.enerjigazetesi.ist\/wp-content\/uploads\/2024\/06\/watsons-turkiye-2030-a-kadar-sera-gazi-emisyonlarini-yuzde-50-4-azaltacak-500x251.jpg 500w, https:\/\/www.enerjigazetesi.ist\/wp-content\/uploads\/2024\/06\/watsons-turkiye-2030-a-kadar-sera-gazi-emisyonlarini-yuzde-50-4-azaltacak-80x40.jpg 80w\" sizes=\"(max-width: 500px) 100vw, 500px\" \/><\/p>\n<p>S\u00fcrd\u00fcr\u00fclebilirlik alan\u0131nda g\u00fczellik ve ki\u015fisel bak\u0131m perakende sekt\u00f6r\u00fcne \u00f6nc\u00fcl\u00fck eden Watsons T\u00fcrkiye, ilk s\u00fcrd\u00fcr\u00fclebilirlik raporunu yay\u0131mlad\u0131. <strong>&#8220;Watsons \u0130yilik Hareketi&#8221;<\/strong> \u00e7er\u00e7evesinde <strong>\u201c\u00c7evresel S\u00fcrd\u00fcr\u00fclebilirlik\u201d, \u201cToplumsal S\u00fcrd\u00fcr\u00fclebilirlik\u201d ve \u201cEkonomik S\u00fcrd\u00fcr\u00fclebilirlik\u201d<\/strong> olmak \u00fczere \u00fc\u00e7 ana ba\u015fl\u0131kta haz\u0131rlanan raporda Watsons\u2019\u0131n T\u00fcrkiye\u2019deki s\u00fcrd\u00fcr\u00fclebilirlik alan\u0131nda att\u0131\u011f\u0131 ad\u0131mlara ve projelere yer verildi. Watsons T\u00fcrkiye, sekt\u00f6r\u00fcn ilk s\u00fcrd\u00fcr\u00fclebilirlik raporuyla g\u00fczellik ve ki\u015fisel bak\u0131m perakende sekt\u00f6r\u00fcnde bir d\u00f6n\u00fc\u015f\u00fcm ba\u015flatmay\u0131 ama\u00e7larken sekt\u00f6rdeki s\u00fcrd\u00fcr\u00fclebilirlik \u00e7al\u0131\u015fmalar\u0131na dikkat \u00e7ekiyor.<\/p>\n<h3><strong>2030 Y\u0131l\u0131na <\/strong><strong>Kadar Sera Gaz\u0131 Emisyonlar\u0131n\u0131 %50,4 Azaltacak<\/strong><\/h3>\n<p>\u00c7evre ile ilgili projelerini \u201cWatsons \u0130yilik Hareketi Daha \u0130yi Bir Gelece\u011fe \u00c7a\u011f\u0131r\u0131yor\u201d \u00e7at\u0131s\u0131 alt\u0131nda s\u00fcrd\u00fcren Watsons T\u00fcrkiye, sera gaz\u0131 emisyonlar\u0131n\u0131n tespiti ve azalt\u0131m\u0131 konusunda \u00f6nemli giri\u015fimlerde bulunuyor. Sera gaz\u0131 emisyonlar\u0131n\u0131 <strong>2030 y\u0131l\u0131na kadar 2018 kriterine k\u0131yasla %50,4 oran\u0131nda azaltmay\u0131 taahh\u00fct ediyor.<\/strong><\/p>\n<p>Ayn\u0131 zamanda 2025 y\u0131l\u0131na kadar plastik ambalajlar\u0131nda en az %20 geri d\u00f6n\u00fc\u015ft\u00fcr\u00fclm\u00fc\u015f plastik i\u00e7erik kullanmay\u0131 hedefleyen Watsons, <strong>2022 y\u0131l\u0131nda y\u00fcr\u00fct\u00fclen geri d\u00f6n\u00fc\u015f\u00fcm ve geri kazan\u0131m \u00e7al\u0131\u015fmalar\u0131ndan 78 ton at\u0131k geri \u00a0d\u00f6n\u00fc\u015ft\u00fcrerek 1 milyon TL tasarruf etti.<\/strong><\/p>\n<p>\u201cWatsons \u0130yilik Hareketi Ormanlar\u0131m\u0131z\u0131 B\u00fcy\u00fctmeye \u00c7a\u011f\u0131r\u0131yor\u201d projesi kapsam\u0131nda da <strong>2022 y\u0131l\u0131nda TEMA Vakf\u0131 ve \u00c7EK\u00dcL i\u015f birli\u011fi ile 76.580 fidan ba\u011f\u0131\u015fland\u0131. Watsons, bu projeyle 2030 y\u0131l\u0131nda 1 milyon fidan ba\u011f\u0131\u015f\u0131na ula\u015fmay\u0131 hedefliyor.<\/strong><\/p>\n<p>Watsons, hayvan refah\u0131 \u00e7al\u0131\u015fmalar\u0131n\u0131 ise \u201cWatsons \u0130yilik Hareketi Hayvan Sevgisini B\u00fcy\u00fctmeye \u00c7a\u011f\u0131r\u0131yor\u201d ba\u015fl\u0131\u011f\u0131 alt\u0131nda y\u00fcr\u00fct\u00fcyor. 2019 y\u0131l\u0131ndan beri y\u00fcr\u00fctt\u00fc\u011f\u00fc \u201cPati Dostu Watsons\u201d projesiyle \u00e7evreye duyarl\u0131, patili dost sahibi ve hayvansever m\u00fc\u015fterilere ula\u015f\u0131yor. <strong>2030 y\u0131l\u0131na kadar 200 ma\u011fazas\u0131nda kedi ve k\u00f6pekler i\u00e7in kul\u00fcbe, mama ve su kaplar\u0131 yerle\u015ftirmeyi planl\u0131yor.\u00a0<\/strong><\/p>\n<h3><strong>2022 Y\u0131l\u0131nda Kad\u0131n \u00c7al\u0131\u015fan Oran\u0131 %80<\/strong><\/h3>\n<p>Watsons, kad\u0131n \u00e7al\u0131\u015fan oran\u0131n\u0131 y\u00fcksek tutman\u0131n yan\u0131 s\u0131ra i\u015f ortaklar\u0131n\u0131 da kad\u0131n \u00e7al\u0131\u015fan say\u0131lar\u0131n\u0131 art\u0131rmalar\u0131 i\u00e7in te\u015fvik ediyor. <strong>2022 y\u0131l\u0131nda kad\u0131n \u00e7al\u0131\u015fan oran\u0131 %80&#8217;e, kad\u0131n y\u00f6netici oran\u0131 ise %57&#8217;ye ula\u015fan Watsons T\u00fcrkiye\u00a0<\/strong>&#8216;Watsons \u0130yilik Hareketi Kad\u0131n \u0130stihdam\u0131n\u0131 Art\u0131rmaya \u00c7a\u011f\u0131r\u0131yor&#8217; projesi kapsam\u0131nda, kad\u0131n \u00e7al\u0131\u015fan oran\u0131 %50&#8217;nin alt\u0131nda olan \u00fcretici firmalar\u0131 ziyaret ederek, \u015firketleri bu alana yat\u0131r\u0131ma te\u015fvik ediyor.<\/p>\n<p>Watsons, ayr\u0131ca 1,3 milyon eri\u015fim alan Kad\u0131n Eme\u011fini De\u011ferlendirme Vakf\u0131 (KEDV) i\u015f birli\u011fi ile kad\u0131nlar\u0131n ekonomik olarak g\u00fc\u00e7lenmelerine ve yerel \u00fcretime destek olmak amac\u0131yla kad\u0131n kooperatiflerinde el eme\u011fi ile \u00fcretilen \u00fcr\u00fcnleri, hi\u00e7bir kar elde etmeden ma\u011fazalar\u0131nda, watsons.com.tr\u2019de ve Watsons Mobil Uygulamas\u0131\u2019nda m\u00fc\u015fterileriyle bulu\u015fturuyor.<\/p>\n<h3><strong>M\u00fc\u015fterilerine\u00a0<\/strong><strong>450&#8217;den Fazla S\u00fcrd\u00fcr\u00fclebilir Ya\u015fam \u00dcr\u00fcn\u00fc Sundu<\/strong><\/h3>\n<p>2022 y\u0131l\u0131nda RSPO (Roundtable on Sustainable Palm Oil) sertifikal\u0131 \u00fcr\u00fcn oran\u0131 %45 olan Watsons, m\u00fc\u015fterilerine 450&#8217;den fazla s\u00fcrd\u00fcr\u00fclebilir ya\u015fam \u00fcr\u00fcn\u00fc sundu. Watsons, m\u00fc\u015fterilerine sundu\u011fu s\u00fcrd\u00fcr\u00fclebilir ya\u015fam \u00fcr\u00fcn \u00e7e\u015fitlili\u011fini her y\u0131l art\u0131rmay\u0131 hedeflerken, plastik t\u00fcketimini azaltmay\u0131 taahh\u00fct ediyor.<\/p>\n<div id=\"attachment_189572\" style=\"width: 510px\" class=\"wp-caption aligncenter\"><img aria-describedby=\"caption-attachment-189572\" loading=\"lazy\" class=\"wp-image-189572\" src=\"https:\/\/www.enerjigazetesi.ist\/wp-content\/uploads\/2024\/06\/watsons-turkiye-2030-a-kadar-sera-gazi-emisyonlarini-yuzde-50-4-azaltacak-1.jpg\" alt=\"\" width=\"500\" height=\"380\" srcset=\"https:\/\/www.enerjigazetesi.ist\/wp-content\/uploads\/2024\/06\/watsons-turkiye-2030-a-kadar-sera-gazi-emisyonlarini-yuzde-50-4-azaltacak-1.jpg 550w, https:\/\/www.enerjigazetesi.ist\/wp-content\/uploads\/2024\/06\/watsons-turkiye-2030-a-kadar-sera-gazi-emisyonlarini-yuzde-50-4-azaltacak-1-300x228.jpg 300w, https:\/\/www.enerjigazetesi.ist\/wp-content\/uploads\/2024\/06\/watsons-turkiye-2030-a-kadar-sera-gazi-emisyonlarini-yuzde-50-4-azaltacak-1-500x380.jpg 500w, https:\/\/www.enerjigazetesi.ist\/wp-content\/uploads\/2024\/06\/watsons-turkiye-2030-a-kadar-sera-gazi-emisyonlarini-yuzde-50-4-azaltacak-1-66x50.jpg 66w\" sizes=\"(max-width: 500px) 100vw, 500px\" \/><p id=\"caption-attachment-189572\" class=\"wp-caption-text\">Watsons T\u00fcrkiye Genel M\u00fcd\u00fcr\u00fc Mete Yurdda\u015f<\/p><\/div>\n<p>Watsons T\u00fcrkiye S\u00fcrd\u00fcr\u00fclebilirlik Raporu hakk\u0131nda de\u011ferlendirmede bulunan<strong>\u00a0Watsons T\u00fcrkiye Genel M\u00fcd\u00fcr\u00fc Mete Yurdda\u015f,<\/strong> <em>\u201cBilin\u00e7li t\u00fcketicili\u011fin, \u00e7evre y\u00f6netiminin ve toplumsal kayg\u0131lar\u0131n \u00f6n safhalarda yer ald\u0131\u011f\u0131 bir \u00e7a\u011fda Watsons T\u00fcrkiye olarak, sorumlu kurumsal uygulamalar\u0131 ve s\u00fcrd\u00fcr\u00fclebilir bir gelece\u011fe olan ba\u011fl\u0131l\u0131\u011f\u0131 misyon edindik. S\u00fcrd\u00fcr\u00fclebilirli\u011fe olan sars\u0131lmaz ba\u011fl\u0131l\u0131\u011f\u0131m\u0131z\u0131 sergilemekle kalmay\u0131p ayn\u0131 zamanda bu hayati alandaki ba\u015far\u0131lar\u0131m\u0131z\u0131, kar\u015f\u0131la\u015ft\u0131\u011f\u0131m\u0131z zorluklar\u0131 ve gelece\u011fe y\u00f6nelik hedeflerimizi \u00f6zetleyen kapsaml\u0131 bir belge olan \u2018Watsons T\u00fcrkiye S\u00fcrd\u00fcr\u00fclebilirlik Raporu 2022\u2019yi sunmaktan gurur duyuyoruz. T\u00fcrkiye&#8217;nin \u00f6nde gelen g\u00fczellik ve ki\u015fisel bak\u0131m perakendecisi olarak faaliyetlerimizin, \u00e7evre, \u00e7al\u0131\u015fanlar\u0131m\u0131z\u0131n refah\u0131, hizmet verdi\u011fimiz toplumlar ve ekonomi \u00fczerinde yaratabilece\u011fi etkinin fark\u0131nday\u0131z. Bu rapor, karbon ayak izimizi en aza indirmeye, toplumsal refah\u0131 art\u0131rmaya ve ya\u015fad\u0131\u011f\u0131m\u0131z d\u00fcnyaya olumlu katk\u0131da bulunmaya y\u00f6nelik s\u00fcrekli \u00e7abalar\u0131m\u0131z\u0131n bir kan\u0131t\u0131d\u0131r. Raporda, t\u00fcm i\u015f s\u00fcre\u00e7lerimizde ve operasyonlar\u0131m\u0131zda at\u0131klar\u0131 azaltmaya, kaynaklar\u0131 korumaya ve s\u00fcrd\u00fcr\u00fclebilir uygulamalar\u0131 te\u015fvik etmeye y\u00f6nelik devam eden giri\u015fimlerimiz yer al\u0131yor. Ayr\u0131ca \u00e7al\u0131\u015fanlar\u0131m\u0131za, m\u00fc\u015fterilerimize ve payda\u015flar\u0131m\u0131za s\u00fcrd\u00fcr\u00fclebilirlik, \u015feffafl\u0131k ve sorumluluk k\u00fclt\u00fcr\u00fcn\u00fc benimsetmek i\u00e7in \u2018Watsons \u0130yilik Hareketi\u2019 kapsam\u0131nda y\u00fcr\u00fctt\u00fc\u011f\u00fcm\u00fcz projelerimiz de bulunuyor. S\u00fcrd\u00fcr\u00fclebilirlik raporumuzla s\u00fcrekli iyile\u015ftirme taahh\u00fcd\u00fcm\u00fcz\u00fc vurgulayarak s\u00fcrd\u00fcr\u00fclebilirlik \u00e7abalar\u0131m\u0131za ili\u015fkin \u015feffaf ve d\u00fcr\u00fcst bir a\u00e7\u0131klama sunmay\u0131 ama\u00e7l\u0131yoruz\u201d<\/em> dedi.<\/p>\n<p>Watsons T\u00fcrkiye\u2019nin 2022 y\u0131l\u0131 S\u00fcrd\u00fcr\u00fclebilirlik Raporu\u2019na\u00a0<a href=\"https:\/\/www.watsons.com.tr\/surdurulebilirlik\" target=\"_blank\" rel=\"noopener\">Watsons T\u00fcrkiye\u00a0<\/a>web sitesinden ula\u015fabilirsiniz.<\/p>","protected":false},"excerpt":{"rendered":"<p>Sorry, this entry is only available in Turkish. For the sake of viewer convenience, the content is shown below in the alternative language. You may click the link to switch the active language. Watsons T\u00fcrkiye, &#8220;Watsons \u0130yilik Hareketi&#8221; \u00e7at\u0131s\u0131 alt\u0131nda ger\u00e7ekle\u015ftirdi\u011fi t\u00fcm \u00e7al\u0131\u015fmalar\u0131 i\u00e7eren ilk s\u00fcrd\u00fcr\u00fclebilirlik raporunu yay\u0131mlad\u0131. \u00c7evresel, toplumsal ve ekonomik s\u00fcrd\u00fcr\u00fclebilirlik alanlar\u0131n\u0131 kapsayan [&hellip;]<\/p>\n","protected":false},"author":1,"featured_media":189573,"comment_status":"open","ping_status":"open","sticky":false,"template":"","format":"standard","meta":[],"categories":[53,52],"tags":[442,1296,872,114354],"views":22,"_links":{"self":[{"href":"https:\/\/www.enerjigazetesi.ist\/en\/wp-json\/wp\/v2\/posts\/189569"}],"collection":[{"href":"https:\/\/www.enerjigazetesi.ist\/en\/wp-json\/wp\/v2\/posts"}],"about":[{"href":"https:\/\/www.enerjigazetesi.ist\/en\/wp-json\/wp\/v2\/types\/post"}],"author":[{"embeddable":true,"href":"https:\/\/www.enerjigazetesi.ist\/en\/wp-json\/wp\/v2\/users\/1"}],"replies":[{"embeddable":true,"href":"https:\/\/www.enerjigazetesi.ist\/en\/wp-json\/wp\/v2\/comments?post=189569"}],"version-history":[{"count":0,"href":"https:\/\/www.enerjigazetesi.ist\/en\/wp-json\/wp\/v2\/posts\/189569\/revisions"}],"wp:featuredmedia":[{"embeddable":true,"href":"https:\/\/www.enerjigazetesi.ist\/en\/wp-json\/wp\/v2\/media\/189573"}],"wp:attachment":[{"href":"https:\/\/www.enerjigazetesi.ist\/en\/wp-json\/wp\/v2\/media?parent=189569"}],"wp:term":[{"taxonomy":"category","embeddable":true,"href":"https:\/\/www.enerjigazetesi.ist\/en\/wp-json\/wp\/v2\/categories?post=189569"},{"taxonomy":"post_tag","embeddable":true,"href":"https:\/\/www.enerjigazetesi.ist\/en\/wp-json\/wp\/v2\/tags?post=189569"}],"curies":[{"name":"wp","href":"https:\/\/api.w.org\/{rel}","templated":true}]}}