{"id":189518,"date":"2024-06-25T19:48:57","date_gmt":"2024-06-25T16:48:57","guid":{"rendered":"https:\/\/www.enerjigazetesi.ist\/?p=189518"},"modified":"2024-06-25T19:49:29","modified_gmt":"2024-06-25T16:49:29","slug":"alarko-carrier-in-okullarin-havasi-degisiyor-projesi-odule-layik-goruldu","status":"publish","type":"post","link":"https:\/\/www.enerjigazetesi.ist\/en\/alarko-carrier-in-okullarin-havasi-degisiyor-projesi-odule-layik-goruldu\/","title":{"rendered":"(Turkish) Alarko Carrier&#8217;\u0131n &#8220;Okullar\u0131n Havas\u0131 De\u011fi\u015fiyor&#8221; Projesi \u00d6d\u00fcle Lay\u0131k G\u00f6r\u00fcld\u00fc"},"content":{"rendered":"<p class=\"qtranxs-available-languages-message qtranxs-available-languages-message-en\">Sorry, this entry is only available in <a href=\"https:\/\/www.enerjigazetesi.ist\/tr\/wp-json\/wp\/v2\/posts\/189518\" class=\"qtranxs-available-language-link qtranxs-available-language-link-tr\" title=\"Turkish\">Turkish<\/a>. For the sake of viewer convenience, the content is shown below in the alternative language. You may click the link to switch the active language.<\/p><p><\/p>\n<h2><strong>Alarko Carrier, iklimlendirme alan\u0131ndaki uzmanl\u0131\u011f\u0131n\u0131 bir iyilik hareketine d\u00f6n\u00fc\u015ft\u00fcrd\u00fc\u011f\u00fc \u201cOkullar\u0131n Havas\u0131 De\u011fi\u015fiyor\u201d projesiyle Brandverse Awards 2024\u2019te Sosyal Sorumluluk ve S\u00fcrd\u00fcr\u00fclebilirlik ana b\u00f6l\u00fcm\u00fc, \u201cS\u00fcrd\u00fcr\u00fclebilir \u015eehir ve Ya\u015fam Alanlar\u0131\u201d kategorisinde Bronz \u00f6d\u00fcl\u00fcn sahibi oldu.<\/strong><\/h2>\n<p style=\"text-align: center;\"><img loading=\"lazy\" class=\"aligncenter wp-image-189521\" src=\"https:\/\/www.enerjigazetesi.ist\/wp-content\/uploads\/2024\/06\/alarko-carrier-in-okullarin-havasi-degisiyor-projesi-odule-layik-goruldu-1.jpg\" alt=\"\" width=\"500\" height=\"345\" srcset=\"https:\/\/www.enerjigazetesi.ist\/wp-content\/uploads\/2024\/06\/alarko-carrier-in-okullarin-havasi-degisiyor-projesi-odule-layik-goruldu-1.jpg 550w, https:\/\/www.enerjigazetesi.ist\/wp-content\/uploads\/2024\/06\/alarko-carrier-in-okullarin-havasi-degisiyor-projesi-odule-layik-goruldu-1-300x207.jpg 300w, https:\/\/www.enerjigazetesi.ist\/wp-content\/uploads\/2024\/06\/alarko-carrier-in-okullarin-havasi-degisiyor-projesi-odule-layik-goruldu-1-500x345.jpg 500w, https:\/\/www.enerjigazetesi.ist\/wp-content\/uploads\/2024\/06\/alarko-carrier-in-okullarin-havasi-degisiyor-projesi-odule-layik-goruldu-1-72x50.jpg 72w\" sizes=\"(max-width: 500px) 100vw, 500px\" \/><\/p>\n<p>Alarko Carrier\u2019\u0131n 2023 y\u0131l\u0131nda iklimlendirmenin, \u00e7ocuklar\u0131n geli\u015fimi ve e\u011fitim ya\u015fam\u0131 \u00fczerindeki etkilerine dikkat \u00e7ekmek ve e\u011fitimi desteklemek amac\u0131yla hayata ge\u00e7irdi\u011fi \u201cOkullar\u0131n Havas\u0131 De\u011fi\u015fiyor\u201d ba\u015fl\u0131kl\u0131 projesi, Brandverse Awards 2024\u2019ten \u00f6d\u00fclle d\u00f6nd\u00fc. 24 Haziran 2024 tarihinde, Hilton \u0130stanbul Bomonti Hotel\u2019de ger\u00e7ekle\u015ftirilen \u00f6d\u00fcl t\u00f6reninde Alarko Carrier\u2019\u0131n \u00f6d\u00fcl\u00fcn\u00fc, <strong>Alarko Carrier Kurumsal \u0130leti\u015fim ve Dijital Kanal M\u00fcd\u00fcr\u00fc H\u00fcdai \u00d6zt\u00fcrk ve Art\u0131 \u0130leti\u015fim Y\u00f6netimi Y\u00f6netim Kurulu \u00dcyesi Juliet Demircio\u011flu\u00a0<\/strong>birlikte teslim ald\u0131.<strong>\u00a0<\/strong>Projenin \u00f6d\u00fcle lay\u0131k g\u00f6r\u00fclmesinden b\u00fcy\u00fck mutluluk duyduklar\u0131n\u0131 belirten <strong>H\u00fcdai \u00d6zt\u00fcrk<\/strong> \u015funlar\u0131 s\u00f6yledi: <em>&#8220;Okullar\u0131n Havas\u0131 De\u011fi\u015fiyor projemiz, s\u00fcrd\u00fcr\u00fclebilirlik vizyonumuzun \u00f6nemli bir yans\u0131mas\u0131d\u0131r. \u0130klimlendirmenin, \u00e7ocuklar\u0131n geli\u015fimi ve e\u011fitim ya\u015fam\u0131 \u00fczerindeki etkilerine dikkat \u00e7ekmeyi ama\u00e7lad\u0131\u011f\u0131m\u0131z projemizin, j\u00fcriden de tam not almas\u0131 gurur verici. Brandverse Awards&#8217;da ald\u0131\u011f\u0131m\u0131z bu \u00f6d\u00fcl, projemizin etkisini g\u00f6stermesi ve s\u00fcrd\u00fcr\u00fclebilirli\u011fi a\u00e7\u0131s\u0131ndan b\u00fcy\u00fck \u00f6nem ta\u015f\u0131yor.\u201d<\/em><\/p>\n<h3><strong>Okullar\u0131n Havas\u0131 De\u011fi\u015fiyor Projesi\u00a0<\/strong><\/h3>\n<p><strong>\u2018Temiz Hava Herkesin Hakk\u0131\u2019<\/strong> diyerek iklimlendirme alan\u0131ndaki uzmanl\u0131\u011f\u0131n\u0131 bir iyilik projesine d\u00f6n\u00fc\u015ft\u00fcren Alarko Carrier, 2023 y\u0131l\u0131nda k\u00f6m\u00fcr sobas\u0131yla \u0131s\u0131nan <strong>Mardin\u2019in \u00c7aldere K\u00f6y\u00fc\u2019n\u00fcn ilkokuluna; \u0131s\u0131 pompas\u0131, \u0131s\u0131 geri kazan\u0131m cihaz\u0131, fancoil, hava temizleme cihaz\u0131, sirk\u00fclasyon pompas\u0131 ve fotovoltaik panelden olu\u015fan ileri teknoloji<\/strong> bir sistem kurdu. S\u0131n\u0131flardaki \u0131s\u0131nma ve so\u011futma ihtiyac\u0131n\u0131n \u0131s\u0131 pompas\u0131 teknolojisiyle sa\u011flanmaya ba\u015flad\u0131\u011f\u0131 okul, kendi elektri\u011fini de kendi \u00fcretmeye ba\u015flad\u0131. \u0130klimlendirmenin, \u00e7ocuklar\u0131n geli\u015fimi ve e\u011fitim ya\u015fam\u0131 \u00fczerindeki etkilerine dikkat \u00e7ekmek ve e\u011fitimi desteklemek amac\u0131yla hayata ge\u00e7irilen projenin, iklim ko\u015fullar\u0131n\u0131n zorlu oldu\u011fu farkl\u0131 illerde uygulanarak T\u00fcrkiye genelinde yayg\u0131nla\u015ft\u0131r\u0131lmas\u0131 hedefleniyor.<\/p>","protected":false},"excerpt":{"rendered":"<p>Sorry, this entry is only available in Turkish. For the sake of viewer convenience, the content is shown below in the alternative language. You may click the link to switch the active language. Alarko Carrier, iklimlendirme alan\u0131ndaki uzmanl\u0131\u011f\u0131n\u0131 bir iyilik hareketine d\u00f6n\u00fc\u015ft\u00fcrd\u00fc\u011f\u00fc \u201cOkullar\u0131n Havas\u0131 De\u011fi\u015fiyor\u201d projesiyle Brandverse Awards 2024\u2019te Sosyal Sorumluluk ve S\u00fcrd\u00fcr\u00fclebilirlik ana b\u00f6l\u00fcm\u00fc, [&hellip;]<\/p>\n","protected":false},"author":1,"featured_media":189520,"comment_status":"open","ping_status":"open","sticky":false,"template":"","format":"standard","meta":[],"categories":[53],"tags":[114334,15737,114335,68139,9615,70243,3172,10457,114336,114337],"views":24,"_links":{"self":[{"href":"https:\/\/www.enerjigazetesi.ist\/en\/wp-json\/wp\/v2\/posts\/189518"}],"collection":[{"href":"https:\/\/www.enerjigazetesi.ist\/en\/wp-json\/wp\/v2\/posts"}],"about":[{"href":"https:\/\/www.enerjigazetesi.ist\/en\/wp-json\/wp\/v2\/types\/post"}],"author":[{"embeddable":true,"href":"https:\/\/www.enerjigazetesi.ist\/en\/wp-json\/wp\/v2\/users\/1"}],"replies":[{"embeddable":true,"href":"https:\/\/www.enerjigazetesi.ist\/en\/wp-json\/wp\/v2\/comments?post=189518"}],"version-history":[{"count":0,"href":"https:\/\/www.enerjigazetesi.ist\/en\/wp-json\/wp\/v2\/posts\/189518\/revisions"}],"wp:featuredmedia":[{"embeddable":true,"href":"https:\/\/www.enerjigazetesi.ist\/en\/wp-json\/wp\/v2\/media\/189520"}],"wp:attachment":[{"href":"https:\/\/www.enerjigazetesi.ist\/en\/wp-json\/wp\/v2\/media?parent=189518"}],"wp:term":[{"taxonomy":"category","embeddable":true,"href":"https:\/\/www.enerjigazetesi.ist\/en\/wp-json\/wp\/v2\/categories?post=189518"},{"taxonomy":"post_tag","embeddable":true,"href":"https:\/\/www.enerjigazetesi.ist\/en\/wp-json\/wp\/v2\/tags?post=189518"}],"curies":[{"name":"wp","href":"https:\/\/api.w.org\/{rel}","templated":true}]}}