{"id":189451,"date":"2024-06-23T17:30:25","date_gmt":"2024-06-23T14:30:25","guid":{"rendered":"https:\/\/www.enerjigazetesi.ist\/?p=189451"},"modified":"2024-06-23T17:37:15","modified_gmt":"2024-06-23T14:37:15","slug":"opec-kuresel-petrol-talebinde-bu-yil-gunluk-22-milyon-varil-artis-bekliyor","status":"publish","type":"post","link":"https:\/\/www.enerjigazetesi.ist\/en\/opec-kuresel-petrol-talebinde-bu-yil-gunluk-22-milyon-varil-artis-bekliyor\/","title":{"rendered":"(Turkish) &#8217;OPEC&#8217; K\u00fcresel Petrol Talebinde Bu Y\u0131l G\u00fcnl\u00fck 2,2 Milyon Varil Art\u0131\u015f Bekliyor"},"content":{"rendered":"<p class=\"qtranxs-available-languages-message qtranxs-available-languages-message-en\">Sorry, this entry is only available in <a href=\"https:\/\/www.enerjigazetesi.ist\/tr\/wp-json\/wp\/v2\/posts\/189451\" class=\"qtranxs-available-language-link qtranxs-available-language-link-tr\" title=\"Turkish\">Turkish<\/a>. For the sake of viewer convenience, the content is shown below in the alternative language. You may click the link to switch the active language.<\/p><p><\/p>\n<h2>Petrol \u0130hra\u00e7 Eden \u00dclkeler \u00d6rg\u00fct\u00fc (OPEC) Genel Sekreteri Heysem el-Gays, St. Petersburg Uluslararas\u0131 Ekonomi Forumu (SPIEF) kapsam\u0131nda d\u00fczenlenen oturumda de\u011ferlendirmelerde bulundu.<\/h2>\n<p style=\"text-align: center;\"><img loading=\"lazy\" class=\"aligncenter wp-image-189453\" src=\"https:\/\/www.enerjigazetesi.ist\/wp-content\/uploads\/2024\/06\/opec-kuresel-petrol-talebinde-bu-yil-gunluk-22-milyon-varil-artis-bekliyor.jpg\" alt=\"\" width=\"500\" height=\"303\" srcset=\"https:\/\/www.enerjigazetesi.ist\/wp-content\/uploads\/2024\/06\/opec-kuresel-petrol-talebinde-bu-yil-gunluk-22-milyon-varil-artis-bekliyor.jpg 575w, https:\/\/www.enerjigazetesi.ist\/wp-content\/uploads\/2024\/06\/opec-kuresel-petrol-talebinde-bu-yil-gunluk-22-milyon-varil-artis-bekliyor-300x182.jpg 300w, https:\/\/www.enerjigazetesi.ist\/wp-content\/uploads\/2024\/06\/opec-kuresel-petrol-talebinde-bu-yil-gunluk-22-milyon-varil-artis-bekliyor-500x303.jpg 500w\" sizes=\"(max-width: 500px) 100vw, 500px\" \/><\/p>\n<p>D\u00fcnyan\u0131n t\u00fcm enerji kaynaklar\u0131na ihtiya\u00e7 duydu\u011funu ifade eden Gays, <em>\u201cBu alanda bir ayr\u0131mc\u0131l\u0131k kabul edilemez. Evet, zararl\u0131 \u00e7ok fazla emisyon var, bunu azaltmal\u0131y\u0131z ama \u00e7o\u011fu zaman petrol end\u00fcstrisinin k\u00f6t\u00fc g\u00f6sterildi\u011fini g\u00f6r\u00fcyoruz.\u201d<\/em> dedi.<\/p>\n<p><strong>OPEC d\u0131\u015f\u0131 baz\u0131 \u00fcretici \u00fclkelerden olu\u015fan OPEC+ grubu<\/strong> nezdinde var\u0131lan \u00fcretim anla\u015fmalar\u0131 \u00fczerine \u00e7ok fazla spek\u00fclasyon yap\u0131ld\u0131\u011f\u0131 ele\u015ftirisinde bulunan Gays, <em>\u201cNe zaman \u015fu ya da bu duyuruyu yapsak kamuoyu mutlu olmuyor. Baz\u0131 akt\u00f6rlerin hangi hikayeyi duymak istedi\u011fini bilmek zor. Ancak yine de \u00f6nemli olana, temellere odaklanmam\u0131z bizim i\u00e7in \u00e7ok \u00f6nemli.\u201d<\/em> diye konu\u015ftu.<\/p>\n<p>Gays, s\u00f6z konusu temellerin <strong>\u201cekonomik b\u00fcy\u00fcme, arz ve talep\u201d<\/strong> oldu\u011funun alt\u0131n\u0131 \u00e7izdi.<\/p>\n<p>K\u00fcresel petrol talebine ili\u015fkin de de\u011ferlendirmelerde bulunan Gays, <em>\u201cBu y\u0131l k\u00fcresel petrol talebinin <strong>g\u00fcnl\u00fck 2,2 milyon varil<\/strong> artmas\u0131n\u0131 bekliyoruz. 2024\u2019\u00fcn ilk \u00e7eyre\u011finde <strong>g\u00fcnl\u00fck 2,3 milyon varil art\u0131\u015f<\/strong> ya\u015fand\u0131, \u00fcstelik ilk \u00e7eyrekler genellikle talebin en d\u00fc\u015f\u00fck oldu\u011fu d\u00f6nemlerdir.\u201d<\/em> dedi.<\/p>\n<p>Gays, OPEC\u2019in 2023 y\u0131l\u0131na ili\u015fkin petrol talebi konusunda en ba\u015far\u0131l\u0131 tahmini yapt\u0131\u011f\u0131na i\u015faret ederek, <em>\u201cTahminlerimizi ele\u015ftirenler, kendi tahminleri bizimkiyle e\u015fitlenene kadar neredeyse her ay tahminlerini d\u00fczenlemek zorunda kald\u0131lar.\u201d<\/em> de\u011ferlendirmesinde bulundu.<\/p>\n<p>Kaynak:\u00a0<a href=\"https:\/\/www.bloomberght.com\/opec-kuresel-petrol-talebinde-bu-yil-gunluk-2-2-milyon-varil-artis-bekliyor-2354376\" target=\"_blank\" rel=\"noopener\" data-wpel-link=\"external\">BLOOMBERG<\/a><\/p>","protected":false},"excerpt":{"rendered":"<p>Sorry, this entry is only available in Turkish. For the sake of viewer convenience, the content is shown below in the alternative language. You may click the link to switch the active language. Petrol \u0130hra\u00e7 Eden \u00dclkeler \u00d6rg\u00fct\u00fc (OPEC) Genel Sekreteri Heysem el-Gays, St. Petersburg Uluslararas\u0131 Ekonomi Forumu (SPIEF) kapsam\u0131nda d\u00fczenlenen oturumda de\u011ferlendirmelerde bulundu. D\u00fcnyan\u0131n [&hellip;]<\/p>\n","protected":false},"author":1,"featured_media":189453,"comment_status":"open","ping_status":"open","sticky":false,"template":"","format":"standard","meta":[],"categories":[53,44],"tags":[114316,12829,58512,114315],"views":38,"_links":{"self":[{"href":"https:\/\/www.enerjigazetesi.ist\/en\/wp-json\/wp\/v2\/posts\/189451"}],"collection":[{"href":"https:\/\/www.enerjigazetesi.ist\/en\/wp-json\/wp\/v2\/posts"}],"about":[{"href":"https:\/\/www.enerjigazetesi.ist\/en\/wp-json\/wp\/v2\/types\/post"}],"author":[{"embeddable":true,"href":"https:\/\/www.enerjigazetesi.ist\/en\/wp-json\/wp\/v2\/users\/1"}],"replies":[{"embeddable":true,"href":"https:\/\/www.enerjigazetesi.ist\/en\/wp-json\/wp\/v2\/comments?post=189451"}],"version-history":[{"count":0,"href":"https:\/\/www.enerjigazetesi.ist\/en\/wp-json\/wp\/v2\/posts\/189451\/revisions"}],"wp:featuredmedia":[{"embeddable":true,"href":"https:\/\/www.enerjigazetesi.ist\/en\/wp-json\/wp\/v2\/media\/189453"}],"wp:attachment":[{"href":"https:\/\/www.enerjigazetesi.ist\/en\/wp-json\/wp\/v2\/media?parent=189451"}],"wp:term":[{"taxonomy":"category","embeddable":true,"href":"https:\/\/www.enerjigazetesi.ist\/en\/wp-json\/wp\/v2\/categories?post=189451"},{"taxonomy":"post_tag","embeddable":true,"href":"https:\/\/www.enerjigazetesi.ist\/en\/wp-json\/wp\/v2\/tags?post=189451"}],"curies":[{"name":"wp","href":"https:\/\/api.w.org\/{rel}","templated":true}]}}