{"id":189417,"date":"2024-06-21T16:52:27","date_gmt":"2024-06-21T13:52:27","guid":{"rendered":"https:\/\/www.enerjigazetesi.ist\/?p=189417"},"modified":"2024-06-21T16:52:58","modified_gmt":"2024-06-21T13:52:58","slug":"balikesir-kentimin-oykusu-egitim-programi-basariyla-sona-erdi","status":"publish","type":"post","link":"https:\/\/www.enerjigazetesi.ist\/en\/balikesir-kentimin-oykusu-egitim-programi-basariyla-sona-erdi\/","title":{"rendered":"(Turkish) &#8221;Bal\u0131kesir Kentimin \u00d6yk\u00fcs\u00fc E\u011fitim Program\u0131&#8221; Ba\u015far\u0131yla Sona Erdi"},"content":{"rendered":"<p class=\"qtranxs-available-languages-message qtranxs-available-languages-message-en\">Sorry, this entry is only available in <a href=\"https:\/\/www.enerjigazetesi.ist\/tr\/wp-json\/wp\/v2\/posts\/189417\" class=\"qtranxs-available-language-link qtranxs-available-language-link-tr\" title=\"Turkish\">Turkish<\/a>. For the sake of viewer convenience, the content is shown below in the alternative language. You may click the link to switch the active language.<\/p><p><\/p>\n<h2>\u015eubat 2024 tarihinde ba\u015flayan \u201c<strong>\u00c7EK\u00dcL K\u00fclt\u00fcr El\u00e7ileri: Bal\u0131kesir Kentimin \u00d6yk\u00fcs\u00fc E\u011fitim Program\u0131<\/strong>\u201d, Bal\u0131kesir B\u00fcy\u00fck\u015fehir Belediyesi ve Bal\u0131kesir \u0130l Milli E\u011fitim M\u00fcd\u00fcrl\u00fc\u011f\u00fc i\u015f birli\u011fiyle ba\u015far\u0131yla tamamland\u0131. Program, Edremit il\u00e7esindeki 16 farkl\u0131 okuldan 23 \u00f6\u011fretmen taraf\u0131ndan 634 \u00f6\u011frenciye uyguland\u0131. E\u011fitim, do\u011fa, k\u00fclt\u00fcr ve insan aras\u0131ndaki vazge\u00e7ilmez ili\u015fkiyi temel alan etkinliklerle zenginle\u015ftirildi.<\/h2>\n<p style=\"text-align: center;\"><img loading=\"lazy\" class=\"aligncenter wp-image-189421\" src=\"https:\/\/www.enerjigazetesi.ist\/wp-content\/uploads\/2024\/06\/balikesir-kentimin-oykusu-egitim-programi-basariyla-sona-erdi-1.jpg\" alt=\"\" width=\"500\" height=\"364\" srcset=\"https:\/\/www.enerjigazetesi.ist\/wp-content\/uploads\/2024\/06\/balikesir-kentimin-oykusu-egitim-programi-basariyla-sona-erdi-1.jpg 550w, https:\/\/www.enerjigazetesi.ist\/wp-content\/uploads\/2024\/06\/balikesir-kentimin-oykusu-egitim-programi-basariyla-sona-erdi-1-300x218.jpg 300w, https:\/\/www.enerjigazetesi.ist\/wp-content\/uploads\/2024\/06\/balikesir-kentimin-oykusu-egitim-programi-basariyla-sona-erdi-1-500x364.jpg 500w, https:\/\/www.enerjigazetesi.ist\/wp-content\/uploads\/2024\/06\/balikesir-kentimin-oykusu-egitim-programi-basariyla-sona-erdi-1-69x50.jpg 69w\" sizes=\"(max-width: 500px) 100vw, 500px\" \/><\/p>\n<h3><strong>Bal\u0131kesir&#8217;in Zengin Miras\u0131 Ke\u015ffedildi <\/strong><\/h3>\n<p>21-22 \u015eubat 2024 tarihlerinde ger\u00e7ekle\u015ftirilen \u00f6\u011fretmen e\u011fitimlerinin ard\u0131ndan programa kat\u0131lan 27 \u00f6\u011fretmen, Kentimin \u00d6yk\u00fcs\u00fc k\u0131lavuzunu \u00f6\u011frencileriyle uygulamaya ba\u015flad\u0131<strong>.<\/strong> Toplam 20 etkinlikten olu\u015fan k\u0131lavuz, s\u0131n\u0131f i\u00e7inde ve kentin farkl\u0131 yerlerinde uyguland\u0131. \u00d6rne\u011fin, bir\u00e7ok s\u0131n\u0131f <strong>Antandros Antik Kenti<\/strong>&#8216;ni ziyaret ederek Eskinin Bilimi Arkeoloji etkinli\u011fini ger\u00e7ekle\u015ftirdi. Motiflerdeki Do\u011fa etkinli\u011fi ile \u00f6\u011frenciler, b\u00f6lgedeki canl\u0131lar\u0131 ve bu canl\u0131lar\u0131n k\u00fclt\u00fcr \u00fczerindeki etkilerini ke\u015ffetti. Ge\u00e7mi\u015ften \u00d6\u011freniyorum etkinli\u011fi ile miras, bellek ve m\u00fcze kavramlar\u0131n\u0131 \u00f6\u011frendiler. Geleneksel Konutlar etkinli\u011fi ise \u00f6\u011frencilerin yerel mimariyi ke\u015ffetmesini sa\u011flad\u0131.<\/p>\n<p>12 Haziran&#8217;da ger\u00e7ekle\u015ftirilen program kapan\u0131\u015f etkinli\u011fi, <strong>IDA Madra Jeopark\u0131 M\u00fczesi<\/strong>&#8216;nde yap\u0131ld\u0131. Etkinli\u011fe Bal\u0131kesir B\u00fcy\u00fck\u015fehir Belediyesi Turizm ve Tan\u0131t\u0131m \u015eube M\u00fcd\u00fcr\u00fc Derya Solak, \u00c7EK\u00dcL Vakf\u0131 Genel Sekreteri Ilg\u0131n S\u00f6zen ve Bilgi A\u011fac\u0131 E\u011fitim Uzman\u0131 P\u0131nar Ay\u00f6z Saydam kat\u0131ld\u0131. 24 \u00f6\u011fretmen ve \u00f6\u011frencilere kat\u0131l\u0131m sertifikalar\u0131 takdim edildi.<\/p>\n<p><strong>\u00c7EK\u00dcL Vakf\u0131 Genel Sekreteri Ilg\u0131n S\u00f6zen<\/strong>, program\u0131n \u00f6\u011frenciler \u00fczerindeki etkilerini vurgulayarak, <em>&#8220;\u00d6\u011frencilerimiz Bal\u0131kesir&#8217;i do\u011fas\u0131 ve tarihiyle etkile\u015fim i\u00e7inde, ge\u00e7mi\u015ften bug\u00fcne ya\u015famaya devam eden miras\u0131 farkl\u0131 y\u00f6nleriyle ke\u015ffetti&#8221;<\/em> dedi. \u00d6\u011fretmenler, program\u0131n \u00f6\u011frencilere sa\u011flad\u0131\u011f\u0131 faydalar\u0131 dile getirerek, yeni s\u0131n\u0131flar\u0131yla program\u0131 uygulamaya devam etmek istediklerini belirttiler. Sertifika t\u00f6reninin ard\u0131ndan kat\u0131l\u0131mc\u0131lar, Bal\u0131kesir B\u00fcy\u00fck\u015fehir Belediyesi \u00c7ift\u00e7i E\u011fitim Merkezi&#8217;ni ziyaret etti ve yerel tar\u0131msal \u00fcr\u00fcnler hakk\u0131nda bilgi ald\u0131.<\/p>\n<p>Ba\u015far\u0131yla tamamlanan \u00c7EK\u00dcL K\u00fclt\u00fcr El\u00e7ileri: Bal\u0131kesir Kentimin \u00d6yk\u00fcs\u00fc E\u011fitim Program\u0131&#8217;n\u0131n, \u00f6n\u00fcm\u00fczdeki d\u00f6nemlerde Bal\u0131kesir&#8217;in farkl\u0131 il\u00e7elerindeki \u00f6\u011fretmen ve \u00f6\u011frencilerle bulu\u015fmas\u0131 planlan\u0131yor.<\/p>","protected":false},"excerpt":{"rendered":"<p>Sorry, this entry is only available in Turkish. For the sake of viewer convenience, the content is shown below in the alternative language. You may click the link to switch the active language. \u015eubat 2024 tarihinde ba\u015flayan \u201c\u00c7EK\u00dcL K\u00fclt\u00fcr El\u00e7ileri: Bal\u0131kesir Kentimin \u00d6yk\u00fcs\u00fc E\u011fitim Program\u0131\u201d, Bal\u0131kesir B\u00fcy\u00fck\u015fehir Belediyesi ve Bal\u0131kesir \u0130l Milli E\u011fitim M\u00fcd\u00fcrl\u00fc\u011f\u00fc i\u015f [&hellip;]<\/p>\n","protected":false},"author":1,"featured_media":189420,"comment_status":"open","ping_status":"open","sticky":false,"template":"","format":"standard","meta":[],"categories":[53],"tags":[3613,51118,114301,114299,103700,24900,35227,1949,114300,58519,45318],"views":15,"_links":{"self":[{"href":"https:\/\/www.enerjigazetesi.ist\/en\/wp-json\/wp\/v2\/posts\/189417"}],"collection":[{"href":"https:\/\/www.enerjigazetesi.ist\/en\/wp-json\/wp\/v2\/posts"}],"about":[{"href":"https:\/\/www.enerjigazetesi.ist\/en\/wp-json\/wp\/v2\/types\/post"}],"author":[{"embeddable":true,"href":"https:\/\/www.enerjigazetesi.ist\/en\/wp-json\/wp\/v2\/users\/1"}],"replies":[{"embeddable":true,"href":"https:\/\/www.enerjigazetesi.ist\/en\/wp-json\/wp\/v2\/comments?post=189417"}],"version-history":[{"count":0,"href":"https:\/\/www.enerjigazetesi.ist\/en\/wp-json\/wp\/v2\/posts\/189417\/revisions"}],"wp:featuredmedia":[{"embeddable":true,"href":"https:\/\/www.enerjigazetesi.ist\/en\/wp-json\/wp\/v2\/media\/189420"}],"wp:attachment":[{"href":"https:\/\/www.enerjigazetesi.ist\/en\/wp-json\/wp\/v2\/media?parent=189417"}],"wp:term":[{"taxonomy":"category","embeddable":true,"href":"https:\/\/www.enerjigazetesi.ist\/en\/wp-json\/wp\/v2\/categories?post=189417"},{"taxonomy":"post_tag","embeddable":true,"href":"https:\/\/www.enerjigazetesi.ist\/en\/wp-json\/wp\/v2\/tags?post=189417"}],"curies":[{"name":"wp","href":"https:\/\/api.w.org\/{rel}","templated":true}]}}