{"id":189369,"date":"2024-06-14T21:54:08","date_gmt":"2024-06-14T18:54:08","guid":{"rendered":"https:\/\/www.enerjigazetesi.ist\/?p=189369"},"modified":"2024-06-14T21:54:08","modified_gmt":"2024-06-14T18:54:08","slug":"5-inci-elektrikli-ve-hibrid-araclar-surus-haftasi-14-15-eylul-de-istanbul-da","status":"publish","type":"post","link":"https:\/\/www.enerjigazetesi.ist\/en\/5-inci-elektrikli-ve-hibrid-araclar-surus-haftasi-14-15-eylul-de-istanbul-da\/","title":{"rendered":"(Turkish) 5\u2019inci Elektrikli ve Hibrid Ara\u00e7lar S\u00fcr\u00fc\u015f Haftas\u0131 14-15 Eyl\u00fcl&#8217;de \u0130stanbul&#8217;da&#8230;"},"content":{"rendered":"<p class=\"qtranxs-available-languages-message qtranxs-available-languages-message-en\">Sorry, this entry is only available in <a href=\"https:\/\/www.enerjigazetesi.ist\/tr\/wp-json\/wp\/v2\/posts\/189369\" class=\"qtranxs-available-language-link qtranxs-available-language-link-tr\" title=\"Turkish\">Turkish<\/a>. For the sake of viewer convenience, the content is shown below in the alternative language. You may click the link to switch the active language.<\/p><p><\/p>\n<h2><strong>T\u00fcrkiye\u2019de ilk kez 2019 y\u0131l\u0131nda d\u00fczenlenen Elektrikli ve Hibrit S\u00fcr\u00fc\u015f Haftas\u0131\u2019n\u0131n 5\u2019incisi, 14-15 Eyl\u00fcl tarihleri aras\u0131nda, \u0130stanbul \u2013 Autodrom yar\u0131\u015f pistinde ger\u00e7ekle\u015ftirilecek. T\u00fcrkiye Elektrikli ve Hibrid Ara\u00e7lar Derne\u011fi (TEHAD) deste\u011fiyle, Electric Hybrid Cars Dergisi taraf\u0131ndan d\u00fczenlenen etkinlik kapsam\u0131nda, otomobil ve teknoloji merakl\u0131lar\u0131 hafta sonu boyunca, elektrikli ara\u00e7lar\u0131 pist \u00fczerinde deneyimleme \u015fans\u0131 bulacak. T\u00fcrkiye&#8217;nin ilk ve tek t\u00fcketici deneyim odakl\u0131 s\u00fcr\u00fc\u015f etkinli\u011fi, halka a\u00e7\u0131k ve \u00fccretsiz olarak ger\u00e7ekle\u015ftirilecek.<\/strong><\/h2>\n<p style=\"text-align: center;\"><img loading=\"lazy\" class=\"aligncenter wp-image-189372\" src=\"https:\/\/www.enerjigazetesi.ist\/wp-content\/uploads\/2024\/06\/5-inci-elektrikli-ve-hibrid-araclar-surus-haftasi-14-15-eylul-de-istanbul-da-1.jpg\" alt=\"\" width=\"500\" height=\"329\" srcset=\"https:\/\/www.enerjigazetesi.ist\/wp-content\/uploads\/2024\/06\/5-inci-elektrikli-ve-hibrid-araclar-surus-haftasi-14-15-eylul-de-istanbul-da-1.jpg 550w, https:\/\/www.enerjigazetesi.ist\/wp-content\/uploads\/2024\/06\/5-inci-elektrikli-ve-hibrid-araclar-surus-haftasi-14-15-eylul-de-istanbul-da-1-300x197.jpg 300w, https:\/\/www.enerjigazetesi.ist\/wp-content\/uploads\/2024\/06\/5-inci-elektrikli-ve-hibrid-araclar-surus-haftasi-14-15-eylul-de-istanbul-da-1-500x329.jpg 500w, https:\/\/www.enerjigazetesi.ist\/wp-content\/uploads\/2024\/06\/5-inci-elektrikli-ve-hibrid-araclar-surus-haftasi-14-15-eylul-de-istanbul-da-1-76x50.jpg 76w\" sizes=\"(max-width: 500px) 100vw, 500px\" \/><\/p>\n<p>Otomotiv d\u00fcnyas\u0131nda yeni d\u00f6nemi temsil eden elektrikli ara\u00e7lar, d\u00fcnyada oldu\u011fu gibi T\u00fcrkiye\u2019de de h\u0131zla pop\u00fclerli\u011fini art\u0131r\u0131yor. Ge\u00e7ti\u011fimiz y\u0131l 65 bin adedin \u00fczerinde elektrikli ara\u00e7 sat\u0131\u015fla d\u00fcnyan\u0131n dikkatini \u00e7eken T\u00fcrkiye, bu y\u0131l daha \u015fimdiden bu rakam\u0131n \u00fczerine \u00e7\u0131kacak bir performansla ilerliyor. T\u00fcrkiye, ana ve yan sanayi yat\u0131r\u0131mlar\u0131yla otomotivin gelece\u011fine haz\u0131rlan\u0131rken t\u00fcketicilerin \u00f6nemli bir k\u0131sm\u0131 hala elektrikli ara\u00e7lara mesafeli yakla\u015f\u0131yor. Bu durumu ortadan kald\u0131rmak i\u00e7in bundan 4 y\u0131l \u00f6nce harekete ge\u00e7en <strong>Electric Hybrid Cars Dergisi<\/strong> ile <strong>T\u00fcrkiye Elektrikli ve Hibrid Ara\u00e7lar Derne\u011fi<\/strong> (TEHAD), <strong>14-15 Eyl\u00fcl<\/strong> tarihlerinde <strong>Elektrikli ve Hibrid Ara\u00e7lar S\u00fcr\u00fc\u015f Haftas\u0131<\/strong>\u2019n\u0131<strong> 5\u2019inci kez<\/strong> d\u00fczenlemeye haz\u0131rlan\u0131yor.<\/p>\n<h3><strong>4 Y\u0131lda 20 Binden Fazla Ziyaret\u00e7iyi A\u011f\u0131rlad\u0131<\/strong><\/h3>\n<p>Bu y\u0131l <strong>\u0130stanbul Autodrom yar\u0131\u015f pistinde<\/strong> ger\u00e7ekle\u015ftirilecek olan organizasyonla t\u00fcketiciler, T\u00fcrkiye\u2019de sat\u0131\u015fa sunulan t\u00fcm elektrikli ara\u00e7lar\u0131 inceleme ve daha da \u00f6nemlisi deneyimlenme f\u0131rsat\u0131 yakalayacak. Ge\u00e7ti\u011fimiz 4 y\u0131lda 20 binden fazla ziyaret\u00e7iye ev sahipli\u011fi yapan Elektrikli ve Hibrid Ara\u00e7lar <img loading=\"lazy\" class=\"alignright wp-image-189374\" src=\"https:\/\/www.enerjigazetesi.ist\/wp-content\/uploads\/2024\/06\/5-inci-elektrikli-ve-hibrid-araclar-surus-haftasi-14-15-eylul-de-istanbul-da-2.jpg\" alt=\"\" width=\"320\" height=\"269\" srcset=\"https:\/\/www.enerjigazetesi.ist\/wp-content\/uploads\/2024\/06\/5-inci-elektrikli-ve-hibrid-araclar-surus-haftasi-14-15-eylul-de-istanbul-da-2.jpg 550w, https:\/\/www.enerjigazetesi.ist\/wp-content\/uploads\/2024\/06\/5-inci-elektrikli-ve-hibrid-araclar-surus-haftasi-14-15-eylul-de-istanbul-da-2-300x252.jpg 300w, https:\/\/www.enerjigazetesi.ist\/wp-content\/uploads\/2024\/06\/5-inci-elektrikli-ve-hibrid-araclar-surus-haftasi-14-15-eylul-de-istanbul-da-2-476x400.jpg 476w, https:\/\/www.enerjigazetesi.ist\/wp-content\/uploads\/2024\/06\/5-inci-elektrikli-ve-hibrid-araclar-surus-haftasi-14-15-eylul-de-istanbul-da-2-60x50.jpg 60w, https:\/\/www.enerjigazetesi.ist\/wp-content\/uploads\/2024\/06\/5-inci-elektrikli-ve-hibrid-araclar-surus-haftasi-14-15-eylul-de-istanbul-da-2-500x420.jpg 500w\" sizes=\"(max-width: 320px) 100vw, 320px\" \/>S\u00fcr\u00fc\u015f Haftas\u0131\u2019n\u0131n, bu y\u0131l da b\u00fcy\u00fck bir ilgiyle takip edilmesi bekleniyor. Elektrikli ara\u00e7 sat\u0131\u015f rakamlar\u0131n\u0131n 2023 y\u0131l\u0131nda rekor seviyeye ula\u015ft\u0131\u011f\u0131n\u0131 s\u00f6yleyen <strong>TEHAD Kurucu Ba\u015fkan\u0131 Berkan Bayram<\/strong>, <em>\u201cD\u00fcnya genelinde 2022\u2019ye g\u00f6re yakla\u015f\u0131k y\u00fczde 35 b\u00fcy\u00fcyen pazarda toplam 14 milyon adetlik elektrikli otomobil sat\u0131\u015f\u0131 ger\u00e7ekle\u015fti. \u00dclkemizde de ayn\u0131 ivme ile 2023 y\u0131l\u0131n\u0131 65 bin 604 adetlik elektrikli ara\u00e7 sat\u0131\u015f\u0131yla kapatt\u0131k. Bu y\u0131l sonunda d\u00fcnyadaki elektrikli otomobil sat\u0131\u015f rakam\u0131n\u0131n 17 milyon adete, \u00fclkemizde ise 100 bin adete ula\u015faca\u011f\u0131n\u0131 tahmin ediyoruz\u201d dedi. <\/em>Bu sat\u0131\u015f rakamlar\u0131na ra\u011fmen elektrikli otomobil ile tan\u0131\u015fma \u015fans\u0131na ula\u015famam\u0131\u015f b\u00fcy\u00fck bir \u00e7o\u011funluk oldu\u011funu vurgulayan <strong>Berkan Bayram<\/strong>,<em> \u201cAyn\u0131 zamanda yeni bir otomobil al\u0131m evresinde karars\u0131z kalan da b\u00fcy\u00fck bir kesim var. Elektrikli ve Hibrid Ara\u00e7lar S\u00fcr\u00fc\u015f Haftas\u0131 ile bu ihtiyaca cevap vermek konusunda, yard\u0131mc\u0131 olmay\u0131 hedefliyoruz. Ziyaret\u00e7ilerimiz <strong>sadece otomobillerle de\u011fil, elektrikli motosiklet kullan\u0131m\u0131, \u015farj istasyonlar\u0131, g\u00fcne\u015f panelleri ve teknolojisi ile de<\/strong> tan\u0131\u015fma \u015fans\u0131na sahip olacaklar\u201d<\/em> diye konu\u015ftu.<\/p>\n<h3><strong>T\u00fcrkiye\u2019nin Alan\u0131nda \u0130lk ve En B\u00fcy\u00fck Etkinli\u011fi<\/strong><\/h3>\n<p><strong>Bu y\u0131l 5\u2019incisi<\/strong> d\u00fczenlenecek <strong>Elektrikli ve Hibrid Ara\u00e7lar S\u00fcr\u00fc\u015f Haftas\u0131<\/strong>\u2019n\u0131n, T\u00fcrkiye\u2019de sat\u0131\u015f\u0131 bulunan t\u00fcm markalara ev sahipli\u011fi yapaca\u011f\u0131na i\u015faret eden <strong>Berkan Bayram<\/strong>, \u015f\u00f6yle devam etti: <em>\u201cGe\u00e7ti\u011fimiz y\u0131l <strong>7 bin 500 kay\u0131tl\u0131 ziyaret\u00e7iyi<\/strong> a\u011f\u0131rlayan etkinli\u011fimiz, son 4 y\u0131lda toplam 20 bini a\u015fk\u0131n ki\u015fiye do\u011frudan, bas\u0131n yay\u0131n organlar\u0131 arac\u0131l\u0131\u011f\u0131yla ise yakla\u015f\u0131k <strong>5,4 milyon ki\u015fiye dolayl\u0131 olarak ula\u015fmay\u0131 ba\u015fard\u0131.<\/strong> Son 4 y\u0131lda 20 bini a\u015fk\u0131n ziyaret\u00e7i, <strong>40\u2019\u0131n \u00fczerinde markan\u0131n 100\u2019e yak\u0131n modelini<\/strong> test alan\u0131m\u0131zda deneyimleme \u015fans\u0131na sahip oldu. Bu a\u00e7\u0131dan etkinli\u011fimiz, elektrikli ve hibrid ara\u00e7lar\u0131n do\u011frudan kullan\u0131ld\u0131\u011f\u0131, t\u00fcketici deneyim odakl\u0131, T\u00fcrkiye\u2019nin ilk ve en b\u00fcy\u00fck etkinli\u011fi olmu\u015ftur. Daha \u00f6nce hi\u00e7 yap\u0131lmam\u0131\u015f ve her y\u0131l artarak devam eden marka ve kat\u0131l\u0131mc\u0131 kitlesi ile b\u00fcy\u00fck bir rekora imza atm\u0131\u015ft\u0131r. <strong>Otomotiv, enerji, teknoloji ve mikromobilite sekt\u00f6rlerini<\/strong> temsil eden, \u00fccretsiz olarak kat\u0131labilece\u011finiz etkinli\u011fimizin kap\u0131lar\u0131, t\u00fcm merakl\u0131lara a\u00e7\u0131kt\u0131r.\u201d<\/em><\/p>","protected":false},"excerpt":{"rendered":"<p>Sorry, this entry is only available in Turkish. For the sake of viewer convenience, the content is shown below in the alternative language. You may click the link to switch the active language. T\u00fcrkiye\u2019de ilk kez 2019 y\u0131l\u0131nda d\u00fczenlenen Elektrikli ve Hibrit S\u00fcr\u00fc\u015f Haftas\u0131\u2019n\u0131n 5\u2019incisi, 14-15 Eyl\u00fcl tarihleri aras\u0131nda, \u0130stanbul \u2013 Autodrom yar\u0131\u015f pistinde ger\u00e7ekle\u015ftirilecek. [&hellip;]<\/p>\n","protected":false},"author":1,"featured_media":189373,"comment_status":"open","ping_status":"open","sticky":false,"template":"","format":"standard","meta":[],"categories":[51,53],"tags":[215,1270,95902,9413,114288,114289],"views":35,"_links":{"self":[{"href":"https:\/\/www.enerjigazetesi.ist\/en\/wp-json\/wp\/v2\/posts\/189369"}],"collection":[{"href":"https:\/\/www.enerjigazetesi.ist\/en\/wp-json\/wp\/v2\/posts"}],"about":[{"href":"https:\/\/www.enerjigazetesi.ist\/en\/wp-json\/wp\/v2\/types\/post"}],"author":[{"embeddable":true,"href":"https:\/\/www.enerjigazetesi.ist\/en\/wp-json\/wp\/v2\/users\/1"}],"replies":[{"embeddable":true,"href":"https:\/\/www.enerjigazetesi.ist\/en\/wp-json\/wp\/v2\/comments?post=189369"}],"version-history":[{"count":0,"href":"https:\/\/www.enerjigazetesi.ist\/en\/wp-json\/wp\/v2\/posts\/189369\/revisions"}],"wp:featuredmedia":[{"embeddable":true,"href":"https:\/\/www.enerjigazetesi.ist\/en\/wp-json\/wp\/v2\/media\/189373"}],"wp:attachment":[{"href":"https:\/\/www.enerjigazetesi.ist\/en\/wp-json\/wp\/v2\/media?parent=189369"}],"wp:term":[{"taxonomy":"category","embeddable":true,"href":"https:\/\/www.enerjigazetesi.ist\/en\/wp-json\/wp\/v2\/categories?post=189369"},{"taxonomy":"post_tag","embeddable":true,"href":"https:\/\/www.enerjigazetesi.ist\/en\/wp-json\/wp\/v2\/tags?post=189369"}],"curies":[{"name":"wp","href":"https:\/\/api.w.org\/{rel}","templated":true}]}}