{"id":189343,"date":"2024-06-14T19:11:51","date_gmt":"2024-06-14T16:11:51","guid":{"rendered":"https:\/\/www.enerjigazetesi.ist\/?p=189343"},"modified":"2024-06-14T19:12:36","modified_gmt":"2024-06-14T16:12:36","slug":"gunsan-gonullu-calisanlariyla-cevre-temizligi-etkinligi-gerceklestirdi","status":"publish","type":"post","link":"https:\/\/www.enerjigazetesi.ist\/en\/gunsan-gonullu-calisanlariyla-cevre-temizligi-etkinligi-gerceklestirdi\/","title":{"rendered":"(Turkish) &#8217;G\u00fcnsan&#8217;dan G\u00f6n\u00fcll\u00fc \u00c7al\u0131\u015fanlar\u0131yla \u00c7evre Temizli\u011fi Etkinli\u011fi"},"content":{"rendered":"<p class=\"qtranxs-available-languages-message qtranxs-available-languages-message-en\">Sorry, this entry is only available in <a href=\"https:\/\/www.enerjigazetesi.ist\/tr\/wp-json\/wp\/v2\/posts\/189343\" class=\"qtranxs-available-language-link qtranxs-available-language-link-tr\" title=\"Turkish\">Turkish<\/a>. For the sake of viewer convenience, the content is shown below in the alternative language. You may click the link to switch the active language.<\/p><p><\/p>\n<h2><strong>Al\u00e7ak gerilim tesisat\u0131 ekipmanlar\u0131 sekt\u00f6r\u00fcn\u00fcn \u00f6nde gelen firmalar\u0131ndan G\u00fcnsan Elektrik, T\u00fcrkiye \u00c7evre haftas\u0131 kapsam\u0131nda \u00c7EVKO Vakf\u0131 ve Maltepe Belediyesi i\u015f birli\u011fiyle \u00c7evre Temizli\u011fi etkinli\u011fi d\u00fczenledi. G\u00fcnsan \u00e7al\u0131\u015fanlar\u0131ndan olu\u015fan g\u00f6n\u00fcll\u00fc grubu, 1 saatte yakla\u015f\u0131k 75 kg at\u0131k toplad\u0131. Bu at\u0131klar\u0131n yakla\u015f\u0131k 45 kg\u2019l\u0131k k\u0131sm\u0131 geri d\u00f6n\u00fc\u015f\u00fcme kazand\u0131r\u0131ld\u0131. Yap\u0131lan \u00e7al\u0131\u015fmayla bir arac\u0131n \u0130stanbul-Kocaeli aras\u0131ndaki seyahatine e\u015fde\u011fer karbon sal\u0131m\u0131n\u0131n \u00f6n\u00fcne ge\u00e7ildi.<\/strong><\/h2>\n<p style=\"text-align: center;\"><img loading=\"lazy\" class=\"aligncenter wp-image-189346\" src=\"https:\/\/www.enerjigazetesi.ist\/wp-content\/uploads\/2024\/06\/gunsan-gonullu-calisanlariyla-cevre-temizligi-etkinligi-gerceklestirdi-1.jpg\" alt=\"\" width=\"500\" height=\"334\" srcset=\"https:\/\/www.enerjigazetesi.ist\/wp-content\/uploads\/2024\/06\/gunsan-gonullu-calisanlariyla-cevre-temizligi-etkinligi-gerceklestirdi-1.jpg 550w, https:\/\/www.enerjigazetesi.ist\/wp-content\/uploads\/2024\/06\/gunsan-gonullu-calisanlariyla-cevre-temizligi-etkinligi-gerceklestirdi-1-300x200.jpg 300w, https:\/\/www.enerjigazetesi.ist\/wp-content\/uploads\/2024\/06\/gunsan-gonullu-calisanlariyla-cevre-temizligi-etkinligi-gerceklestirdi-1-500x334.jpg 500w, https:\/\/www.enerjigazetesi.ist\/wp-content\/uploads\/2024\/06\/gunsan-gonullu-calisanlariyla-cevre-temizligi-etkinligi-gerceklestirdi-1-75x50.jpg 75w, https:\/\/www.enerjigazetesi.ist\/wp-content\/uploads\/2024\/06\/gunsan-gonullu-calisanlariyla-cevre-temizligi-etkinligi-gerceklestirdi-1-450x300.jpg 450w\" sizes=\"(max-width: 500px) 100vw, 500px\" \/><\/p>\n<p>G\u00fcnsan Elektrik, T\u00fcrkiye \u00c7evre Haftas\u0131 kapsam\u0131nda <em>\u00e7evrenin korunmas\u0131na katk\u0131 sa\u011flamak, at\u0131klardan kaynaklanabilecek \u00e7evre kirlili\u011finin \u00f6n\u00fcne ge\u00e7mek, geri d\u00f6n\u00fc\u015f\u00fcm bilinci olu\u015fturmak, at\u0131k y\u00f6netiminin ve \u00e7evre temizli\u011finin \u00f6nemine dikkat \u00e7ekerek<\/em> fark\u0131ndal\u0131k yaratmak \u00fczere g\u00f6n\u00fcll\u00fc \u00e7al\u0131\u015fanlar\u0131yla \u00e7evre etkinli\u011fi d\u00fczenledi. Temizlik etkinli\u011fi, \u00c7EVKO Vakf\u0131 (\u00c7evre Koruma ve Ambalaj At\u0131klar\u0131 De\u011ferlendirme Vakf\u0131) ve Maltepe Belediyesi i\u015f birli\u011fiyle <strong>S\u00fcreyya Pa\u015fa Korulu\u011fu<\/strong>\u2019nda belirlenen g\u00fczergahta g\u00fcn\u00fc birlik ziyaret\u00e7iler taraf\u0131ndan kirlili\u011fe maruz b\u0131rak\u0131lan alanda ger\u00e7ekle\u015ftirildi. G\u00fcnsan g\u00f6n\u00fcll\u00fc grubu, \u00c7EVKO Vakf\u0131 ve Maltepe Belediyesi taraf\u0131ndan organize edilen etkinlik kapsam\u0131nda belirlenen g\u00fczergahtaki at\u0131klar\u0131 toplad\u0131.<\/p>\n<p>Temizlik etkinli\u011finde, toplanan <strong>75 kg<\/strong> at\u0131ktan <strong>45 kg\u2019<\/strong>l\u0131k k\u0131sm\u0131 <strong>Maltepe Belediyesi\u2019nin deste\u011fi ile<\/strong> <strong>geri d\u00f6n\u00fc\u015f\u00fcme kazand\u0131r\u0131ld\u0131.<\/strong> Geri d\u00f6n\u00fc\u015ft\u00fcr\u00fclen at\u0131klarla bir arac\u0131n \u0130stanbul-Kocaeli aras\u0131ndaki seyahatine e\u015fde\u011fer karbon sal\u0131m\u0131n\u0131n \u00f6n\u00fcne ge\u00e7ilmi\u015f oldu.<\/p>","protected":false},"excerpt":{"rendered":"<p>Sorry, this entry is only available in Turkish. For the sake of viewer convenience, the content is shown below in the alternative language. You may click the link to switch the active language. Al\u00e7ak gerilim tesisat\u0131 ekipmanlar\u0131 sekt\u00f6r\u00fcn\u00fcn \u00f6nde gelen firmalar\u0131ndan G\u00fcnsan Elektrik, T\u00fcrkiye \u00c7evre haftas\u0131 kapsam\u0131nda \u00c7EVKO Vakf\u0131 ve Maltepe Belediyesi i\u015f birli\u011fiyle \u00c7evre [&hellip;]<\/p>\n","protected":false},"author":1,"featured_media":189345,"comment_status":"open","ping_status":"open","sticky":false,"template":"","format":"standard","meta":[],"categories":[51,53],"tags":[106185,58913,36987,103799,2529,105940,53761,114269,103726],"views":31,"_links":{"self":[{"href":"https:\/\/www.enerjigazetesi.ist\/en\/wp-json\/wp\/v2\/posts\/189343"}],"collection":[{"href":"https:\/\/www.enerjigazetesi.ist\/en\/wp-json\/wp\/v2\/posts"}],"about":[{"href":"https:\/\/www.enerjigazetesi.ist\/en\/wp-json\/wp\/v2\/types\/post"}],"author":[{"embeddable":true,"href":"https:\/\/www.enerjigazetesi.ist\/en\/wp-json\/wp\/v2\/users\/1"}],"replies":[{"embeddable":true,"href":"https:\/\/www.enerjigazetesi.ist\/en\/wp-json\/wp\/v2\/comments?post=189343"}],"version-history":[{"count":0,"href":"https:\/\/www.enerjigazetesi.ist\/en\/wp-json\/wp\/v2\/posts\/189343\/revisions"}],"wp:featuredmedia":[{"embeddable":true,"href":"https:\/\/www.enerjigazetesi.ist\/en\/wp-json\/wp\/v2\/media\/189345"}],"wp:attachment":[{"href":"https:\/\/www.enerjigazetesi.ist\/en\/wp-json\/wp\/v2\/media?parent=189343"}],"wp:term":[{"taxonomy":"category","embeddable":true,"href":"https:\/\/www.enerjigazetesi.ist\/en\/wp-json\/wp\/v2\/categories?post=189343"},{"taxonomy":"post_tag","embeddable":true,"href":"https:\/\/www.enerjigazetesi.ist\/en\/wp-json\/wp\/v2\/tags?post=189343"}],"curies":[{"name":"wp","href":"https:\/\/api.w.org\/{rel}","templated":true}]}}