{"id":18929,"date":"2013-12-09T10:01:49","date_gmt":"2013-12-09T07:01:49","guid":{"rendered":"https:\/\/www.enerjigazetesi.ist\/?p=18929"},"modified":"2013-12-09T10:01:49","modified_gmt":"2013-12-09T07:01:49","slug":"gelismekte-olan-ulkelerden-dolayi-petrol-fiyatlarinda-dusus-beklenemez","status":"publish","type":"post","link":"https:\/\/www.enerjigazetesi.ist\/en\/gelismekte-olan-ulkelerden-dolayi-petrol-fiyatlarinda-dusus-beklenemez\/","title":{"rendered":"(Turkish) \u2018Geli\u015fmekte Olan \u00dclkelerden Dolay\u0131 Petrol Fiyatlar\u0131nda D\u00fc\u015f\u00fc\u015f Beklenemez&#8230;\u2019"},"content":{"rendered":"<p class=\"qtranxs-available-languages-message qtranxs-available-languages-message-en\">Sorry, this entry is only available in <a href=\"https:\/\/www.enerjigazetesi.ist\/tr\/wp-json\/wp\/v2\/posts\/18929\" class=\"qtranxs-available-language-link qtranxs-available-language-link-tr\" title=\"Turkish\">Turkish<\/a>. For the sake of viewer convenience, the content is shown below in the alternative language. You may click the link to switch the active language.<\/p><p><strong>Uluslararas\u0131 Enerji Ajans\u0131 (IEA) Ba\u015fekonomisti Fatih Birol, ABD\u2019nin 2015 y\u0131l\u0131nda d\u00fcnyan\u0131n en \u00f6nemli petrol \u00fcreticisi olma yolunda ilerledi\u011fini ancak geli\u015fmekte olan \u00fclkelerden gelen talep art\u0131\u015f\u0131 y\u00fcz\u00fcnden petrol fiyatlar\u0131nda bir d\u00fc\u015f\u00fc\u015f beklenmemesi gerekti\u011fini ifade etti.<\/strong><\/p>\n<p>Uluslararas\u0131 Enerji Ajans\u0131\u2019n\u0131n haz\u0131rlad\u0131\u011f\u0131 D\u00fcnya Enerji G\u00f6r\u00fcn\u00fcm\u00fc (World Energy Outlook-WEO) raporu, Washin<a href=\"https:\/\/www.enerjigazetesi.ist\/wp-content\/uploads\/2012\/10\/uluslararasi-enerji-ajansi-fatih-birol-turkiye-petrol.jpg\"><img loading=\"lazy\" class=\"alignright size-medium wp-image-2903\" title=\"fatih-birol\" src=\"https:\/\/www.enerjigazetesi.ist\/wp-content\/uploads\/2012\/10\/uluslararasi-enerji-ajansi-fatih-birol-turkiye-petrol-300x205.jpg\" alt=\"\" width=\"300\" height=\"205\" srcset=\"https:\/\/www.enerjigazetesi.ist\/wp-content\/uploads\/2012\/10\/uluslararasi-enerji-ajansi-fatih-birol-turkiye-petrol-300x205.jpg 300w, https:\/\/www.enerjigazetesi.ist\/wp-content\/uploads\/2012\/10\/uluslararasi-enerji-ajansi-fatih-birol-turkiye-petrol-73x50.jpg 73w, https:\/\/www.enerjigazetesi.ist\/wp-content\/uploads\/2012\/10\/uluslararasi-enerji-ajansi-fatih-birol-turkiye-petrol.jpg 425w\" sizes=\"(max-width: 300px) 100vw, 300px\" \/><\/a>gton\u2019da Stratejik ve Uluslararas\u0131 \u00c7al\u0131\u015fmalar Merkezi\u2019nde (CSIS), ajans\u0131n Ba\u015fekonomisti Fatih Birol\u2019un da kat\u0131ld\u0131\u011f\u0131 bir sunumda Amerikan kamuoyuyla payla\u015f\u0131ld\u0131.<\/p>\n<p>Sunumun ard\u0131ndan sorular\u0131 yan\u0131tlayan Birol, ABD\u2019nin 2015 y\u0131l\u0131nda Suudi Arabistan ve Rusya\u2019y\u0131 ge\u00e7erek d\u00fcnyan\u0131n en b\u00fcy\u00fck petrol \u00fcreticisi olaca\u011f\u0131n\u0131 anlatt\u0131.<\/p>\n<p>Birol, \u201cAmerika, 2015 y\u0131l\u0131nda Suudi Arabistan ve Rusya\u2019y\u0131 ge\u00e7erek d\u00fcnyan\u0131n en b\u00fcy\u00fck petrol \u00fcreticisi olacak. Bu, d\u00fcnya petrol fiyatlar\u0131n\u0131n daha da artmamas\u0131na yard\u0131mc\u0131 olacak. O bak\u0131mdan Amerika ve T\u00fcrkiye i\u00e7in g\u00fczel bir haber \u00e7\u00fcnk\u00fc biz de y\u00fcksek petrol fiyatlar\u0131ndan negatif etkileniyoruz. Amerika\u2019daki bu geli\u015fme olmasayd\u0131 \u015fu anda y\u00fcksek olan petrol fiyatlar\u0131n\u0131n daha da y\u00fcksek olmas\u0131 m\u00fcmk\u00fcnd\u00fc\u201d dedi.<\/p>\n<h2>\u201cOrtado\u011fu\u2019dan petrol ithal etme ihtiyac\u0131 art\u0131k kalmayacak\u201d<\/h2>\n<p>ABD\u2019nin 2020\u2032l\u0131 y\u0131llar\u0131n sonunda da Orta Do\u011fu petrol\u00fcne olan ba\u011f\u0131ml\u0131l\u0131\u011f\u0131n\u0131 tamamen sonland\u0131rabilece\u011fini savunan Birol, \u201cBa\u011f\u0131ml\u0131l\u0131k giderek azalacak ve 2020\u2032l\u0131 y\u0131llar\u0131n sonunda s\u0131f\u0131ra inebilecek. Bunun da iki nedeni var. Birincisi \u00fcretiminin artmas\u0131, ikincisi de t\u00fcketimin azalmas\u0131\u201d diye konu\u015ftu.<\/p>\n<p>Obama y\u00f6netiminin ald\u0131\u011f\u0131 \u201c\u00e7ok \u00f6nemli ancak fazla bilinmeyen\u201d kararlardan bir tanesinin de, otomobillerin daha da verimli kullan\u0131lmas\u0131na y\u00f6nelik \u00e7e\u015fitli standartlar\u0131 hayata ge\u00e7irmesi oldu\u011funa i\u015faret eden Birol, \u201cBu da Amerika\u2019n\u0131n bir yandan \u00fcretimini art\u0131r\u0131rken, \u00f6b\u00fcr yandan da t\u00fcketimini d\u00fc\u015f\u00fcrece\u011fi i\u00e7in 2020\u2032l\u0131 y\u0131llar\u0131n sonlar\u0131nda d\u0131\u015fa ba\u011f\u0131ml\u0131l\u0131\u011f\u0131n\u0131n hemen hemen s\u0131f\u0131ra inece\u011fini d\u00fc\u015f\u00fcn\u00fcyoruz. Bu da Orta Do\u011fu\u2019dan art\u0131k petrol ithal etme ihtiyac\u0131n\u0131n kalmamas\u0131n\u0131 sa\u011flayacak\u201d dedi.<\/p>\n<h2>\u201cPetrol fiyatlar\u0131nda d\u00fc\u015f\u00fc\u015f beklenmemeli\u201d<\/h2>\n<p>Birol, ancak bu \u00fclkenin piyasalara s\u00fcrece\u011fi arz fazlas\u0131na kar\u015f\u0131n \u00f6zellikle Asya \u00fclkeleri k\u00f6kenli talep art\u0131\u015f\u0131 y\u00fcz\u00fcnden petrol fiyatlar\u0131nda bir d\u00fc\u015f\u00fc\u015f beklenmemesi gerekti\u011fini ifade etti.<\/p>\n<p>Ula\u015ft\u0131rma sekt\u00f6r\u00fc d\u0131\u015f\u0131ndaki sekt\u00f6rlerde petrol t\u00fcketiminin azalt\u0131lmas\u0131 veya tamamen s\u0131f\u0131rlanmas\u0131 yolundaki \u00e7abalar\u0131n ger\u00e7ek\u00e7i olup olmad\u0131\u011f\u0131 y\u00f6n\u00fcndeki soruyu ise Birol, \u201cUla\u015ft\u0131rman\u0131n d\u0131\u015f\u0131nda \u00f6zellikle petro kimya sekt\u00f6r\u00fcnde ciddi anlamda petrol kullan\u0131l\u0131yor. Bunu azaltmak, \u00f6zellikle gazla ikame etmek m\u00fcmk\u00fcn ama s\u0131f\u0131rlamak m\u00fcmk\u00fcn de\u011fil\u201d diye yan\u0131tlad\u0131.<\/p>\n<p>ABD\u2019nin karbon sal\u0131n\u0131m\u0131 konusunda bulundu\u011fu yer konusundaki soruyu yan\u0131tlarken de Fatih Birol, ABD\u2019nin \u00f6zellikle otomobillerin yak\u0131t t\u00fcketimi konusuna s\u0131k\u0131 standartlar getirdi\u011fini hat\u0131rlatarak, bu ve benzeri enerji verimlili\u011fi ad\u0131mlar\u0131yla karbon sal\u0131n\u0131m\u0131n\u0131 1990\u2032l\u0131 y\u0131llar d\u00fczeyine \u00e7ekti\u011fini belirtti. Birol, ancak hala ABD\u2019nin mutlak anlamda \u00c7in\u2019le birlikte d\u00fcnya karbon sal\u0131n\u0131m\u0131n\u0131n y\u00fczde 50\u2032sini yapt\u0131\u011f\u0131 g\u00f6z \u00f6n\u00fcnde tutulursa \u00fclkenin gidecek uzun bir yolu oldu\u011funu s\u00f6zlerine ekledi.<\/p>\n<p>Kaynak: <a href=\"http:\/\/enerjienstitusu.com\/2013\/12\/06\/birol-gelismekte-olan-ulkelerdeki-talep-artisi-yuzunden-petrol-fiyatlarinda-dusus-beklenmemeli\/\" target=\"_blank\">Enerji Enstit\u00fcs\u00fc<\/a><\/p>","protected":false},"excerpt":{"rendered":"<p>Sorry, this entry is only available in Turkish. For the sake of viewer convenience, the content is shown below in the alternative language. You may click the link to switch the active language.Uluslararas\u0131 Enerji Ajans\u0131 (IEA) Ba\u015fekonomisti Fatih Birol, ABD\u2019nin 2015 y\u0131l\u0131nda d\u00fcnyan\u0131n en \u00f6nemli petrol \u00fcreticisi olma yolunda ilerledi\u011fini ancak geli\u015fmekte olan \u00fclkelerden gelen [&hellip;]<\/p>\n","protected":false},"author":1,"featured_media":2903,"comment_status":"open","ping_status":"open","sticky":false,"template":"","format":"standard","meta":[],"categories":[53,44],"tags":[1198,63,67,1009,165,818,11036,1023,59,79,11037,347,1022],"views":542,"_links":{"self":[{"href":"https:\/\/www.enerjigazetesi.ist\/en\/wp-json\/wp\/v2\/posts\/18929"}],"collection":[{"href":"https:\/\/www.enerjigazetesi.ist\/en\/wp-json\/wp\/v2\/posts"}],"about":[{"href":"https:\/\/www.enerjigazetesi.ist\/en\/wp-json\/wp\/v2\/types\/post"}],"author":[{"embeddable":true,"href":"https:\/\/www.enerjigazetesi.ist\/en\/wp-json\/wp\/v2\/users\/1"}],"replies":[{"embeddable":true,"href":"https:\/\/www.enerjigazetesi.ist\/en\/wp-json\/wp\/v2\/comments?post=18929"}],"version-history":[{"count":1,"href":"https:\/\/www.enerjigazetesi.ist\/en\/wp-json\/wp\/v2\/posts\/18929\/revisions"}],"predecessor-version":[{"id":18930,"href":"https:\/\/www.enerjigazetesi.ist\/en\/wp-json\/wp\/v2\/posts\/18929\/revisions\/18930"}],"wp:featuredmedia":[{"embeddable":true,"href":"https:\/\/www.enerjigazetesi.ist\/en\/wp-json\/wp\/v2\/media\/2903"}],"wp:attachment":[{"href":"https:\/\/www.enerjigazetesi.ist\/en\/wp-json\/wp\/v2\/media?parent=18929"}],"wp:term":[{"taxonomy":"category","embeddable":true,"href":"https:\/\/www.enerjigazetesi.ist\/en\/wp-json\/wp\/v2\/categories?post=18929"},{"taxonomy":"post_tag","embeddable":true,"href":"https:\/\/www.enerjigazetesi.ist\/en\/wp-json\/wp\/v2\/tags?post=18929"}],"curies":[{"name":"wp","href":"https:\/\/api.w.org\/{rel}","templated":true}]}}