{"id":189284,"date":"2024-06-13T17:55:22","date_gmt":"2024-06-13T14:55:22","guid":{"rendered":"https:\/\/www.enerjigazetesi.ist\/?p=189284"},"modified":"2024-06-13T17:56:43","modified_gmt":"2024-06-13T14:56:43","slug":"ht-solar-yeni-nesil-gunes-panellerini-intersolar-fuarinda-sergileyecek","status":"publish","type":"post","link":"https:\/\/www.enerjigazetesi.ist\/en\/ht-solar-yeni-nesil-gunes-panellerini-intersolar-fuarinda-sergileyecek\/","title":{"rendered":"(Turkish) &#8217;HT Solar&#8217; Yeni Nesil G\u00fcne\u015f Panellerini Intersolar Fuar\u0131\u2019nda Sergileyecek"},"content":{"rendered":"<p class=\"qtranxs-available-languages-message qtranxs-available-languages-message-en\">Sorry, this entry is only available in <a href=\"https:\/\/www.enerjigazetesi.ist\/tr\/wp-json\/wp\/v2\/posts\/189284\" class=\"qtranxs-available-language-link qtranxs-available-language-link-tr\" title=\"Turkish\">Turkish<\/a>. For the sake of viewer convenience, the content is shown below in the alternative language. You may click the link to switch the active language.<\/p><p><\/p>\n<h2><strong>T\u00fcrkiye\u2019nin \u00f6nde gelen g\u00fcne\u015f paneli \u00fcreticilerinden HT Solar, Almanya\u2019da d\u00fczenlenecek Avrupa\u2019n\u0131n en b\u00fcy\u00fck g\u00fcne\u015f enerjisi fuar\u0131 Intersolar Europe 2024\u2019te son teknolojiye sahip TOPCON, Agri PV ve esnek panellerini sergilemeye haz\u0131rlan\u0131yor.<\/strong><\/h2>\n<p style=\"text-align: center;\"><img loading=\"lazy\" class=\"aligncenter wp-image-189286\" src=\"https:\/\/www.enerjigazetesi.ist\/wp-content\/uploads\/2024\/06\/ht-solar-yeni-nesil-gunes-panellerini-intersolar-fuarinda-sergileyecek.jpg\" alt=\"\" width=\"500\" height=\"365\" srcset=\"https:\/\/www.enerjigazetesi.ist\/wp-content\/uploads\/2024\/06\/ht-solar-yeni-nesil-gunes-panellerini-intersolar-fuarinda-sergileyecek.jpg 550w, https:\/\/www.enerjigazetesi.ist\/wp-content\/uploads\/2024\/06\/ht-solar-yeni-nesil-gunes-panellerini-intersolar-fuarinda-sergileyecek-300x219.jpg 300w, https:\/\/www.enerjigazetesi.ist\/wp-content\/uploads\/2024\/06\/ht-solar-yeni-nesil-gunes-panellerini-intersolar-fuarinda-sergileyecek-500x365.jpg 500w, https:\/\/www.enerjigazetesi.ist\/wp-content\/uploads\/2024\/06\/ht-solar-yeni-nesil-gunes-panellerini-intersolar-fuarinda-sergileyecek-69x50.jpg 69w\" sizes=\"(max-width: 500px) 100vw, 500px\" \/><\/p>\n<p>D\u00fcnyan\u0131n d\u00f6rt bir yan\u0131ndan kat\u0131l\u0131mc\u0131lar\u0131 bir araya getiren g\u00fcne\u015f enerjisi sekt\u00f6r\u00fcn\u00fcn \u00f6nde gelen fuarlar\u0131ndan Intersolar Europe, 19-21 Haziran tarihleri aras\u0131nda, Almanya\u2019n\u0131n M\u00fcnih kentinde kap\u0131lar\u0131n\u0131 a\u00e7\u0131yor. Uzman kadrosu ve son teknolojiye sahip \u00fcr\u00fcnleriyle fuara kat\u0131lmaya haz\u0131rlanan HT Solar, fuarda yapaca\u011f\u0131 g\u00f6r\u00fc\u015fmelerle ihracat hacmini art\u0131rarak T\u00fcrkiye ekonomisi i\u00e7in daha fazla katma de\u011fer \u00fcretmeyi hedefliyor.<\/p>\n<p><strong>Y\u0131ll\u0131k 2 GW<\/strong>\u2019l\u0131k g<strong>\u00fcne\u015f paneli \u00fcretim kapasitesiyle<\/strong> ba\u015fta <strong>ABD ve Avrupa olmak \u00fczere<\/strong> bir\u00e7ok \u00fclkenin \u00f6nemli \u00e7\u00f6z\u00fcm orta\u011f\u0131 olan HT Solar, Avrupa\u2019n\u0131n en b\u00fcy\u00fck g\u00fcne\u015f enerjisi fuar\u0131 olarak g\u00f6sterilen Intersolar\u2019a yeni nesil <strong>TOPCON g\u00fcne\u015f paneli<\/strong>, Avrupa\u2019da ilk kez sergileyece\u011fi yeni \u00fcr\u00fcn\u00fc esnek panel ve agrivoltaik tar\u0131ma y\u00f6nelik geli\u015ftirdi\u011fi yeni paneli Agri PV ile kat\u0131l\u0131yor.<\/p>\n<p><strong>HT Solar Enerji Sat\u0131\u015f ve Pazarlama Direkt\u00f6r\u00fc Emre Kula\u00e7<\/strong>, Intersolar fuar\u0131na kat\u0131l\u0131mlar\u0131 ile ilgili yapt\u0131\u011f\u0131 a\u00e7\u0131klamada, ABD ba\u015fta olmak \u00fczere d\u00fcnyan\u0131n bir\u00e7ok b\u00f6lgesine T\u00fcrkiye\u2019de \u00fcretilmi\u015f g\u00fcne\u015f<em><img loading=\"lazy\" class=\"alignright wp-image-189287\" src=\"https:\/\/www.enerjigazetesi.ist\/wp-content\/uploads\/2024\/06\/ht-solar-yeni-nesil-gunes-panellerini-intersolar-fuarinda-sergileyecek-1.jpg\" alt=\"\" width=\"320\" height=\"327\" srcset=\"https:\/\/www.enerjigazetesi.ist\/wp-content\/uploads\/2024\/06\/ht-solar-yeni-nesil-gunes-panellerini-intersolar-fuarinda-sergileyecek-1.jpg 470w, https:\/\/www.enerjigazetesi.ist\/wp-content\/uploads\/2024\/06\/ht-solar-yeni-nesil-gunes-panellerini-intersolar-fuarinda-sergileyecek-1-294x300.jpg 294w, https:\/\/www.enerjigazetesi.ist\/wp-content\/uploads\/2024\/06\/ht-solar-yeni-nesil-gunes-panellerini-intersolar-fuarinda-sergileyecek-1-392x400.jpg 392w, https:\/\/www.enerjigazetesi.ist\/wp-content\/uploads\/2024\/06\/ht-solar-yeni-nesil-gunes-panellerini-intersolar-fuarinda-sergileyecek-1-49x50.jpg 49w\" sizes=\"(max-width: 320px) 100vw, 320px\" \/><\/em> panellerini ihra\u00e7 ettiklerinin alt\u0131n\u0131 \u00e7izerek \u015funlar\u0131 s\u00f6yledi:<\/p>\n<p><em>\u201cHer ge\u00e7en g\u00fcn k\u00fcresel iklim krizinin daha da artt\u0131\u011f\u0131 d\u00fcnyam\u0131z\u0131n gelece\u011fi bizim ellerimizde\u00a0bulunuyor. \u00c7ocuklar\u0131m\u0131za temiz bir gelecek b\u0131rakmak i\u00e7in t\u00fcm d\u00fcnyan\u0131n yenilenebilir enerjiye y\u00f6nelmesi art\u0131k bir zorunluluk haline geldi. \u00a0S\u00fcrd\u00fcr\u00fclebilir bir gelece\u011fe katk\u0131 sunmak i\u00e7in 2016 y\u0131l\u0131nda \u00e7\u0131kt\u0131\u011f\u0131m\u0131z bu yolda temiz ve sonsuz bir kaynak olan g\u00fcne\u015f enerjisini en verimli \u015fekilde kullan\u0131c\u0131lar\u0131m\u0131za sunuyoruz. <strong>T\u00fcrkiye\u2019de<\/strong> <strong>2 GW\u2019l\u0131k kurulu g\u00fcc\u00fcm\u00fcz, ABD\u2019ye ise y\u0131ll\u0131k 1 GW\u2019l\u0131k ihracat\u0131m\u0131zla<\/strong> sekt\u00f6rde \u00f6nc\u00fc konumumuzu s\u00fcrd\u00fcr\u00fcrken Intersolar fuar\u0131 ile Avrupa\u2019daki i\u015f birliklerimizi de art\u0131rmay\u0131 hedefliyoruz. 2015\u2019ten bu yana Bloomberg New Energy Finance taraf\u0131ndan g\u00fcne\u015f paneli \u00fcreticileri i\u00e7in haz\u0131rlanan <strong>prestijli TIER-1 listesinde<\/strong> <strong>yer alan bir firma<\/strong> olarak Avrupal\u0131 \u00fclkelerin ihtiya\u00e7lar\u0131n\u0131 en g\u00fcvenilir \u015fekilde kar\u015f\u0131layaca\u011f\u0131m\u0131za inan\u0131yoruz. Bu fuardan elde edece\u011fimiz verimli sonu\u00e7lar ile hem d\u00fcnyam\u0131z\u0131n gelece\u011fine hem de T\u00fcrkiye\u2019mizin ekonomisine can kataca\u011f\u0131z.\u201d<\/em><\/p>\n<h3><strong>HT Solar G\u00fcvencesiyle \u00d6zel \u00c7\u00f6z\u00fcmler\u00a0<\/strong><\/h3>\n<p>HT Solar\u2019\u0131n Intersolar fuar\u0131nda sergileyece\u011fi TOPCON teknolojisine sahip g\u00fcne\u015f panelleri, kullan\u0131c\u0131lara y\u00fcksek performansl\u0131 ve daha verimli enerji \u00fcretimi f\u0131rsat\u0131 sunuyor. <strong>TOPCON paneller \u00fcst d\u00fczey anti-PID \u00f6zelli\u011fi, \u00e7ift y\u00f6nl\u00fc enerji \u00fcretim performans\u0131<\/strong>, <strong>m\u00fckemmel d\u00fc\u015f\u00fck \u0131\u015f\u0131k performans\u0131<\/strong> ve<strong> daha d\u00fc\u015f\u00fck g\u00fc\u00e7 kayb\u0131 ile<\/strong> g\u00fcn\u00fcm\u00fcz\u00fcn en ileri <strong>g\u00fcne\u015f paneli teknolojisi<\/strong> konumunda bulunuyor. \u00d6te yandan HT Solar, <strong>PERC panellere k\u0131yasla TOPCON g\u00fcne\u015f panellerinden %2 daha fazla enerji \u00fcretmeyi<\/strong> ba\u015fararak fark\u0131n\u0131 ortaya koydu.<\/p>\n<p><strong>Partner firmas\u0131 Fellow Enerji<\/strong> ile esnek panellerin T\u00fcrkiye\u2019de seri \u00fcretimini ba\u015flatan ilk firma unvan\u0131n\u0131 kazanan HT Solar, bu \u00fcr\u00fcn\u00fc de T\u00fcrkiye\u2019de ve t\u00fcm d\u00fcnyada sat\u0131\u015fa sunarak g\u00fcne\u015f panellerinin kullan\u0131m alanlar\u0131n\u0131 geni\u015fletiyor. Di\u011fer panellere g\u00f6re \u00e7ok daha hafif ve kurulumu kolay olan esnek paneller; ba\u015fta statik a\u00e7\u0131dan yetersiz \u00e7at\u0131lar ve membran \u00e7at\u0131lar olmak \u00fczere bungalov, karavan, tekne, yat, otob\u00fcs ve araba gibi platformlara y\u00f6nelik geli\u015ftirildi. Estetik g\u00f6r\u00fcnt\u00fcs\u00fc ile bir\u00e7ok platforma uyum sa\u011flayan esnek paneller, Intersolar ile ilk kez Avrupa\u2019da sergileniyor.<\/p>\n<p>HT Solar\u2019\u0131n en yeni \u00fcr\u00fcn\u00fc olan <strong>agrivoltaik tar\u0131ma y\u00f6nelik geli\u015ftirdi\u011fi Agri PV panel<\/strong> ise tar\u0131mdaki maliyetleri azalt\u0131rken \u00fcst\u00fcn bir verimlilik sunuyor. Y\u00fcksek \u0131\u015f\u0131k ge\u00e7irgenli\u011fi sayesinde <strong>verimli tar\u0131msal \u00fcretim<\/strong> ve <strong>enerji \u00fcretiminin ayn\u0131 anda m\u00fcmk\u00fcn k\u0131lan bu panel<\/strong>, s\u00fcrd\u00fcr\u00fclebilirli\u011fi en \u00fcst d\u00fczeye ta\u015f\u0131yor.<\/p>","protected":false},"excerpt":{"rendered":"<p>Sorry, this entry is only available in Turkish. For the sake of viewer convenience, the content is shown below in the alternative language. You may click the link to switch the active language. T\u00fcrkiye\u2019nin \u00f6nde gelen g\u00fcne\u015f paneli \u00fcreticilerinden HT Solar, Almanya\u2019da d\u00fczenlenecek Avrupa\u2019n\u0131n en b\u00fcy\u00fck g\u00fcne\u015f enerjisi fuar\u0131 Intersolar Europe 2024\u2019te son teknolojiye sahip [&hellip;]<\/p>\n","protected":false},"author":1,"featured_media":189286,"comment_status":"open","ping_status":"open","sticky":false,"template":"","format":"standard","meta":[],"categories":[53,49],"tags":[114249,114247,2206,142,43228,61366,114246,114248],"views":43,"_links":{"self":[{"href":"https:\/\/www.enerjigazetesi.ist\/en\/wp-json\/wp\/v2\/posts\/189284"}],"collection":[{"href":"https:\/\/www.enerjigazetesi.ist\/en\/wp-json\/wp\/v2\/posts"}],"about":[{"href":"https:\/\/www.enerjigazetesi.ist\/en\/wp-json\/wp\/v2\/types\/post"}],"author":[{"embeddable":true,"href":"https:\/\/www.enerjigazetesi.ist\/en\/wp-json\/wp\/v2\/users\/1"}],"replies":[{"embeddable":true,"href":"https:\/\/www.enerjigazetesi.ist\/en\/wp-json\/wp\/v2\/comments?post=189284"}],"version-history":[{"count":0,"href":"https:\/\/www.enerjigazetesi.ist\/en\/wp-json\/wp\/v2\/posts\/189284\/revisions"}],"wp:featuredmedia":[{"embeddable":true,"href":"https:\/\/www.enerjigazetesi.ist\/en\/wp-json\/wp\/v2\/media\/189286"}],"wp:attachment":[{"href":"https:\/\/www.enerjigazetesi.ist\/en\/wp-json\/wp\/v2\/media?parent=189284"}],"wp:term":[{"taxonomy":"category","embeddable":true,"href":"https:\/\/www.enerjigazetesi.ist\/en\/wp-json\/wp\/v2\/categories?post=189284"},{"taxonomy":"post_tag","embeddable":true,"href":"https:\/\/www.enerjigazetesi.ist\/en\/wp-json\/wp\/v2\/tags?post=189284"}],"curies":[{"name":"wp","href":"https:\/\/api.w.org\/{rel}","templated":true}]}}