{"id":189249,"date":"2024-06-12T20:11:48","date_gmt":"2024-06-12T17:11:48","guid":{"rendered":"https:\/\/www.enerjigazetesi.ist\/?p=189249"},"modified":"2024-06-12T20:11:48","modified_gmt":"2024-06-12T17:11:48","slug":"onceligimiz-dusuk-maliyetli-guvenilir-ve-cevre-dostu-enerji","status":"publish","type":"post","link":"https:\/\/www.enerjigazetesi.ist\/en\/onceligimiz-dusuk-maliyetli-guvenilir-ve-cevre-dostu-enerji\/","title":{"rendered":"(Turkish) \u00d6nceli\u011fimiz D\u00fc\u015f\u00fck Maliyetli, G\u00fcvenilir ve \u00c7evre Dostu Enerji"},"content":{"rendered":"<p class=\"qtranxs-available-languages-message qtranxs-available-languages-message-en\">Sorry, this entry is only available in <a href=\"https:\/\/www.enerjigazetesi.ist\/tr\/wp-json\/wp\/v2\/posts\/189249\" class=\"qtranxs-available-language-link qtranxs-available-language-link-tr\" title=\"Turkish\">Turkish<\/a>. For the sake of viewer convenience, the content is shown below in the alternative language. You may click the link to switch the active language.<\/p><p><\/p>\n<h2>Enerji ve Tabii Kaynaklar Bakan\u0131 Alparslan Bayraktar, T\u00fcrk ekonomisinin b\u00fcy\u00fcmesine ve sanayinin ihtiya\u00e7lar\u0131na ba\u011fl\u0131 olarak enerji talebinin artt\u0131\u011f\u0131n\u0131 belirterek ilk \u00f6nceliklerinin vatanda\u015flara d\u00fc\u015f\u00fck maliyetli, g\u00fcvenilir ve \u00e7evre dostu enerji sa\u011flamak oldu\u011funu s\u00f6yledi.<\/h2>\n<p style=\"text-align: center;\"><img loading=\"lazy\" class=\"aligncenter wp-image-189251\" src=\"https:\/\/www.enerjigazetesi.ist\/wp-content\/uploads\/2024\/06\/onceligimiz-dusuk-maliyetli-guvenilir-ve-cevre-dostu-enerji.jpg\" alt=\"\" width=\"500\" height=\"329\" srcset=\"https:\/\/www.enerjigazetesi.ist\/wp-content\/uploads\/2024\/06\/onceligimiz-dusuk-maliyetli-guvenilir-ve-cevre-dostu-enerji.jpg 550w, https:\/\/www.enerjigazetesi.ist\/wp-content\/uploads\/2024\/06\/onceligimiz-dusuk-maliyetli-guvenilir-ve-cevre-dostu-enerji-300x197.jpg 300w, https:\/\/www.enerjigazetesi.ist\/wp-content\/uploads\/2024\/06\/onceligimiz-dusuk-maliyetli-guvenilir-ve-cevre-dostu-enerji-500x329.jpg 500w, https:\/\/www.enerjigazetesi.ist\/wp-content\/uploads\/2024\/06\/onceligimiz-dusuk-maliyetli-guvenilir-ve-cevre-dostu-enerji-76x50.jpg 76w\" sizes=\"(max-width: 500px) 100vw, 500px\" \/><\/p>\n<p>Bakan Bayraktar, <strong>St. Petersburg Uluslararas\u0131 Ekonomi Forumu<\/strong> kapsam\u0131nda d\u00fczenlenen <strong>\u201cGelece\u011fin teknolojik ekosistemi: \u0130nsanl\u0131k ve gezegenin faydas\u0131 i\u00e7in\u201d<\/strong> ba\u015fl\u0131kl\u0131 oturumda bir konu\u015fma yapt\u0131.<\/p>\n<h3><strong>Elektrik \u0130htiyac\u0131 Art\u0131yor<\/strong><\/h3>\n<p>T\u00fcrkiye\u2019de vatanda\u015flar\u0131n d\u00fc\u015f\u00fck maliyet ile g\u00fcvenilir enerjiye ula\u015fmas\u0131n\u0131n ilk \u00f6ncelik oldu\u011funu belirten Bayraktar, bunu ayn\u0131 zamanda \u00e7evreye duyarl\u0131 bir \u015fekilde ger\u00e7ekle\u015ftirmeyi istediklerini s\u00f6yledi. Bayraktar, ula\u015f\u0131mdan binalara end\u00fcstriden dijital teknolojilere kadar her alan\u0131n elektrikle\u015fti\u011fini kaydederek <em>\u201cHer y\u0131l elektri\u011fe olan ihtiyac\u0131m\u0131z art\u0131yor. Ekonomimizin b\u00fcy\u00fcmesine, sanayimizin ihtiya\u00e7lar\u0131na ba\u011fl\u0131 olarak talep taraf\u0131nda her y\u0131l yakla\u015f\u0131k <strong>y\u00fczde 4-5<\/strong>\u2019lik bir art\u0131\u015f var.\u201d<\/em> dedi.<\/p>\n<h3><strong>Yenilenebilir Potansiyeli<\/strong><\/h3>\n<p>Bu talebin kar\u015f\u0131lamas\u0131 noktas\u0131nda T\u00fcrkiye\u2019nin muazzam bir yenilenebilir enerji potansiyeline sahip oldu\u011funu anlatan Bayraktar, <em>\u201cBiz de g\u00fcne\u015f, r\u00fczgar, jeotermal ve biyok\u00fctle gibi b\u00fct\u00fcn yenilenebilir kaynaklar\u0131m\u0131zdan faydalanmak istiyoruz.\u201d dedi. Bayraktar, yenilenebilir enerji kapasitesini 12 y\u0131lda 60 gigavata ula\u015ft\u0131rmay\u0131 hedeflediklerini vurgulayarak \u201cBug\u00fcn T\u00fcrkiye, yenilenebilir enerji kurulu g\u00fcc\u00fcnde d\u00fcnyada 11&#8217;inci s\u0131rada.\u201d<\/em> diye konu\u015ftu.<\/p>\n<h3><strong>Enerji Verimlili\u011fi\u00a0<\/strong><\/h3>\n<p>2024-2030 II. Ulusal Enerji Verimlili\u011fi Eylem Plan\u0131 ile enerjiyi daha ak\u0131ll\u0131c\u0131 ve daha verimli kullanmay\u0131 hedeflediklerini kaydeden Bayraktar, <em>\u201cBu alanda yakla\u015f\u0131k 20 milyar dolar yat\u0131r\u0131m yapmay\u0131 d\u00fc\u015f\u00fcn\u00fcyoruz. B\u00f6ylelikle 100 milyon tondan fazla karbon sal\u0131n\u0131m\u0131n\u0131n \u00f6n\u00fcne ge\u00e7ece\u011fiz.\u201d<\/em> dedi.<\/p>\n<h3><strong>N\u00fckleerde 2050 hedefi<\/strong><\/h3>\n<p>Bayraktar, T\u00fcrkiye\u2019nin n\u00fckleer enerji kapasitesini artt\u0131rmas\u0131 gerekti\u011fine dikkat \u00e7ekerek Rusya Devlet N\u00fckleer Enerji Kurulu\u015fu Rosatom&#8217;la Akkuyu\u2019da iyi bir i\u015f birli\u011fi y\u00fcr\u00fctt\u00fcklerini belirtti. Akkuyu N\u00fckleer G\u00fc\u00e7 Santrali\u2019nin yan\u0131 s\u0131ra ilave reakt\u00f6rlere de ihtiya\u00e7 duyacaklar\u0131n\u0131 ifade eden Bayraktar,<em> \u201c2050 y\u0131l\u0131na kadar 20 gigavatl\u0131k n\u00fckleer kapasiteye ula\u015fma hedefimiz var. Sinop\u2019ta ve Trakya\u2019da ek reakt\u00f6rlere ihtiyac\u0131m\u0131z var. \u00d6n\u00fcm\u00fczdeki 20 y\u0131lda T\u00fcrkiye\u2019nin enerji miksinin i\u00e7inde en az 5 gigavatl\u0131k SMR\u2019lar da yer alacak\u201d<\/em> diye konu\u015ftu.<\/p>\n<h3><strong>Kritik Minareller<\/strong><\/h3>\n<p>Bakan Bayraktar, kritik minarelerin de gelece\u011fin yeni teknolojik ekosistemi i\u00e7in \u00e7ok \u00f6nemli oldu\u011funun alt\u0131n\u0131 \u00e7izerek <em>\u201cYenilenebilir, elektrikli ara\u00e7lar, depolama ve di\u011ferleri t\u00fcm bunlar i\u00e7in kritik minerallere ihtiyac\u0131m\u0131z var. Bence \u00f6n\u00fcm\u00fczdeki y\u0131llarda en \u00e7ok kar\u015f\u0131la\u015faca\u011f\u0131m\u0131z zorluk bu kritik mineralleri nereden elde edece\u011fimiz olacak.\u201d<\/em> dedi.<\/p>\n<p>Bakan Bayraktar, forum kapsam\u0131nda Gazprom Ba\u015fkan\u0131 Aleksey Miller, Rusya Do\u011fal Kaynaklar Bakan\u0131 Alexander Kozlov ve Rosatom Genel M\u00fcd\u00fcr\u00fc Aleksey Likhachev ile de bir araya geldi.<\/p>\n<p>Kaynak: <a href=\"https:\/\/enerji.gov.tr\/haber-detay?id=21314\" target=\"_blank\" rel=\"noopener\">ETKB<\/a><\/p>","protected":false},"excerpt":{"rendered":"<p>Sorry, this entry is only available in Turkish. For the sake of viewer convenience, the content is shown below in the alternative language. You may click the link to switch the active language. Enerji ve Tabii Kaynaklar Bakan\u0131 Alparslan Bayraktar, T\u00fcrk ekonomisinin b\u00fcy\u00fcmesine ve sanayinin ihtiya\u00e7lar\u0131na ba\u011fl\u0131 olarak enerji talebinin artt\u0131\u011f\u0131n\u0131 belirterek ilk \u00f6nceliklerinin vatanda\u015flara [&hellip;]<\/p>\n","protected":false},"author":1,"featured_media":189251,"comment_status":"open","ping_status":"open","sticky":false,"template":"","format":"standard","meta":[],"categories":[51,53],"tags":[1678,608,114235,12,227,58,110075,21,69,105],"views":34,"_links":{"self":[{"href":"https:\/\/www.enerjigazetesi.ist\/en\/wp-json\/wp\/v2\/posts\/189249"}],"collection":[{"href":"https:\/\/www.enerjigazetesi.ist\/en\/wp-json\/wp\/v2\/posts"}],"about":[{"href":"https:\/\/www.enerjigazetesi.ist\/en\/wp-json\/wp\/v2\/types\/post"}],"author":[{"embeddable":true,"href":"https:\/\/www.enerjigazetesi.ist\/en\/wp-json\/wp\/v2\/users\/1"}],"replies":[{"embeddable":true,"href":"https:\/\/www.enerjigazetesi.ist\/en\/wp-json\/wp\/v2\/comments?post=189249"}],"version-history":[{"count":0,"href":"https:\/\/www.enerjigazetesi.ist\/en\/wp-json\/wp\/v2\/posts\/189249\/revisions"}],"wp:featuredmedia":[{"embeddable":true,"href":"https:\/\/www.enerjigazetesi.ist\/en\/wp-json\/wp\/v2\/media\/189251"}],"wp:attachment":[{"href":"https:\/\/www.enerjigazetesi.ist\/en\/wp-json\/wp\/v2\/media?parent=189249"}],"wp:term":[{"taxonomy":"category","embeddable":true,"href":"https:\/\/www.enerjigazetesi.ist\/en\/wp-json\/wp\/v2\/categories?post=189249"},{"taxonomy":"post_tag","embeddable":true,"href":"https:\/\/www.enerjigazetesi.ist\/en\/wp-json\/wp\/v2\/tags?post=189249"}],"curies":[{"name":"wp","href":"https:\/\/api.w.org\/{rel}","templated":true}]}}