{"id":189220,"date":"2024-06-12T17:08:47","date_gmt":"2024-06-12T14:08:47","guid":{"rendered":"https:\/\/www.enerjigazetesi.ist\/?p=189220"},"modified":"2024-06-12T17:08:47","modified_gmt":"2024-06-12T14:08:47","slug":"izoder-turkiye-de-yalitim-bilincini-ust-seviyeye-cikarmayi-hedefliyor","status":"publish","type":"post","link":"https:\/\/www.enerjigazetesi.ist\/en\/izoder-turkiye-de-yalitim-bilincini-ust-seviyeye-cikarmayi-hedefliyor\/","title":{"rendered":"(Turkish) &#8217;\u0130ZODER&#8217; T\u00fcrkiye\u2019de Yal\u0131t\u0131m Bilincini \u00dcst Seviyeye \u00c7\u0131karmay\u0131 Hedefliyor"},"content":{"rendered":"<p class=\"qtranxs-available-languages-message qtranxs-available-languages-message-en\">Sorry, this entry is only available in <a href=\"https:\/\/www.enerjigazetesi.ist\/tr\/wp-json\/wp\/v2\/posts\/189220\" class=\"qtranxs-available-language-link qtranxs-available-language-link-tr\" title=\"Turkish\">Turkish<\/a>. For the sake of viewer convenience, the content is shown below in the alternative language. You may click the link to switch the active language.<\/p><p><\/p>\n<h2><strong>Yal\u0131t\u0131m sekt\u00f6r\u00fcn\u00fcn \u00e7at\u0131 kurulu\u015fu \u0130ZODER, 31. y\u0131l\u0131n\u0131 kutluyor. Yal\u0131t\u0131m bilincini T\u00fcrkiye \u00e7ap\u0131nda yayg\u0131nla\u015ft\u0131rmak amac\u0131yla 1993 y\u0131l\u0131nda kurulan \u0130ZODER Is\u0131 Su Ses ve Yang\u0131n Yal\u0131t\u0131mc\u0131lar\u0131 Derne\u011fi, hedeflerine y\u00f6nelik projelerine ara vermeden devam ediyor. Bir yandan \u0131s\u0131, su, ses ve yang\u0131n yal\u0131t\u0131m malzemeleri \u00fcreticilerini, sat\u0131c\u0131lar\u0131n\u0131 ve uygulay\u0131c\u0131lar\u0131n\u0131 bir \u00e7at\u0131 alt\u0131nda toplayarak sekt\u00f6r\u00fcn geli\u015fimine katk\u0131 sa\u011flayan Dernek, di\u011fer yandan kamuoyunda yal\u0131t\u0131m bilincini en \u00fcst seviyeye \u00e7\u0131karmak i\u00e7in var g\u00fcc\u00fcyle \u00e7al\u0131\u015f\u0131yor. <\/strong><\/h2>\n<p>Dernek olarak toplumsal fayday\u0131 her \u015feyin \u00f6n\u00fcnde g\u00f6rd\u00fcklerini belirten<strong> \u0130ZODER Is\u0131 Su Ses ve Yang\u0131n Yal\u0131t\u0131mc\u0131lar\u0131 Derne\u011fi Y\u00f6netim Kurulu Ba\u015fkan\u0131 Emrullah Eruslu<\/strong>, \u015funlar\u0131 s\u00f6yledi: <em>\u201c\u0130ZODER olarak tam 31 y\u0131ld\u0131r sekt\u00f6r\u00fcm\u00fcz\u00fc daha ileriye ta\u015f\u0131yabilmek i\u00e7in yo\u011fun bir gayret <img loading=\"lazy\" class=\"alignright wp-image-189222\" src=\"https:\/\/www.enerjigazetesi.ist\/wp-content\/uploads\/2024\/06\/izoder-turkiye-de-yalitim-bilincini-ust-seviyeye-cikarmayi-hedefliyor.jpg\" alt=\"\" width=\"320\" height=\"275\" srcset=\"https:\/\/www.enerjigazetesi.ist\/wp-content\/uploads\/2024\/06\/izoder-turkiye-de-yalitim-bilincini-ust-seviyeye-cikarmayi-hedefliyor.jpg 550w, https:\/\/www.enerjigazetesi.ist\/wp-content\/uploads\/2024\/06\/izoder-turkiye-de-yalitim-bilincini-ust-seviyeye-cikarmayi-hedefliyor-300x258.jpg 300w, https:\/\/www.enerjigazetesi.ist\/wp-content\/uploads\/2024\/06\/izoder-turkiye-de-yalitim-bilincini-ust-seviyeye-cikarmayi-hedefliyor-465x400.jpg 465w, https:\/\/www.enerjigazetesi.ist\/wp-content\/uploads\/2024\/06\/izoder-turkiye-de-yalitim-bilincini-ust-seviyeye-cikarmayi-hedefliyor-58x50.jpg 58w, https:\/\/www.enerjigazetesi.ist\/wp-content\/uploads\/2024\/06\/izoder-turkiye-de-yalitim-bilincini-ust-seviyeye-cikarmayi-hedefliyor-500x430.jpg 500w\" sizes=\"(max-width: 320px) 100vw, 320px\" \/>i\u00e7erisindeyiz. Sekt\u00f6r\u00fcm\u00fcz\u00fc geli\u015fmi\u015f \u00fclkeler d\u00fczeyine ta\u015f\u0131rken d\u00fcnyam\u0131z\u0131n ya\u015fanabilirli\u011fine de katk\u0131 sa\u011flamay\u0131 hedefliyoruz. Is\u0131, su, ses ve yang\u0131n yal\u0131t\u0131m\u0131 sayesinde do\u011fal kaynaklar\u0131 verimli kullanarak daha az enerji t\u00fcketen, g\u00fcvenli, konforlu, sa\u011fl\u0131kl\u0131, \u00e7evreye sayg\u0131l\u0131 yap\u0131la\u015fmaya \u00f6nc\u00fcl\u00fck ediyoruz. Standartlara uygun, do\u011fru malzemelerle ve yetkin ustalar\u0131n yapt\u0131\u011f\u0131 yal\u0131t\u0131m\u0131n karbon sal\u0131m\u0131n\u0131 ve enerji faturalar\u0131n\u0131 d\u00fc\u015f\u00fcrece\u011fini, binalar\u0131m\u0131z\u0131 depreme kar\u015f\u0131 dayan\u0131kl\u0131, yang\u0131na kar\u015f\u0131 g\u00fcvenli yapaca\u011f\u0131n\u0131 ve g\u00fcr\u00fclt\u00fcn\u00fcn olumsuz etkilerini ortadan kald\u0131raca\u011f\u0131n\u0131 unutmamak gerekiyor. \u0130ZODER olarak kuruldu\u011fumuz g\u00fcnden beri oldu\u011fu gibi bundan sonra da hedeflerimize ula\u015fmak i\u00e7in canla ba\u015fla \u00e7al\u0131\u015fmaya devam edece\u011fiz.\u201d<\/em><\/p>\n<p>\u0130ZODER\u2019in ger\u00e7ekle\u015ftirdi\u011fi \u00e7al\u0131\u015fmalar\u0131; kamuoyu ayd\u0131nlatma yol haritalar\u0131, bilin\u00e7lendirme faaliyetleri, sosyal sorumluluk projeleri, e\u011fitim gibi farkl\u0131 ba\u015fl\u0131klar alt\u0131nda y\u00fcr\u00fctt\u00fcklerini s\u00f6yleyen <strong>\u0130ZODER Ba\u015fkan\u0131 Emrullah Eruslu<\/strong>, <em>\u201cKollektif bir ruhla hayata ge\u00e7irdi\u011fimiz \u00e7al\u0131\u015fmalar\u0131m\u0131z\u0131 \u00fcye firmalar\u0131m\u0131z, sekt\u00f6r payda\u015flar\u0131m\u0131z, \u00fcniversiteler ve kamu ile ger\u00e7ekle\u015ftirdi\u011fimiz i\u015f birlikleri vas\u0131tas\u0131yla yap\u0131yoruz. Daha \u00f6nceki y\u0131llarda oldu\u011fu gibi t\u00fcm sekt\u00f6r payda\u015flar\u0131m\u0131zla dirsek temas\u0131m\u0131z\u0131 s\u00fcrd\u00fcrerek toplumsal fayday\u0131 \u00f6ne \u00e7\u0131karacak projeler ortaya koymaya \u00f6n\u00fcm\u00fczdeki y\u0131llarda da devam edece\u011fiz. Derne\u011fimizin kurulu\u015funun 50\u2019nci y\u0131l\u0131na kadar; nitelikli yal\u0131t\u0131m malzemelerinin amac\u0131na uygun ve do\u011fru uygulanmas\u0131n\u0131 sa\u011flayarak sekt\u00f6r\u00fcm\u00fcz\u00fc geli\u015fmi\u015f \u00fclkeler d\u00fczeyine \u00e7\u0131karma hedefimizdeki kararl\u0131l\u0131\u011f\u0131m\u0131z\u0131 s\u00fcrd\u00fcrece\u011fiz. 31. y\u0131l\u0131m\u0131z vesilesiyle \u00e7al\u0131\u015fmalar\u0131m\u0131zda hep desteklerini hissetti\u011fimiz \u00fcyelerimize ve t\u00fcm sekt\u00f6r payda\u015flar\u0131m\u0131za bir kez daha te\u015fekk\u00fcr etmek istiyorum\u201d<\/em> dedi.<\/p>\n<p>\u0130ZODER\u2019in uzun y\u0131llard\u0131r ilgili kurumlarla \u00fczerinde \u00e7al\u0131\u015ft\u0131\u011f\u0131 <strong>\u201cYal\u0131t\u0131m Kredisi\u201d<\/strong> konusunda <strong>6 Haziran 2022\u2019de<\/strong> \u00f6nemli bir ad\u0131m at\u0131ld\u0131\u011f\u0131na dikkat \u00e7eken <strong>Emrullah Eruslu<\/strong>, a\u00e7\u0131klamalar\u0131n\u0131 \u015fu s\u00f6zlerle sonland\u0131rd\u0131: <em>\u201cEnerji ve Tabii Kaynaklar Bakanl\u0131\u011f\u0131, \u00c7evre ve \u015eehircilik Bakanl\u0131\u011f\u0131 ile Hazine Maliye Bakanl\u0131\u011f\u0131 \u00f6nc\u00fcl\u00fc\u011f\u00fcnde, \u0130ZODER\u2019in deste\u011fi ile hayata ge\u00e7en Yal\u0131t\u0131m Kredisi;\u00a0 Ziraat Bankas\u0131, Vak\u0131fbank, Halkbank ve Ziraat Kat\u0131l\u0131m bankalar\u0131 taraf\u0131ndan verilmeye ba\u015fland\u0131. \u0130lgili Bakanl\u0131klardan sa\u011flanacak b\u00fct\u00e7eler ile \u00f6n\u00fcm\u00fczdeki d\u00f6nemde de Yal\u0131t\u0131m Kredisi\u2019nin \u015fartlar\u0131n\u0131n daha da iyile\u015ftirilerek s\u00fcrd\u00fcr\u00fclmesini bekliyoruz. Ayr\u0131ca alt\u0131n\u0131 \u00e7izmemiz gereken \u00f6nemli bir konu ise enerji israf\u0131m\u0131z\u0131n geli\u015fmi\u015f \u00fclkeler ile mukayese edildi\u011finde 3 ila 5 kat daha fazla olmas\u0131. Bizim de<strong> enerji limitlerimizi<\/strong> ve <strong>U de\u011ferlerimizi<\/strong> bir an \u00f6nce geli\u015fmi\u015f \u00fclkeler seviyesine getirmemiz gerekiyor. \u0130ZODER olarak Binalarda Is\u0131 Yal\u0131t\u0131m\u0131 Kurallar\u0131 Standard\u0131 <strong>TS 825<\/strong> revizyonunun bu noktada b\u00fcy\u00fck \u00f6nem ta\u015f\u0131d\u0131\u011f\u0131na inan\u0131yoruz. Yine sekt\u00f6r\u00fcm\u00fcz a\u00e7\u0131s\u0131ndan \u00f6nemli ba\u015fl\u0131klardan olan ve <strong>1 Haziran 2018<\/strong>\u2019de \u0130ZODER\u2019in katk\u0131 ve destekleri ile haz\u0131rlanan <strong>Binalarda Su Yal\u0131t\u0131m\u0131 Y\u00f6netmeli\u011fi<\/strong> ile <strong>Binalar\u0131n G\u00fcr\u00fclt\u00fcden Korunmas\u0131 Hakk\u0131nda Y\u00f6netmeli\u011fin<\/strong> uygulamalar\u0131n\u0131n artmas\u0131 i\u00e7in \u00e7al\u0131\u015faca\u011f\u0131z. Benzer \u015fekilde Binalar\u0131n Yang\u0131ndan Korunmas\u0131 Hakk\u0131nda Y\u00f6netmelik kapsam\u0131nda <strong>yang\u0131n yal\u0131t\u0131m\u0131<\/strong> ile ilgili bilin\u00e7 artt\u0131r\u0131c\u0131 faaliyetlerimizi s\u00fcrd\u00fcrece\u011fiz. Ayr\u0131ca Ye\u015fil Mutabakat ve s\u00fcrd\u00fcr\u00fclebilir \u00fcretim i\u00e7in tesisat yal\u0131t\u0131m\u0131n\u0131n \u00f6nemini de her f\u0131rsatta aktarmaya devam edece\u011fiz.\u201d<\/em><\/p>","protected":false},"excerpt":{"rendered":"<p>Sorry, this entry is only available in Turkish. For the sake of viewer convenience, the content is shown below in the alternative language. You may click the link to switch the active language. Yal\u0131t\u0131m sekt\u00f6r\u00fcn\u00fcn \u00e7at\u0131 kurulu\u015fu \u0130ZODER, 31. y\u0131l\u0131n\u0131 kutluyor. Yal\u0131t\u0131m bilincini T\u00fcrkiye \u00e7ap\u0131nda yayg\u0131nla\u015ft\u0131rmak amac\u0131yla 1993 y\u0131l\u0131nda kurulan \u0130ZODER Is\u0131 Su Ses ve [&hellip;]<\/p>\n","protected":false},"author":1,"featured_media":189223,"comment_status":"open","ping_status":"open","sticky":false,"template":"","format":"standard","meta":[],"categories":[53,52],"tags":[111812,25455,675,5118,33915,18549,103828,13421,9134,57190],"views":57,"_links":{"self":[{"href":"https:\/\/www.enerjigazetesi.ist\/en\/wp-json\/wp\/v2\/posts\/189220"}],"collection":[{"href":"https:\/\/www.enerjigazetesi.ist\/en\/wp-json\/wp\/v2\/posts"}],"about":[{"href":"https:\/\/www.enerjigazetesi.ist\/en\/wp-json\/wp\/v2\/types\/post"}],"author":[{"embeddable":true,"href":"https:\/\/www.enerjigazetesi.ist\/en\/wp-json\/wp\/v2\/users\/1"}],"replies":[{"embeddable":true,"href":"https:\/\/www.enerjigazetesi.ist\/en\/wp-json\/wp\/v2\/comments?post=189220"}],"version-history":[{"count":0,"href":"https:\/\/www.enerjigazetesi.ist\/en\/wp-json\/wp\/v2\/posts\/189220\/revisions"}],"wp:featuredmedia":[{"embeddable":true,"href":"https:\/\/www.enerjigazetesi.ist\/en\/wp-json\/wp\/v2\/media\/189223"}],"wp:attachment":[{"href":"https:\/\/www.enerjigazetesi.ist\/en\/wp-json\/wp\/v2\/media?parent=189220"}],"wp:term":[{"taxonomy":"category","embeddable":true,"href":"https:\/\/www.enerjigazetesi.ist\/en\/wp-json\/wp\/v2\/categories?post=189220"},{"taxonomy":"post_tag","embeddable":true,"href":"https:\/\/www.enerjigazetesi.ist\/en\/wp-json\/wp\/v2\/tags?post=189220"}],"curies":[{"name":"wp","href":"https:\/\/api.w.org\/{rel}","templated":true}]}}