{"id":189215,"date":"2024-06-12T16:49:59","date_gmt":"2024-06-12T13:49:59","guid":{"rendered":"https:\/\/www.enerjigazetesi.ist\/?p=189215"},"modified":"2024-06-12T16:51:23","modified_gmt":"2024-06-12T13:51:23","slug":"dicle-elektrik-kacak-elektrik-kullanimina-yonelik-onemli-adimlar-atiyor","status":"publish","type":"post","link":"https:\/\/www.enerjigazetesi.ist\/en\/dicle-elektrik-kacak-elektrik-kullanimina-yonelik-onemli-adimlar-atiyor\/","title":{"rendered":"(Turkish) &#8217;Dicle Elektrik&#8217; Ka\u00e7ak Elektrik Kullan\u0131m\u0131na Y\u00f6nelik \u00d6nemli Ad\u0131mlar At\u0131yor"},"content":{"rendered":"<p class=\"qtranxs-available-languages-message qtranxs-available-languages-message-en\">Sorry, this entry is only available in <a href=\"https:\/\/www.enerjigazetesi.ist\/tr\/wp-json\/wp\/v2\/posts\/189215\" class=\"qtranxs-available-language-link qtranxs-available-language-link-tr\" title=\"Turkish\">Turkish<\/a>. For the sake of viewer convenience, the content is shown below in the alternative language. You may click the link to switch the active language.<\/p><p><\/p>\n<h2>Dicle Elektrik b\u00f6lgesinde, 2013 y\u0131l\u0131nda %76 olan kay\u0131t d\u0131\u015f\u0131 elektrik t\u00fcketimi, yat\u0131r\u0131mlar ve m\u00fccadeleler sayesinde %42&#8217;ye d\u00fc\u015f\u00fcr\u00fcld\u00fc. Bu oran, diren\u00e7le kar\u015f\u0131la\u015f\u0131lmad\u0131\u011f\u0131 i\u00e7in yat\u0131r\u0131mlar\u0131n \u00f6nemli \u00f6l\u00e7\u00fcde tamamland\u0131\u011f\u0131 \u015fehir merkezlerinde %17\u2019lere kadara d\u00fc\u015f\u00fcnce elektrik \u015febekeleri de daha verimli \u00e7al\u0131\u015fmaya ba\u015flad\u0131. Bunun en bariz \u00f6rne\u011fi \u015febekelerde ilk y\u0131la g\u00f6re %68 azalan ar\u0131za say\u0131s\u0131 ve abone ba\u015f\u0131na d\u00fc\u015fen bildirimsiz kesinti s\u00fcresinin Siirt ve Batman gibi illerde \u00fclke ortalamas\u0131n\u0131n alt\u0131na inmesiyle g\u00f6r\u00fcld\u00fc.<\/h2>\n<p style=\"text-align: center;\"><img loading=\"lazy\" class=\"aligncenter wp-image-189218\" src=\"https:\/\/www.enerjigazetesi.ist\/wp-content\/uploads\/2024\/06\/dicle-elektrik-kacak-elektrik-kullanimina-yonelik-onemli-adimlar-atiyor-1.jpg\" alt=\"\" width=\"500\" height=\"363\" srcset=\"https:\/\/www.enerjigazetesi.ist\/wp-content\/uploads\/2024\/06\/dicle-elektrik-kacak-elektrik-kullanimina-yonelik-onemli-adimlar-atiyor-1.jpg 550w, https:\/\/www.enerjigazetesi.ist\/wp-content\/uploads\/2024\/06\/dicle-elektrik-kacak-elektrik-kullanimina-yonelik-onemli-adimlar-atiyor-1-300x218.jpg 300w, https:\/\/www.enerjigazetesi.ist\/wp-content\/uploads\/2024\/06\/dicle-elektrik-kacak-elektrik-kullanimina-yonelik-onemli-adimlar-atiyor-1-500x363.jpg 500w, https:\/\/www.enerjigazetesi.ist\/wp-content\/uploads\/2024\/06\/dicle-elektrik-kacak-elektrik-kullanimina-yonelik-onemli-adimlar-atiyor-1-69x50.jpg 69w\" sizes=\"(max-width: 500px) 100vw, 500px\" \/><\/p>\n<h3><strong>Kesinti S\u00fcresi T\u00fcrkiye Ortalamas\u0131n\u0131n Alt\u0131na D\u00fc\u015ft\u00fc<\/strong><\/h3>\n<p>Konuyla ilgili de\u011ferlendirmelerde bulunan Dicle Elektrik Genel M\u00fcd\u00fcr\u00fc Ya\u015far Arvas, \u201cYap\u0131lan son \u00f6l\u00e7\u00fcmlere g\u00f6re T\u00fcrkiye\u2019de abone ba\u015f\u0131na bildirimsiz kesinti s\u00fcresi 1.170 dakika civar\u0131ndayken, bu s\u00fcre kay\u0131p ka\u00e7ak oran\u0131 il merkezinde %9.2, il genelinde ise %14.7, olan Siirt\u2019te 610 dakikayla neredeyse \u00fclke ortalamas\u0131n\u0131n yar\u0131s\u0131na indirildi. Kay\u0131p ka\u00e7ak oran\u0131 %33.2\u2019e indirilen Batman il merkezinde ise bu s\u00fcre 1.116 dakika ile yine T\u00fcrkiye ortalamas\u0131n\u0131n alt\u0131na \u00e7ekildi.\u201d dedi.<\/p>\n<h3><strong>B\u00f6lgede De\u011fi\u015fim ve D\u00f6n\u00fc\u015f\u00fcm Ger\u00e7ekle\u015fiyor<\/strong><\/h3>\n<p><em>\u201c\u00d6zellikle \u015fehir merkezlerinde yapt\u0131\u011f\u0131m\u0131z iyile\u015ftirmelerle, \u015febeke verimlili\u011fini art\u0131rarak kesinti s\u00fcrelerini azaltt\u0131k.\u201d<\/em> diyen Arvas, a\u00e7\u0131klamalar\u0131n\u0131 \u015f\u00f6yle s\u00fcrd\u00fcrd\u00fc;<\/p>\n<p><em><strong>\u2018\u2019<\/strong>Da\u011f\u0131t\u0131m b\u00f6lgemizde ger\u00e7ek anlamda bir de\u011fi\u015fim ve d\u00f6n\u00fc\u015f\u00fcm\u00fc ger\u00e7ekle\u015ftirmekte oldu\u011fumuzu art\u0131k g\u00f6r\u00fcyoruz. Enerji ve Tabii Kaynaklar Bakanl\u0131\u011f\u0131 ile EPDK\u2019n\u0131n yol haritalar\u0131nda da belirtildi\u011fi gibi kay\u0131p ka\u00e7ak oran\u0131n\u0131 d\u00fc\u015f\u00fcrmeyi, bunu yaparken de yat\u0131r\u0131m ve ilave bak\u0131mlarla\u00a0 di\u011fer da\u011f\u0131t\u0131m b\u00f6lgeleri gibi normalle\u015fmeyi arzuluyoruz. Bunun yan\u0131nda da b\u00f6lge insan\u0131m\u0131z\u0131n kay\u0131p ka\u00e7ak ile an\u0131lmad\u0131\u011f\u0131, \u00fclkemizin di\u011fer t\u00fcm b\u00f6lgelerinde ya\u015fayan insanlar gibi kaliteli ve kesintisiz enerjiyi hak etti\u011fini d\u00fc\u015f\u00fcn\u00fcyoruz.\u201d<\/em>\u00a0ifadelerini kulland\u0131.<\/p>\n<h3><strong>Tar\u0131msal Sulama Abonelerinin Bor\u00e7 Sorunu S\u00fcr\u00fcyor<\/strong><\/h3>\n<p>\u015eehir merkezlerinde ya\u015fanan bu olumlu geli\u015fmelerin k\u0131rsal ve tar\u0131msal b\u00f6lgelerde de ger\u00e7ekle\u015fmesini hedeflediklerini kaydeden Arvas, <em>\u2018\u2019Dicle Elektrik olarak, b\u00f6lge insan\u0131m\u0131z\u0131n kaliteli ve kesintisiz enerjiye eri\u015fim hakk\u0131n\u0131 savunuyoruz. Bu do\u011frultuda, tar\u0131msal sulama abonelerimizin \u00f6deme konusunda ya\u015fad\u0131\u011f\u0131 zorluklar\u0131 da anl\u0131yoruz. Yapt\u0131\u011f\u0131m\u0131z \u00e7al\u0131\u015fmalarla, bor\u00e7lu abonelerimize destek olmaya ve onlar\u0131n elektrik ihtiya\u00e7lar\u0131n\u0131 kar\u015f\u0131lamalar\u0131na yard\u0131mc\u0131 olmaya \u00e7al\u0131\u015f\u0131yoruz. \u00d6n\u00fcm\u00fczdeki d\u00f6nemde, k\u0131rsal ve tar\u0131msal alanlarda da \u015febekelerimizi g\u00fc\u00e7lendirerek, b\u00f6lge genelinde elektrik kalitesini art\u0131rarak kesinti s\u00fcrelerini minimum seviyeye indirmeyi hedefliyoruz. B\u00f6ylece, abonelerimize daha g\u00fcvenilir bir enerji hizmeti sunmay\u0131 ama\u00e7l\u0131yoruz\u201d<\/em> dedi.<\/p>\n<h3><strong>\u00c7ift\u00e7i, Hasat D\u00f6neminde de Elektrik Borcunu \u00d6demiyor<\/strong><\/h3>\n<p>\u00d6te yandan, Dicle Elektrik da\u011f\u0131t\u0131m b\u00f6lgesinde b\u00fcy\u00fck \u00e7o\u011funlu\u011fu \u015eanl\u0131urfa ve Mardin\u2019de bulunan yakla\u015f\u0131k 25 bin tar\u0131msal sulama abonesinden sadece 6 bin 148\u2019i hasat d\u00f6neminin ard\u0131ndan o y\u0131la ait elektrik borcunu \u00f6dedi\u011fi, 18.655\u2019inin ise borcunu \u00f6demedi\u011fi belirlendi. Bu abonelerin ge\u00e7mi\u015f y\u0131llara ait toplam <strong>30 milyar TL<\/strong>&#8216;nin \u00fczerinde borcu bulunuyor. Bor\u00e7 stokunda ilk s\u0131ray\u0131 <strong>17 milyar TL<\/strong>\u2019ye yakla\u015fan miktar ile <strong>\u015eanl\u0131urfa<\/strong> al\u0131rken, buray\u0131 <strong>8.5 milyar TL<\/strong>\u2019yi a\u015fan bor\u00e7la <strong>Mardin<\/strong> takip ediyor. <strong>Diyarbak\u0131r<\/strong>\u2019daki <strong>tar\u0131msal sulama abonelerinin<\/strong> ge\u00e7mi\u015f d\u00f6nem elektrik borcu ise <strong>3 milyar TL<\/strong>\u2019nin \u00fczerinde bulunuyor.<\/p>","protected":false},"excerpt":{"rendered":"<p>Sorry, this entry is only available in Turkish. For the sake of viewer convenience, the content is shown below in the alternative language. You may click the link to switch the active language. Dicle Elektrik b\u00f6lgesinde, 2013 y\u0131l\u0131nda %76 olan kay\u0131t d\u0131\u015f\u0131 elektrik t\u00fcketimi, yat\u0131r\u0131mlar ve m\u00fccadeleler sayesinde %42&#8217;ye d\u00fc\u015f\u00fcr\u00fcld\u00fc. Bu oran, diren\u00e7le kar\u015f\u0131la\u015f\u0131lmad\u0131\u011f\u0131 i\u00e7in [&hellip;]<\/p>\n","protected":false},"author":1,"featured_media":189217,"comment_status":"open","ping_status":"open","sticky":false,"template":"","format":"standard","meta":[],"categories":[51,53],"tags":[12240,114222,4546,8635,29773],"views":19,"_links":{"self":[{"href":"https:\/\/www.enerjigazetesi.ist\/en\/wp-json\/wp\/v2\/posts\/189215"}],"collection":[{"href":"https:\/\/www.enerjigazetesi.ist\/en\/wp-json\/wp\/v2\/posts"}],"about":[{"href":"https:\/\/www.enerjigazetesi.ist\/en\/wp-json\/wp\/v2\/types\/post"}],"author":[{"embeddable":true,"href":"https:\/\/www.enerjigazetesi.ist\/en\/wp-json\/wp\/v2\/users\/1"}],"replies":[{"embeddable":true,"href":"https:\/\/www.enerjigazetesi.ist\/en\/wp-json\/wp\/v2\/comments?post=189215"}],"version-history":[{"count":0,"href":"https:\/\/www.enerjigazetesi.ist\/en\/wp-json\/wp\/v2\/posts\/189215\/revisions"}],"wp:featuredmedia":[{"embeddable":true,"href":"https:\/\/www.enerjigazetesi.ist\/en\/wp-json\/wp\/v2\/media\/189217"}],"wp:attachment":[{"href":"https:\/\/www.enerjigazetesi.ist\/en\/wp-json\/wp\/v2\/media?parent=189215"}],"wp:term":[{"taxonomy":"category","embeddable":true,"href":"https:\/\/www.enerjigazetesi.ist\/en\/wp-json\/wp\/v2\/categories?post=189215"},{"taxonomy":"post_tag","embeddable":true,"href":"https:\/\/www.enerjigazetesi.ist\/en\/wp-json\/wp\/v2\/tags?post=189215"}],"curies":[{"name":"wp","href":"https:\/\/api.w.org\/{rel}","templated":true}]}}