{"id":189204,"date":"2024-06-12T16:07:47","date_gmt":"2024-06-12T13:07:47","guid":{"rendered":"https:\/\/www.enerjigazetesi.ist\/?p=189204"},"modified":"2024-06-12T16:08:40","modified_gmt":"2024-06-12T13:08:40","slug":"solar3gw-turkiye-gunes-enerjisi-sektorunde-istihdam-raporunu-acikladi","status":"publish","type":"post","link":"https:\/\/www.enerjigazetesi.ist\/en\/solar3gw-turkiye-gunes-enerjisi-sektorunde-istihdam-raporunu-acikladi\/","title":{"rendered":"(Turkish) Solar3GW &#8216;T\u00fcrkiye G\u00fcne\u015f Enerjisi Sekt\u00f6r\u00fcnde \u0130stihdam&#8217; Raporunu A\u00e7\u0131klad\u0131"},"content":{"rendered":"<p class=\"qtranxs-available-languages-message qtranxs-available-languages-message-en\">Sorry, this entry is only available in <a href=\"https:\/\/www.enerjigazetesi.ist\/tr\/wp-json\/wp\/v2\/posts\/189204\" class=\"qtranxs-available-language-link qtranxs-available-language-link-tr\" title=\"Turkish\">Turkish<\/a>. For the sake of viewer convenience, the content is shown below in the alternative language. You may click the link to switch the active language.<\/p><p><\/p>\n<h2>\u2018T\u00fcrkiye\u2019de her y\u0131l g\u00fcne\u015fte 3 GW kurulu g\u00fc\u00e7\u2019 misyonuyla yola \u00e7\u0131kan d\u00fc\u015f\u00fcnce kurulu\u015fu Solar3GW, \u2018<strong>T\u00fcrkiye G\u00fcne\u015f Enerjisi Sekt\u00f6r\u00fcnde \u0130stihdam\u2019\u00a0<\/strong>raporunu a\u00e7\u0131klad\u0131. Bug\u00fcn \u0130stanbul\u2019da d\u00fczenlenen toplant\u0131da tan\u0131t\u0131lan raporda, yenilenebilir enerji kaynaklar\u0131 i\u00e7inde en fazla b\u00fcy\u00fcme potansiyeline sahip olan g\u00fcne\u015f enerjisinde istihdam inceleniyor.<\/h2>\n<div id=\"attachment_189207\" style=\"width: 510px\" class=\"wp-caption aligncenter\"><img aria-describedby=\"caption-attachment-189207\" loading=\"lazy\" class=\"wp-image-189207\" src=\"https:\/\/www.enerjigazetesi.ist\/wp-content\/uploads\/2024\/06\/solar3gw-turkiye-gunes-enerjisi-sektorunde-istihdam-raporunu-acikladi-2.jpg\" alt=\"\" width=\"500\" height=\"362\" srcset=\"https:\/\/www.enerjigazetesi.ist\/wp-content\/uploads\/2024\/06\/solar3gw-turkiye-gunes-enerjisi-sektorunde-istihdam-raporunu-acikladi-2.jpg 550w, https:\/\/www.enerjigazetesi.ist\/wp-content\/uploads\/2024\/06\/solar3gw-turkiye-gunes-enerjisi-sektorunde-istihdam-raporunu-acikladi-2-300x217.jpg 300w, https:\/\/www.enerjigazetesi.ist\/wp-content\/uploads\/2024\/06\/solar3gw-turkiye-gunes-enerjisi-sektorunde-istihdam-raporunu-acikladi-2-500x362.jpg 500w, https:\/\/www.enerjigazetesi.ist\/wp-content\/uploads\/2024\/06\/solar3gw-turkiye-gunes-enerjisi-sektorunde-istihdam-raporunu-acikladi-2-69x50.jpg 69w\" sizes=\"(max-width: 500px) 100vw, 500px\" \/><p id=\"caption-attachment-189207\" class=\"wp-caption-text\">Solar3GW Y\u00f6netim Kurulu Ba\u015fkan\u0131 Yusuf Bahad\u0131r Turhan<\/p><\/div>\n<p>Toplant\u0131n\u0131n a\u00e7\u0131l\u0131\u015f konu\u015fmas\u0131n\u0131 yapan <strong>Solar3GW Y\u00f6netim Kurulu Ba\u015fkan\u0131 Yusuf Bahad\u0131r Turhan<\/strong>, g\u00fcne\u015f enerjisi sekt\u00f6r\u00fcn\u00fcn hem elektrik \u00fcretimi hem de genel olarak sekt\u00f6r\u00fcn de\u011fer zincirinde yaratt\u0131\u011f\u0131 istihdam potansiyeliyle enerji d\u00f6n\u00fc\u015f\u00fcm\u00fcne liderlik eden stratejik \u00f6nemde bir kaynak oldu\u011funu belirtti. Yenilenebilir enerjiye ge\u00e7i\u015f h\u0131zland\u0131k\u00e7a g\u00fcne\u015f, hidroelektrik ve r\u00fczgar aras\u0131ndaki kurulu g\u00fc\u00e7 ve buna ba\u011fl\u0131 olarak istihdam rekabetinin artaca\u011f\u0131n\u0131n alt\u0131n\u0131 \u00e7izen Turhan, \u015funlar\u0131 kaydetti: <em>&#8220;Solar3GW, kuruldu\u011fu g\u00fcnden bu yana T\u00fcrkiye\u2019nin her y\u0131l en az 3GW g\u00fcne\u015f enerjisini sisteme dahil edebilecek potansiyeli oldu\u011funu s\u00f6yl\u00fcyor. Bu ger\u00e7ekle\u015ftirildi\u011finde T\u00fcrkiye\u2019nin istihdam\u0131na \u00f6nemli katk\u0131 sa\u011flanacak. Sekt\u00f6r\u00fcm\u00fcz 2015 y\u0131l\u0131nda ivme kazanmaya ba\u015flay\u0131nca, \u00f6nce halihaz\u0131rda oturmu\u015f bir sekt\u00f6r olan in\u015faattan istihdam deste\u011fi ald\u0131, ard\u0131ndan kendi i\u015f g\u00fcc\u00fcn\u00fc yeti\u015ftirdi. \u0130lk y\u0131llarda \u00f6zellikle proje geli\u015ftiren, ekipman tedarik eden ve kurulum yapan taahh\u00fct firmalar\u0131 istihdam konusunda s\u00f6z sahibiyken \u00a0sekt\u00f6r\u00fcn geli\u015fmesiyle birlikte denetim, \u00fcretim ve yaz\u0131l\u0131m gibi alanlar da istihdama \u00f6nemli oranda katk\u0131 sa\u011flad\u0131. Lisanss\u0131z projeler ise ge\u00e7mi\u015fte oldu\u011fu gibi sekt\u00f6rel istihdama katk\u0131da bulunmaya devam edecek. Ancak bundan sonra <strong>lisansl\u0131 YEKA<\/strong> ve <strong>depolamal\u0131 GES projeleriyle<\/strong> \u00f6nemli bir i\u015f g\u00fcc\u00fc talebi do\u011facak.&#8221;<\/em><\/p>\n<div id=\"attachment_189208\" style=\"width: 510px\" class=\"wp-caption aligncenter\"><img aria-describedby=\"caption-attachment-189208\" loading=\"lazy\" class=\"wp-image-189208\" src=\"https:\/\/www.enerjigazetesi.ist\/wp-content\/uploads\/2024\/06\/solar3gw-turkiye-gunes-enerjisi-sektorunde-istihdam-raporunu-acikladi-1.jpg\" alt=\"\" width=\"500\" height=\"376\" srcset=\"https:\/\/www.enerjigazetesi.ist\/wp-content\/uploads\/2024\/06\/solar3gw-turkiye-gunes-enerjisi-sektorunde-istihdam-raporunu-acikladi-1.jpg 550w, https:\/\/www.enerjigazetesi.ist\/wp-content\/uploads\/2024\/06\/solar3gw-turkiye-gunes-enerjisi-sektorunde-istihdam-raporunu-acikladi-1-300x226.jpg 300w, https:\/\/www.enerjigazetesi.ist\/wp-content\/uploads\/2024\/06\/solar3gw-turkiye-gunes-enerjisi-sektorunde-istihdam-raporunu-acikladi-1-500x376.jpg 500w, https:\/\/www.enerjigazetesi.ist\/wp-content\/uploads\/2024\/06\/solar3gw-turkiye-gunes-enerjisi-sektorunde-istihdam-raporunu-acikladi-1-66x50.jpg 66w\" sizes=\"(max-width: 500px) 100vw, 500px\" \/><p id=\"caption-attachment-189208\" class=\"wp-caption-text\">Solar3GW Genel Sekreteri \u00d6zge \u00d6zeke<\/p><\/div>\n<p>Raporu haz\u0131rlayan <strong>Solar3GW Genel Sekreteri \u00d6zge \u00d6zeke<\/strong> ise sekt\u00f6r\u00fcn b\u00fcy\u00fcmesi ve geli\u015fmesiyle birlikte yeti\u015fmi\u015f i\u015f g\u00fcc\u00fcne ihtiyac\u0131n da artt\u0131\u011f\u0131n\u0131 vurgulad\u0131. \u00d6zeke, <em>\u201cAncak bu paralel geli\u015fim, her zaman sa\u011fl\u0131kl\u0131 bir \u015fekilde y\u00fcr\u00fcm\u00fcyor. Bu nedenle sekt\u00f6rel i\u015f g\u00fcc\u00fcn\u00fcn nitelik ve nicelik a\u00e7\u0131s\u0131ndan ayr\u0131 ayr\u0131 de\u011ferlendirilmesi ve eksiklerin saptanmas\u0131 gerekiyor. Enerji d\u00f6n\u00fc\u015f\u00fcm\u00fcn\u00fcn ba\u015f akt\u00f6r\u00fc olan g\u00fcne\u015f enerjisi sekt\u00f6r\u00fc, bir yandan artan kurulu g\u00fc\u00e7le birlikte kurulum ve \u00fcretim alan\u0131ndaki talebe cevap vermeye, di\u011fer bir yandan da yetkinlik ve teknolojilere adaptasyon anlam\u0131nda kendini tamamlamaya \u00e7al\u0131\u015f\u0131yor\u201d<\/em> diye konu\u015ftu.<\/p>\n<h3><strong>Yat\u0131r\u0131m Engelleri Kalk\u0131nca \u0130stihdam Artacak<\/strong><\/h3>\n<p>Raporda, 2023 itibar\u0131yla g\u00fcne\u015f enerjisi sekt\u00f6r\u00fcn\u00fcn yakla\u015f\u0131k 37 bin ki\u015fiye istihdam sa\u011flad\u0131\u011f\u0131 a\u00e7\u0131kland\u0131. Bu say\u0131n\u0131n, kamu, da\u011f\u0131t\u0131m \u015firketleri, belediyeler ve alt y\u00fckleniciler taraf\u0131nda\u00a0\u00a0\u00e7al\u0131\u015fanlar da eklendi\u011finde, en az y\u00fczde 10-15 daha fazla olaca\u011f\u0131 tahmin ediliyor. T\u00fcrkiye\u2019de \u015fimdiye kadar sekt\u00f6rel i\u015f g\u00fcc\u00fcn\u00fcn yeti\u015fmesinde itici g\u00fc\u00e7, lisanss\u0131z elektrik \u00fcretim projeleri oldu. Bu projeler, 2019 \u00f6ncesi ticari motivasyonla hayata ge\u00e7irilen yat\u0131r\u0131mlar iken, 2019 sonras\u0131nda \u00f6zt\u00fcketim odakl\u0131, a\u011f\u0131rl\u0131kl\u0131 olarak ticari ve end\u00fcstriyel segmentte ger\u00e7ekle\u015ftirilen projeler olarak nitelik de\u011fi\u015ftirdi. \u00c7al\u0131\u015fmada, g\u00fcne\u015f enerjisi sekt\u00f6r\u00fcn\u00fcn y\u0131ldan y\u0131la tutarl\u0131 geli\u015fiminin sa\u011flanmas\u0131n\u0131n, yat\u0131r\u0131mlar\u0131n \u00f6n\u00fcndeki engellerin kald\u0131r\u0131lmas\u0131na ba\u011fl\u0131 oldu\u011fu belirtiliyor. Yat\u0131r\u0131m hedeflerinin belli bir h\u0131zda ger\u00e7ekle\u015fmesiyle i\u015f g\u00fcc\u00fcn\u00fcn devaml\u0131l\u0131\u011f\u0131 sa\u011flanaca\u011f\u0131 ve niteli\u011finin de geli\u015fip korunaca\u011f\u0131 vurgulan\u0131yor.<\/p>\n<p>Konutlarda g\u00fcne\u015f enerjisi kullan\u0131m\u0131na \u00f6zellikle dikkat \u00e7ekilerek T\u00fcrkiye\u2019nin konut segmenti uygulamalar\u0131nda y\u00fcksek potansiyeli oldu\u011fu ancak bu segment desteklenmedi\u011fi i\u00e7in geli\u015fme g\u00f6steremedi\u011fi ifade ediliyor. Bu segmente te\u015fvik ve destek verilmesi halinde yap\u0131lacak kurulumlar ile k\u00fc\u00e7\u00fck \u00f6l\u00e7ekli yerel firmalar\u0131n artaca\u011f\u0131, bunun da b\u00f6lgesel istihdama katk\u0131 sa\u011flayaca\u011f\u0131 belirtiliyor. Bununla birlikte raporda, <strong>\u2018Konut kaynakl\u0131 istihdam\u0131n art\u0131\u015f\u0131, da\u011f\u0131t\u0131k \u00fcretimin \u00f6nemli bir parametresi olarak MW ba\u015f\u0131na olan istihdam\u0131 da y\u00fckseltecek\u2019<\/strong> ifadesine yer veriliyor.<\/p>\n<h3><strong>G\u00fcne\u015f Enerjisi Sekt\u00f6r\u00fc Nitelikli \u0130\u015f G\u00fcc\u00fc \u0130stiyor<\/strong><\/h3>\n<p>D\u00fcnyada, en fazla kurulum ve bak\u0131m i\u015f kollar\u0131nda i\u015fe al\u0131mlarda g\u00fc\u00e7l\u00fck ya\u015fand\u0131\u011f\u0131 ve ilk sebebinin sekt\u00f6r odakl\u0131 bilgi birikimi eksikli\u011fi oldu\u011funun ifade edildi\u011fi rapora g\u00f6re T\u00fcrkiye\u2019de de g\u00fcne\u015f enerjisindeki kurulu g\u00fc\u00e7 hedefleri ve potansiyeli d\u00fczenli bir \u015fekilde ger\u00e7ekle\u015fmesi s\u00f6z konusu oldu\u011funda kurulum ve bak\u0131m i\u015flerinde benzer bir a\u00e7\u0131\u011f\u0131n ortaya \u00e7\u0131kaca\u011f\u0131 s\u00f6yleniyor.<\/p>\n<p>T\u00fcrkiye\u2019de g\u00fcne\u015f enerjisi sekt\u00f6r\u00fc istihdam\u0131nda, teknik uzmanl\u0131k ve yenilik\u00e7i teknolojilere adaptasyonun istihdam geli\u015fiminde \u00f6nemli odak noktalar\u0131 olarak \u00f6n plana \u00e7\u0131kt\u0131\u011f\u0131 vurgulan\u0131yor. Bataryal\u0131 depolama teknolojilerinin GES teknolojilerine entegre bir \u015fekilde ele al\u0131nmas\u0131yla birlikte tasar\u0131m, kurulum, bak\u0131m ve onar\u0131m konular\u0131nda detayl\u0131 teknik bilgi ve uygulama becerilerine giderek daha fazla ihtiya\u00e7 duyulaca\u011f\u0131 belirtiliyor. Halihaz\u0131rdaki i\u015f g\u00fcc\u00fc nicelik olarak yeterli ancak nitelik olarak ihtiyac\u0131 kar\u015f\u0131lam\u0131yor. Baz\u0131 g\u00fcne\u015f enerjisi projelerinin s\u0131radan ve sadece fiziki montaj gerektiren kurulumlar olarak ele al\u0131nmas\u0131, nitelik sorunun \u00f6nde gelen sebepleri aras\u0131nda. Ayr\u0131ca bir sertifikasyon olmamas\u0131, kurulumlarda \u00e7al\u0131\u015facak ki\u015filerin se\u00e7iminde finansman sorunlar\u0131 ya\u015fanmas\u0131, kimi dar b\u00fct\u00e7eli projelerde i\u015f yetkinli\u011fi ve tecr\u00fcbe aranmamas\u0131 di\u011fer sebepler.<\/p>\n<p>Yine rapora g\u00f6re \u00fcniversiteler de nitelikli eleman sorununa yeterince \u00e7\u00f6z\u00fcm olmuyor; son y\u0131llarda a\u00e7\u0131lan y\u00fcksek\u00f6\u011fretim programlar\u0131 yetersiz oldu\u011fundan, kurulumlarda, \u00f6n ve yan hizmetlerde g\u00f6rev alacak nitelikli ara ve teknik elemanlar yeti\u015ftirilmiyor. Ayr\u0131ca meslek liselerine olan ilginin azalmas\u0131yla sekt\u00f6r\u00fcn bel kemi\u011fi olan ara eleman a\u00e7\u0131s\u0131ndan istihdam sorununun ya\u015fand\u0131\u011f\u0131, istihdam edilse dahi yetkinlik y\u00f6n\u00fcnden eksiklikler g\u00f6ze \u00e7arp\u0131yor. <em>\u201cG\u00fcne\u015f enerjisi \u00e7al\u0131\u015fanlar\u0131n\u0131n temiz enerji bilinciyle yeti\u015ftirilmesi, gerekli teknik ve mekanik bilgi ile donat\u0131lmas\u0131, kamuya a\u00e7\u0131k e\u011fitim ve geli\u015ftirme programlar\u0131n\u0131n hizmete sunulmas\u0131, bu sekt\u00f6rde elde edilen sertifika ve lisanslara b\u00f6lgesel ve k\u00fcresel d\u00fczlemde ge\u00e7erlik tan\u0131narak i\u015f\u00e7ilerin dola\u015f\u0131mlar\u0131n\u0131n temin edilmesi, i\u015f g\u00fcc\u00fcn\u00fcn verimlili\u011fi a\u00e7\u0131s\u0131ndan \u00f6nem ta\u015f\u0131maktad\u0131r\u201d<\/em> deniliyor.<\/p>\n<h3><strong>Fosil Yak\u0131tlardaki \u0130\u015f G\u00fcc\u00fc \u2018Yeniden Yeteneklendirme\u2019 ile G\u00fcne\u015fe Yarayacak\u00a0<\/strong><\/h3>\n<p>\u00c7al\u0131\u015fmada, g\u00fcne\u015f enerjisi sekt\u00f6r\u00fc i\u015f g\u00fcc\u00fcndeki sorunlar\u0131n, kamu-sivil toplum kurulu\u015flar\u0131-\u00f6zel sekt\u00f6r i\u015f birli\u011fi ile giderilebilece\u011fi vurgulan\u0131yor. Bunun i\u00e7in g\u00fcne\u015f enerjisine bak\u0131\u015f a\u00e7\u0131s\u0131n\u0131n de\u011fi\u015fmesi, bu kayna\u011f\u0131n iklim de\u011fi\u015fikli\u011fiyle m\u00fccadeledeki ve enerji d\u00f6n\u00fc\u015f\u00fcm\u00fcndeki \u00f6nemli rol\u00fcn\u00fcn g\u00f6z \u00f6n\u00fcnde bulundurulmas\u0131 gerekiyor. Sekt\u00f6r\u00fcn \u00f6nde gelen \u015firketleri kamuyla i\u015fbirli\u011fi halinde haz\u0131rlayacaklar\u0131 e\u011fitim ve yeteneklendirme programlar\u0131 ile nitelikli i\u015f g\u00fcc\u00fcn\u00fc yeti\u015ftirmekte katk\u0131 sa\u011flayabilir. Raporda, nitelikli i\u015f g\u00fcc\u00fc kadar \u2018yeniden yeteneklendirme\u2019nin (reskilling) de g\u00fcne\u015f enerjisi sekt\u00f6r\u00fc istihdam\u0131nda \u00f6nemli rol oynaca\u011f\u0131 ifade ediliyor. Yap\u0131lan ara\u015ft\u0131rmalara g\u00f6re fosil yak\u0131t alan\u0131nda \u00e7al\u0131\u015fan bir\u00e7ok i\u015f\u00e7i, g\u00fcne\u015f enerjisi sekt\u00f6r\u00fcndeki i\u015f g\u00fcc\u00fc bo\u015flu\u011funu doldurabilmek i\u00e7in gerekli uzmanla\u015fma ve yetene\u011fe sahip. Bu alanda \u00e7al\u0131\u015fan i\u015f\u00e7iler, k\u0131sa s\u00fcreli yeniden yeteneklendirme e\u011fitimleri ile temiz enerji i\u015f g\u00fcc\u00fcn\u00fc \u00e7e\u015fitlendirebilecek hale getirilebilir.<\/p>\n<p>Raporun tamam\u0131na\u00a0<a href=\"https:\/\/www.solar3gw.org\/raporlar\/\" target=\"_blank\" rel=\"noopener\">https:\/\/www.solar3gw.org\/raporlar\/<\/a> adresinden ula\u015fabilirsiniz.<\/p>","protected":false},"excerpt":{"rendered":"<p>Sorry, this entry is only available in Turkish. For the sake of viewer convenience, the content is shown below in the alternative language. You may click the link to switch the active language. \u2018T\u00fcrkiye\u2019de her y\u0131l g\u00fcne\u015fte 3 GW kurulu g\u00fc\u00e7\u2019 misyonuyla yola \u00e7\u0131kan d\u00fc\u015f\u00fcnce kurulu\u015fu Solar3GW, \u2018T\u00fcrkiye G\u00fcne\u015f Enerjisi Sekt\u00f6r\u00fcnde \u0130stihdam\u2019\u00a0raporunu a\u00e7\u0131klad\u0131. Bug\u00fcn \u0130stanbul\u2019da [&hellip;]<\/p>\n","protected":false},"author":1,"featured_media":189206,"comment_status":"open","ping_status":"open","sticky":false,"template":"","format":"standard","meta":[],"categories":[53,49],"tags":[114219,2206,47760,114218,91738],"views":42,"_links":{"self":[{"href":"https:\/\/www.enerjigazetesi.ist\/en\/wp-json\/wp\/v2\/posts\/189204"}],"collection":[{"href":"https:\/\/www.enerjigazetesi.ist\/en\/wp-json\/wp\/v2\/posts"}],"about":[{"href":"https:\/\/www.enerjigazetesi.ist\/en\/wp-json\/wp\/v2\/types\/post"}],"author":[{"embeddable":true,"href":"https:\/\/www.enerjigazetesi.ist\/en\/wp-json\/wp\/v2\/users\/1"}],"replies":[{"embeddable":true,"href":"https:\/\/www.enerjigazetesi.ist\/en\/wp-json\/wp\/v2\/comments?post=189204"}],"version-history":[{"count":0,"href":"https:\/\/www.enerjigazetesi.ist\/en\/wp-json\/wp\/v2\/posts\/189204\/revisions"}],"wp:featuredmedia":[{"embeddable":true,"href":"https:\/\/www.enerjigazetesi.ist\/en\/wp-json\/wp\/v2\/media\/189206"}],"wp:attachment":[{"href":"https:\/\/www.enerjigazetesi.ist\/en\/wp-json\/wp\/v2\/media?parent=189204"}],"wp:term":[{"taxonomy":"category","embeddable":true,"href":"https:\/\/www.enerjigazetesi.ist\/en\/wp-json\/wp\/v2\/categories?post=189204"},{"taxonomy":"post_tag","embeddable":true,"href":"https:\/\/www.enerjigazetesi.ist\/en\/wp-json\/wp\/v2\/tags?post=189204"}],"curies":[{"name":"wp","href":"https:\/\/api.w.org\/{rel}","templated":true}]}}