{"id":189125,"date":"2024-06-10T18:52:12","date_gmt":"2024-06-10T15:52:12","guid":{"rendered":"https:\/\/www.enerjigazetesi.ist\/?p=189125"},"modified":"2024-06-10T18:53:16","modified_gmt":"2024-06-10T15:53:16","slug":"turk-egitim-vakfi-ndan-yeni-farkindalik-projesi-gucum-bu-kadarina-yetiyor","status":"publish","type":"post","link":"https:\/\/www.enerjigazetesi.ist\/en\/turk-egitim-vakfi-ndan-yeni-farkindalik-projesi-gucum-bu-kadarina-yetiyor\/","title":{"rendered":"(Turkish) &#8217;T\u00fcrk E\u011fitim Vakf\u0131&#8217;ndan Yeni Fark\u0131ndal\u0131k Projesi: G\u00fcc\u00fcm Bu Kadar\u0131na Yetiyor"},"content":{"rendered":"<p class=\"qtranxs-available-languages-message qtranxs-available-languages-message-en\">Sorry, this entry is only available in <a href=\"https:\/\/www.enerjigazetesi.ist\/tr\/wp-json\/wp\/v2\/posts\/189125\" class=\"qtranxs-available-language-link qtranxs-available-language-link-tr\" title=\"Turkish\">Turkish<\/a>. For the sake of viewer convenience, the content is shown below in the alternative language. You may click the link to switch the active language.<\/p><p><\/p>\n<h2>Gen\u00e7lere e\u011fitimde f\u0131rsat e\u015fitli\u011fi sa\u011flamak i\u00e7in 57 y\u0131ld\u0131r aral\u0131ks\u0131z bir \u015fekilde \u00e7al\u0131\u015fmalar\u0131n\u0131 s\u00fcrd\u00fcren\u00a0<strong>T\u00fcrk E\u011fitim Vakf\u0131 (TEV)<\/strong>, \u00fcniversite \u00f6\u011frencilerinin bar\u0131nma ihtiyac\u0131na dikkat \u00e7ekmek amac\u0131yla &#8220;<strong>G\u00fcc\u00fcm Bu Kadar\u0131na Yetiyor<\/strong>&#8221; projesini hayata ge\u00e7iriyor. Proje, \u00fcniversite \u00f6\u011frencilerinin b\u00fcy\u00fck kentlerde ya\u015fad\u0131\u011f\u0131 bar\u0131nma sorunlar\u0131na vurgu yaparken toplumun bu konudaki duyarl\u0131l\u0131\u011f\u0131n\u0131 art\u0131rmay\u0131 ve burs fonlar\u0131 ile yurt projelerine destek toplamay\u0131 ama\u00e7l\u0131yor.<\/h2>\n<p style=\"text-align: center;\"><img loading=\"lazy\" class=\"aligncenter wp-image-189127\" src=\"https:\/\/www.enerjigazetesi.ist\/wp-content\/uploads\/2024\/06\/turk-egitim-vakfi-ndan-yeni-farkindalik-projesi-gucum-bu-kadarina-yetiyor-1.jpg\" alt=\"\" width=\"500\" height=\"372\" srcset=\"https:\/\/www.enerjigazetesi.ist\/wp-content\/uploads\/2024\/06\/turk-egitim-vakfi-ndan-yeni-farkindalik-projesi-gucum-bu-kadarina-yetiyor-1.jpg 550w, https:\/\/www.enerjigazetesi.ist\/wp-content\/uploads\/2024\/06\/turk-egitim-vakfi-ndan-yeni-farkindalik-projesi-gucum-bu-kadarina-yetiyor-1-300x223.jpg 300w, https:\/\/www.enerjigazetesi.ist\/wp-content\/uploads\/2024\/06\/turk-egitim-vakfi-ndan-yeni-farkindalik-projesi-gucum-bu-kadarina-yetiyor-1-500x372.jpg 500w, https:\/\/www.enerjigazetesi.ist\/wp-content\/uploads\/2024\/06\/turk-egitim-vakfi-ndan-yeni-farkindalik-projesi-gucum-bu-kadarina-yetiyor-1-67x50.jpg 67w\" sizes=\"(max-width: 500px) 100vw, 500px\" \/><\/p>\n<p>\u201cG\u00fcc\u00fcm Bu Kadar\u0131na Yetiyor\u201d fark\u0131ndal\u0131k projesi kapsam\u0131nda, metropollerde \u00fcniversite \u00f6\u011frencilerinin b\u00fct\u00e7esinin, bir evin ancak birka\u00e7 metrekarelik k\u0131sm\u0131n\u0131 kar\u015f\u0131layabildi\u011fini anlatan sembolik enstalasyonlar,\u00a0<strong>8-9 Haziran<\/strong>\u00a0tarihlerinde \u0130stanbul\u2019un en yo\u011fun b\u00f6lgelerinden\u00a0<strong>Be\u015fikta\u015f, Kad\u0131k\u00f6y\u00a0<\/strong>ve<strong>\u00a0\u00dcsk\u00fcdar<\/strong>&#8216;da vatanda\u015flarla bulu\u015ftu. Sembolik ev kesitleri ile TEV, \u00f6\u011frencilerin bar\u0131nma maliyetlerine dikkat \u00e7ekerek kamuoyuna ba\u015far\u0131l\u0131 ve okumak isteyen \u00f6\u011frencilere destek verme \u00e7a\u011fr\u0131s\u0131 yap\u0131yor. K\u00fc\u00e7\u00fck bir katk\u0131n\u0131n bile, \u00f6\u011frencilerin bar\u0131nma ihtiyac\u0131n\u0131 kar\u015f\u0131lamak ve onlara daha ayd\u0131nl\u0131k bir gelecek sunmak ad\u0131na b\u00fcy\u00fck bir ad\u0131m olabilece\u011fini vurgulayan Vak\u0131f; destek olmak isteyen herkesi, <strong>8-9 Haziran<\/strong> tarihlerinde <strong>Be\u015fikta\u015f, Kad\u0131k\u00f6y ve \u00dcsk\u00fcdar&#8217;daki<\/strong> enstalasyonlar\u0131 ziyaret etmeye ve tev.org.tr adresinden ba\u011f\u0131\u015f yapmaya davet ediyor: <a href=\"https:\/\/www.tev.org.tr\/gucumbukadarinayetiyor\" target=\"_blank\" rel=\"noopener\">https:\/\/www.tev.org.tr\/gucumbukadarinayetiyor<\/a><\/p>\n<h3><strong>\u201cD\u00fcnyan\u0131n En G\u00fczel Kentlerinde Okumak, Ba\u015far\u0131l\u0131 Her \u00d6\u011frencinin Hakk\u0131\u201d<\/strong><\/h3>\n<p><strong>TEV Genel M\u00fcd\u00fcr\u00fc\u00a0Banu Ta\u015fk\u0131n<\/strong>, proje ile ilgili olarak yapt\u0131\u011f\u0131 a\u00e7\u0131klamalarda \u015funlar\u0131 s\u00f6yledi: <em>\u201cD\u00fcnyan\u0131n her yerindeki metropoller, \u00f6\u011frencilerin bar\u0131nmas\u0131 i\u00e7in zor kentler. \u0130stanbul ba\u015fta olmak \u00fczere bizim \u00fclkemizde de b\u00fcy\u00fck \u015fehirlerde \u00f6\u011frencilerimiz zorluklarla kar\u015f\u0131la\u015f\u0131yor. Yeni yurt yap\u0131mlar\u0131na h\u0131z verilmesine ra\u011fmen mevcut yurt kapasiteleri artan talebi kar\u015f\u0131lamakta zorlan\u0131yor. \u00dcniversite \u00f6\u011frencilerinin bar\u0131nma sorunu, e\u011fitim hayatlar\u0131n\u0131n \u00f6n\u00fcnde b\u00fcy\u00fck bir engel te\u015fkil ediyor. Hem akademik ba\u015far\u0131s\u0131 hem de psikolojisi olumsuz etkilenen pek \u00e7ok \u00fcniversite \u00f6\u011frencisi, d\u00fcnyan\u0131n en g\u00fczel kentlerinden olan b\u00fcy\u00fck\u015fehirlerimizde, \u00fclkemizin en ba\u015far\u0131l\u0131 \u00fcniversitelerini kazanm\u0131\u015f olsa bile s\u00f6z konusu zorluklar nedeniyle okuluna devam edemiyor.\u201d<\/em><\/p>\n<p>\u201c<strong>G\u00fcc\u00fcm Bu Kadar\u0131na Yetiyor<\/strong>\u201d projesi ile bu soruna dikkat \u00e7ekmek ve toplumun her kesimini bu konuda duyarl\u0131l\u0131\u011fa davet etmek istediklerini belirten <strong>Ta\u015fk\u0131n,<\/strong> s\u00f6zlerine \u015f\u00f6yle devam etti: <em>\u201c\u00dcniversite s\u0131nav\u0131 d\u00f6nemindeyiz. Y\u00fczbinlerce gen\u00e7, hayallerine y\u00fcr\u00fcyecek. O s\u0131rada ak\u0131llar\u0131nda bar\u0131nma sorunu olmas\u0131n, sadece e\u011fitimlerine odaklanabilsinler istiyoruz. Vatanda\u015flar\u0131m\u0131z\u0131n destekleriyle sundu\u011fumuz burs ve yurt imk\u00e2nlar\u0131n\u0131n gen\u00e7lerimizin e\u011fitim hayatlar\u0131na b\u00fcy\u00fck \u00f6l\u00e7\u00fcde katk\u0131da bulunaca\u011f\u0131na inan\u0131yoruz. <strong>\u0130zmir, Trabzon ve Ankara\u2019da<\/strong> faaliyet g\u00f6steren k\u0131z \u00f6\u011frenci yurtlar\u0131m\u0131z\u0131n yan\u0131 s\u0131ra; <strong>Ankara Yenimahalle ve \u0130zmir\u2019de iki yeni k\u0131z \u00f6\u011frenci yurdumuzun in\u015faat\u0131<\/strong> devam ediyor. Yak\u0131n zamanda temellerini ataca\u011f\u0131m\u0131z bir di\u011fer yurdumuz da <strong>Bursa\u2019da<\/strong> olacak. TEV giri\u015fimiyle faaliyet g\u00f6steren \u00f6\u011frenci yurtlar\u0131n\u0131n say\u0131s\u0131n\u0131 daha da art\u0131rmay\u0131 hedefliyoruz. \u00d6\u011frencilerin bar\u0131nma sorununu \u00e7\u00f6zmek i\u00e7in \u00e7ok daha fazla deste\u011fe ihtiyac\u0131m\u0131z var. T\u00fcm e\u011fitim dostlar\u0131n\u0131n desteklerini bekliyoruz.\u201d<\/em><\/p>\n<p>TEV ile ilgili ba\u011f\u0131\u015f kampanyalar\u0131na, projelerine ve detayl\u0131 bilgiye ula\u015fmak i\u00e7in <strong>tev.org.tr<\/strong> sitesi ziyaret edilebilir. <strong>G\u00fcc\u00fcm Bu Kadar\u0131na Yetiyor projesi<\/strong> kapsam\u0131nda link \u00fczerinden T\u00fcrk E\u011fitim Vakf\u0131\u2019na destek olunabilir:\u00a0<a href=\"https:\/\/www.tev.org.tr\/gucumbukadarinayetiyor\" target=\"_blank\" rel=\"noopener\">https:\/\/www.tev.org.tr\/gucumbukadarinayetiyor<\/a><\/p>","protected":false},"excerpt":{"rendered":"<p>Sorry, this entry is only available in Turkish. For the sake of viewer convenience, the content is shown below in the alternative language. You may click the link to switch the active language. Gen\u00e7lere e\u011fitimde f\u0131rsat e\u015fitli\u011fi sa\u011flamak i\u00e7in 57 y\u0131ld\u0131r aral\u0131ks\u0131z bir \u015fekilde \u00e7al\u0131\u015fmalar\u0131n\u0131 s\u00fcrd\u00fcren\u00a0T\u00fcrk E\u011fitim Vakf\u0131 (TEV), \u00fcniversite \u00f6\u011frencilerinin bar\u0131nma ihtiyac\u0131na dikkat \u00e7ekmek [&hellip;]<\/p>\n","protected":false},"author":1,"featured_media":189128,"comment_status":"open","ping_status":"open","sticky":false,"template":"","format":"standard","meta":[],"categories":[53],"tags":[114189,114192,114190,114193,61182,99777,114191],"views":25,"_links":{"self":[{"href":"https:\/\/www.enerjigazetesi.ist\/en\/wp-json\/wp\/v2\/posts\/189125"}],"collection":[{"href":"https:\/\/www.enerjigazetesi.ist\/en\/wp-json\/wp\/v2\/posts"}],"about":[{"href":"https:\/\/www.enerjigazetesi.ist\/en\/wp-json\/wp\/v2\/types\/post"}],"author":[{"embeddable":true,"href":"https:\/\/www.enerjigazetesi.ist\/en\/wp-json\/wp\/v2\/users\/1"}],"replies":[{"embeddable":true,"href":"https:\/\/www.enerjigazetesi.ist\/en\/wp-json\/wp\/v2\/comments?post=189125"}],"version-history":[{"count":0,"href":"https:\/\/www.enerjigazetesi.ist\/en\/wp-json\/wp\/v2\/posts\/189125\/revisions"}],"wp:featuredmedia":[{"embeddable":true,"href":"https:\/\/www.enerjigazetesi.ist\/en\/wp-json\/wp\/v2\/media\/189128"}],"wp:attachment":[{"href":"https:\/\/www.enerjigazetesi.ist\/en\/wp-json\/wp\/v2\/media?parent=189125"}],"wp:term":[{"taxonomy":"category","embeddable":true,"href":"https:\/\/www.enerjigazetesi.ist\/en\/wp-json\/wp\/v2\/categories?post=189125"},{"taxonomy":"post_tag","embeddable":true,"href":"https:\/\/www.enerjigazetesi.ist\/en\/wp-json\/wp\/v2\/tags?post=189125"}],"curies":[{"name":"wp","href":"https:\/\/api.w.org\/{rel}","templated":true}]}}