{"id":189103,"date":"2024-06-10T16:41:53","date_gmt":"2024-06-10T13:41:53","guid":{"rendered":"https:\/\/www.enerjigazetesi.ist\/?p=189103"},"modified":"2024-06-10T16:42:13","modified_gmt":"2024-06-10T13:42:13","slug":"uludag-elektrik-ten-yenilenebilir-enerji-kullanimina-destek","status":"publish","type":"post","link":"https:\/\/www.enerjigazetesi.ist\/en\/uludag-elektrik-ten-yenilenebilir-enerji-kullanimina-destek\/","title":{"rendered":"(Turkish) &#8217;Uluda\u011f Elektrik&#8217;ten Yenilenebilir Enerji Kullan\u0131m\u0131na Destek"},"content":{"rendered":"<p class=\"qtranxs-available-languages-message qtranxs-available-languages-message-en\">Sorry, this entry is only available in <a href=\"https:\/\/www.enerjigazetesi.ist\/tr\/wp-json\/wp\/v2\/posts\/189103\" class=\"qtranxs-available-language-link qtranxs-available-language-link-tr\" title=\"Turkish\">Turkish<\/a>. For the sake of viewer convenience, the content is shown below in the alternative language. You may click the link to switch the active language.<\/p><p><\/p>\n<h2><strong>S\u00fcrd\u00fcr\u00fclebilirlik stratejisiyle karbon ayak izini azaltmak ve iklim de\u011fi\u015fikli\u011fiyle m\u00fccadele etmek i\u00e7in ye\u015fil enerji kullan\u0131m\u0131 ve s\u0131f\u0131r karbon uygulamalar\u0131n\u0131n te\u015fvik edilmesi noktas\u0131nda faaliyetlerini s\u00fcrd\u00fcren <\/strong><strong>Uluda\u011f Elektrik, m\u00fc\u015fterilerini Uluslararas\u0131 Yenilenebilir Enerji Sertifikalar\u0131 ile destekliyor. <\/strong><strong>Uluda\u011f Elektrik, <\/strong><strong>bu sertifikayla ayn\u0131 zamanda <\/strong><strong>m\u00fc\u015fterilerini i\u015f hayat\u0131nda s\u00fcrd\u00fcr\u00fclebilirli\u011fe de te\u015fvik ediyor.<\/strong><\/h2>\n<p style=\"text-align: center;\"><img loading=\"lazy\" class=\"aligncenter wp-image-189107\" src=\"https:\/\/www.enerjigazetesi.ist\/wp-content\/uploads\/2024\/06\/uludag-elektrik-ten-yenilenebilir-enerji-kullanimina-destek-1.jpg\" alt=\"\" width=\"500\" height=\"279\" srcset=\"https:\/\/www.enerjigazetesi.ist\/wp-content\/uploads\/2024\/06\/uludag-elektrik-ten-yenilenebilir-enerji-kullanimina-destek-1.jpg 550w, https:\/\/www.enerjigazetesi.ist\/wp-content\/uploads\/2024\/06\/uludag-elektrik-ten-yenilenebilir-enerji-kullanimina-destek-1-300x167.jpg 300w, https:\/\/www.enerjigazetesi.ist\/wp-content\/uploads\/2024\/06\/uludag-elektrik-ten-yenilenebilir-enerji-kullanimina-destek-1-500x279.jpg 500w, https:\/\/www.enerjigazetesi.ist\/wp-content\/uploads\/2024\/06\/uludag-elektrik-ten-yenilenebilir-enerji-kullanimina-destek-1-80x45.jpg 80w\" sizes=\"(max-width: 500px) 100vw, 500px\" \/><\/p>\n<p>D\u00fcnya genelinde fosil yak\u0131t kullan\u0131m\u0131 giderek azal\u0131yor. S\u00fcrd\u00fcr\u00fclebilir ve karbon n\u00f6tr do\u011fal kaynaklardan elde edilebilen enerjiye olan ilgi ise giderek art\u0131yor. Uluda\u011f Elektrik, karbon ayak izini azaltmak ve iklim de\u011fi\u015fikli\u011fiyle m\u00fccadele etmek i\u00e7in <strong>ye\u015fil enerji kullan\u0131m\u0131<\/strong> ve s\u0131f\u0131r karbon uygulamalar\u0131n\u0131n te\u015fvik edilmesi noktas\u0131nda faaliyetlerini s\u00fcrd\u00fcr\u00fcyor. Konuyla ilgili de\u011ferlendirmelerini aktaran <strong>Uluda\u011f Elektrik Genel M\u00fcd\u00fcr\u00fc Remezan Arslan, <\/strong><em>\u201cG\u00fcn\u00fcm\u00fczde d\u00fcnya genelinde yenilenebilir enerji kaynaklar\u0131na b\u00fcy\u00fck bir talep var. D\u00fc\u015f\u00fck karbon ekonomisine ge\u00e7i\u015fle birlikte, fosil yak\u0131t kullan\u0131m\u0131<img loading=\"lazy\" class=\"alignright wp-image-189105\" src=\"https:\/\/www.enerjigazetesi.ist\/wp-content\/uploads\/2024\/06\/uludag-elektrik-ten-yenilenebilir-enerji-kullanimina-destek.jpg\" alt=\"\" width=\"320\" height=\"261\" srcset=\"https:\/\/www.enerjigazetesi.ist\/wp-content\/uploads\/2024\/06\/uludag-elektrik-ten-yenilenebilir-enerji-kullanimina-destek.jpg 550w, https:\/\/www.enerjigazetesi.ist\/wp-content\/uploads\/2024\/06\/uludag-elektrik-ten-yenilenebilir-enerji-kullanimina-destek-300x245.jpg 300w, https:\/\/www.enerjigazetesi.ist\/wp-content\/uploads\/2024\/06\/uludag-elektrik-ten-yenilenebilir-enerji-kullanimina-destek-490x400.jpg 490w, https:\/\/www.enerjigazetesi.ist\/wp-content\/uploads\/2024\/06\/uludag-elektrik-ten-yenilenebilir-enerji-kullanimina-destek-61x50.jpg 61w, https:\/\/www.enerjigazetesi.ist\/wp-content\/uploads\/2024\/06\/uludag-elektrik-ten-yenilenebilir-enerji-kullanimina-destek-500x408.jpg 500w\" sizes=\"(max-width: 320px) 100vw, 320px\" \/> giderek azal\u0131yor. \u00d6zellikle i\u015fletmeler sera gaz\u0131 sal\u0131m\u0131n\u0131 azaltmak i\u00e7in \u00e7abal\u0131yor. Biz de Uluda\u011f Elektrik olarak \u015firketimizin s\u00fcrd\u00fcr\u00fclebilirlik stratejisi kapsam\u0131nda m\u00fc\u015fterilerimizi I-REC (International Renewable Energy Certificate) ile destekliyoruz\u201d<\/em> dedi.<\/p>\n<h3><strong>Enerjide S\u00fcrd\u00fcr\u00fclebilirli\u011fe Artan \u0130lgi <\/strong><\/h3>\n<p>D\u00fcnya genelinde yenilenebilir enerjinin pay\u0131 her ge\u00e7en g\u00fcn artarken T\u00fcrkiye\u2019de de i\u015fletmeler, karbon n\u00f6tr ile ilgili ulusal ve uluslararas\u0131 d\u00fczenlemelere ve standartlara uyma taahh\u00fctlerini belgelendirerek enerji \u00fcretimi ve t\u00fcketimi aras\u0131nda bir denge sa\u011flanmas\u0131na katk\u0131da bulunuyor. Uluda\u011f Elektrik ise yenilenebilir enerji santrallerinde <strong>\u00fcretilen her 1 MWh<\/strong>\u2019lik enerjiye kar\u015f\u0131, m\u00fc\u015fterilerinin t\u00fcketmi\u015f oldu\u011fu <strong>enerjiyi belgelendiriyor<\/strong> ve <strong>sertifikalama i\u015flemini<\/strong> ger\u00e7ekle\u015ftiriyor. M\u00fc\u015fterilerinin \u00e7evreye duyarl\u0131 enerji yolculu\u011funa destek olduklar\u0131n\u0131n alt\u0131n\u0131 \u00e7izen <strong>Remezan Arslan<\/strong>, <em>\u201cG\u00fcn\u00fcm\u00fczde firmalar\u0131n enerjilerini yenilenebilir kaynaklardan kullanmalar\u0131 hem bulunduklar\u0131 pazarlarda itibarlar\u0131n\u0131 y\u00fckseltiyor hem de rekabet g\u00fc\u00e7lerine katk\u0131da bulunuyor. Biz de sadece faaliyet g\u00f6sterdi\u011fimiz Bursa, Bal\u0131kesir, \u00c7anakkale ve Yalova\u2019da de\u011fil; t\u00fcm T\u00fcrkiye\u2019de hizmet verdi\u011fimiz b\u00fcy\u00fck \u00e7apl\u0131 m\u00fc\u015fterilerimizin enerji t\u00fcketirken ortaya \u00e7\u0131kan karbon emisyonunun azalt\u0131lmas\u0131 konusunda yenilenebilir enerji \u00e7\u00f6z\u00fcm\u00fc sunuyor ve bunu da <strong>Uluslararas\u0131 Yenilenebilir Enerji Sertifikas\u0131 IREC<\/strong> ile tescilliyoruz. Uluslararas\u0131 sertifika sisteminin temelinde yenilenebilir enerji kaynaklar\u0131ndan \u00fcretilen elektrik enerjisinin piyasada takip edilebilmesini sa\u011flamak yer al\u0131yor. \u00dcretim tesisinin ad\u0131n\u0131, \u00fcretim tarihini ve kaynak t\u00fcr\u00fcn\u00fc i\u00e7eren bu sertifika ayn\u0131 zamanda ulusal ve uluslararas\u0131 alanda yenilenebilir enerji hedefini de destekliyor. Uluda\u011f Elektrik olarak biz de hem yenilenebilir enerjiyi destekliyor hem de enerji t\u00fcketimindeki fosil yak\u0131tlar kaynakl\u0131 karbon sal\u0131m\u0131n\u0131 azaltmak gibi ama\u00e7lara hizmet eden bu sertifikayla s\u00fcrd\u00fcr\u00fclebilirli\u011fi destekliyoruz. Yaln\u0131zca I-REC ile de\u011fil, sat\u0131n al\u0131nan elektrikten kaynakl\u0131 emisyonun azalt\u0131lmas\u0131na y\u00f6nelik bir di\u011fer belge olan <strong>YEK-G (Yenilenebilir Enerji Kaynak Garanti Belgesi)<\/strong> ve \u00fcretim s\u00fcre\u00e7lerinden do\u011fan sera gaz\u0131 emisyonlar\u0131 ve emisyonlar\u0131n hesaplan\u0131p belgelendirilmesine y\u00f6nelik ticari ve \u00fcretim faaliyetlerini de kapsayan <strong>VCS<\/strong> olarak adland\u0131r\u0131lan <strong>Karbon Azalt\u0131m Sertifikas\u0131n\u0131<\/strong> da m\u00fc\u015fterilerimize sunarak, \u00fclkemizin 2053 s\u0131f\u0131r karbon hedefine ula\u015fmas\u0131na katk\u0131 sunuyoruz\u201d<\/em> a\u00e7\u0131klamalar\u0131nda bulundu.<\/p>","protected":false},"excerpt":{"rendered":"<p>Sorry, this entry is only available in Turkish. For the sake of viewer convenience, the content is shown below in the alternative language. You may click the link to switch the active language. S\u00fcrd\u00fcr\u00fclebilirlik stratejisiyle karbon ayak izini azaltmak ve iklim de\u011fi\u015fikli\u011fiyle m\u00fccadele etmek i\u00e7in ye\u015fil enerji kullan\u0131m\u0131 ve s\u0131f\u0131r karbon uygulamalar\u0131n\u0131n te\u015fvik edilmesi noktas\u0131nda [&hellip;]<\/p>\n","protected":false},"author":1,"featured_media":189107,"comment_status":"open","ping_status":"open","sticky":false,"template":"","format":"standard","meta":[],"categories":[51,53],"tags":[112186,28709,80854,114185,71395,3769],"views":27,"_links":{"self":[{"href":"https:\/\/www.enerjigazetesi.ist\/en\/wp-json\/wp\/v2\/posts\/189103"}],"collection":[{"href":"https:\/\/www.enerjigazetesi.ist\/en\/wp-json\/wp\/v2\/posts"}],"about":[{"href":"https:\/\/www.enerjigazetesi.ist\/en\/wp-json\/wp\/v2\/types\/post"}],"author":[{"embeddable":true,"href":"https:\/\/www.enerjigazetesi.ist\/en\/wp-json\/wp\/v2\/users\/1"}],"replies":[{"embeddable":true,"href":"https:\/\/www.enerjigazetesi.ist\/en\/wp-json\/wp\/v2\/comments?post=189103"}],"version-history":[{"count":0,"href":"https:\/\/www.enerjigazetesi.ist\/en\/wp-json\/wp\/v2\/posts\/189103\/revisions"}],"wp:featuredmedia":[{"embeddable":true,"href":"https:\/\/www.enerjigazetesi.ist\/en\/wp-json\/wp\/v2\/media\/189107"}],"wp:attachment":[{"href":"https:\/\/www.enerjigazetesi.ist\/en\/wp-json\/wp\/v2\/media?parent=189103"}],"wp:term":[{"taxonomy":"category","embeddable":true,"href":"https:\/\/www.enerjigazetesi.ist\/en\/wp-json\/wp\/v2\/categories?post=189103"},{"taxonomy":"post_tag","embeddable":true,"href":"https:\/\/www.enerjigazetesi.ist\/en\/wp-json\/wp\/v2\/tags?post=189103"}],"curies":[{"name":"wp","href":"https:\/\/api.w.org\/{rel}","templated":true}]}}