{"id":189079,"date":"2024-06-10T14:31:37","date_gmt":"2024-06-10T11:31:37","guid":{"rendered":"https:\/\/www.enerjigazetesi.ist\/?p=189079"},"modified":"2024-06-10T14:31:37","modified_gmt":"2024-06-10T11:31:37","slug":"star-rafineri-2023-ihracat-sampiyonlari-listesinde-3-uncu-sirada","status":"publish","type":"post","link":"https:\/\/www.enerjigazetesi.ist\/en\/star-rafineri-2023-ihracat-sampiyonlari-listesinde-3-uncu-sirada\/","title":{"rendered":"(Turkish) STAR Rafineri &#8220;2023 \u0130hracat \u015eampiyonlar\u0131&#8221; Listesinde 3&#8217;\u00fcnc\u00fc S\u0131rada"},"content":{"rendered":"<p class=\"qtranxs-available-languages-message qtranxs-available-languages-message-en\">Sorry, this entry is only available in <a href=\"https:\/\/www.enerjigazetesi.ist\/tr\/wp-json\/wp\/v2\/posts\/189079\" class=\"qtranxs-available-language-link qtranxs-available-language-link-tr\" title=\"Turkish\">Turkish<\/a>. For the sake of viewer convenience, the content is shown below in the alternative language. You may click the link to switch the active language.<\/p><p><\/p>\n<h2>T\u00fcrkiye \u0130hracat\u00e7\u0131lar Meclisi\u2019nin (T\u0130M) &#8220;2023 \u0130hracat \u015eampiyonlar\u0131&#8221; \u00f6d\u00fcl t\u00f6reni, \u00a0Hali\u00e7 Kongre Merkezi&#8217;nde, Cumhurba\u015fkan\u0131 Say\u0131n Recep Tayyip Erdo\u011fan&#8217;\u0131n te\u015frifleriyle ger\u00e7ekle\u015ftirildi. T\u00f6rende, 2023 y\u0131l\u0131nda en \u00e7ok ihracat yapan ilk 10 firmaya \u00f6d\u00fclleri takdim edildi.<\/h2>\n<p style=\"text-align: center;\"><img loading=\"lazy\" class=\"aligncenter wp-image-189082\" src=\"https:\/\/www.enerjigazetesi.ist\/wp-content\/uploads\/2024\/06\/star-rafineri-2023-ihracat-sampiyonlari-listesinde-3-uncu-sirada-1.jpg\" alt=\"\" width=\"500\" height=\"373\" srcset=\"https:\/\/www.enerjigazetesi.ist\/wp-content\/uploads\/2024\/06\/star-rafineri-2023-ihracat-sampiyonlari-listesinde-3-uncu-sirada-1.jpg 550w, https:\/\/www.enerjigazetesi.ist\/wp-content\/uploads\/2024\/06\/star-rafineri-2023-ihracat-sampiyonlari-listesinde-3-uncu-sirada-1-300x224.jpg 300w, https:\/\/www.enerjigazetesi.ist\/wp-content\/uploads\/2024\/06\/star-rafineri-2023-ihracat-sampiyonlari-listesinde-3-uncu-sirada-1-500x373.jpg 500w, https:\/\/www.enerjigazetesi.ist\/wp-content\/uploads\/2024\/06\/star-rafineri-2023-ihracat-sampiyonlari-listesinde-3-uncu-sirada-1-67x50.jpg 67w\" sizes=\"(max-width: 500px) 100vw, 500px\" \/><\/p>\n<p>T\u00fcrkiye \u0130hracat\u00e7\u0131lar Meclisi\u2019nin (T\u0130M) a\u00e7\u0131klad\u0131\u011f\u0131 <strong>\u201c2023 \u0130hracat \u015eampiyonlar\u0131\u201d listesi<\/strong>nde, T\u00fcrkiye\u2019nin en b\u00fcy\u00fck do\u011frudan d\u0131\u015f yat\u0131r\u0131mc\u0131s\u0131 ve en b\u00fcy\u00fck entegre end\u00fcstri grubu SOCAR T\u00fcrkiye grup \u015firketlerinden <strong>STAR Rafineri<\/strong>, T\u00fcrkiye genelinde mal ihracat\u0131 tutar\u0131na g\u00f6re belirlenen <strong>\u201c2023 \u0130hracat \u015eampiyonlar\u0131\u201d<\/strong> listesinde<strong> 3. s\u0131rada<\/strong> yerini ald\u0131. STAR Rafineri ayr\u0131ca, <strong>Kimyevi Maddeler ve Mam\u00fclleri kategorisinde sekt\u00f6r birincisi<\/strong> oldu.<\/p>\n<p>STAR Rafineri\u2019nin ihracat \u015fampiyonu \u00f6d\u00fcl\u00fc, <strong>Cumhurba\u015fkan\u0131 Say\u0131n Recep Tayyip Erdo\u011fan<\/strong> taraf\u0131ndan SOCAR Ba\u015fkan\u0131 Rovshan Najaf\u2019a takdim edildi. <strong>STAR Rafineri\u2019nin, Kimyevi Maddeler ve Mam\u00fclleri kategorisinde sekt\u00f6r birincili\u011fi \u00f6d\u00fcl\u00fc<\/strong> ise T\u00fcrkiye Cumhuriyeti Ticaret Bakan\u0131 \u00d6mer Bolat taraf\u0131ndan SOCAR Ba\u015fkan\u0131 Rovshan Najaf\u2019a takdim edildi.<\/p>\n<p>Azerbaycan Ulusal Lideri Haydar Aliyev&#8217;in &#8220;Tek millet, iki devlet&#8221; s\u00f6z\u00fcn\u00fc temel alan Azerbaycan-T\u00fcrkiye ili\u015fkileri her alanda h\u0131zla geli\u015fmektedir. \u0130ki karde\u015f \u00fclke Azerbaycan ve T\u00fcrkiye\u2019nin enerji sekt\u00f6r\u00fcn\u00fcn geli\u015fimine katk\u0131 sa\u011flamak amac\u0131yla SOCAR&#8217;\u0131n T\u00fcrkiye&#8217;deki faaliyetleri de kararl\u0131kla devam etmektedir. SOCAR T\u00fcrkiye\u2019nin ald\u0131\u011f\u0131 \u00f6d\u00fcller de SOCAR&#8217;\u0131n T\u00fcrkiye&#8217;deki faaliyetlerine verilen deste\u011fin ve \u00f6nemin ne kadar b\u00fcy\u00fck oldu\u011funun a\u00e7\u0131k bir \u00f6rne\u011fidir.<\/p>","protected":false},"excerpt":{"rendered":"<p>Sorry, this entry is only available in Turkish. For the sake of viewer convenience, the content is shown below in the alternative language. You may click the link to switch the active language. T\u00fcrkiye \u0130hracat\u00e7\u0131lar Meclisi\u2019nin (T\u0130M) &#8220;2023 \u0130hracat \u015eampiyonlar\u0131&#8221; \u00f6d\u00fcl t\u00f6reni, \u00a0Hali\u00e7 Kongre Merkezi&#8217;nde, Cumhurba\u015fkan\u0131 Say\u0131n Recep Tayyip Erdo\u011fan&#8217;\u0131n te\u015frifleriyle ger\u00e7ekle\u015ftirildi. T\u00f6rende, 2023 y\u0131l\u0131nda [&hellip;]<\/p>\n","protected":false},"author":1,"featured_media":189081,"comment_status":"open","ping_status":"open","sticky":false,"template":"","format":"standard","meta":[],"categories":[53,44],"tags":[114180,28565,1567,5462],"views":38,"_links":{"self":[{"href":"https:\/\/www.enerjigazetesi.ist\/en\/wp-json\/wp\/v2\/posts\/189079"}],"collection":[{"href":"https:\/\/www.enerjigazetesi.ist\/en\/wp-json\/wp\/v2\/posts"}],"about":[{"href":"https:\/\/www.enerjigazetesi.ist\/en\/wp-json\/wp\/v2\/types\/post"}],"author":[{"embeddable":true,"href":"https:\/\/www.enerjigazetesi.ist\/en\/wp-json\/wp\/v2\/users\/1"}],"replies":[{"embeddable":true,"href":"https:\/\/www.enerjigazetesi.ist\/en\/wp-json\/wp\/v2\/comments?post=189079"}],"version-history":[{"count":0,"href":"https:\/\/www.enerjigazetesi.ist\/en\/wp-json\/wp\/v2\/posts\/189079\/revisions"}],"wp:featuredmedia":[{"embeddable":true,"href":"https:\/\/www.enerjigazetesi.ist\/en\/wp-json\/wp\/v2\/media\/189081"}],"wp:attachment":[{"href":"https:\/\/www.enerjigazetesi.ist\/en\/wp-json\/wp\/v2\/media?parent=189079"}],"wp:term":[{"taxonomy":"category","embeddable":true,"href":"https:\/\/www.enerjigazetesi.ist\/en\/wp-json\/wp\/v2\/categories?post=189079"},{"taxonomy":"post_tag","embeddable":true,"href":"https:\/\/www.enerjigazetesi.ist\/en\/wp-json\/wp\/v2\/tags?post=189079"}],"curies":[{"name":"wp","href":"https:\/\/api.w.org\/{rel}","templated":true}]}}