{"id":189016,"date":"2024-06-07T17:45:17","date_gmt":"2024-06-07T14:45:17","guid":{"rendered":"https:\/\/www.enerjigazetesi.ist\/?p=189016"},"modified":"2024-06-07T17:45:17","modified_gmt":"2024-06-07T14:45:17","slug":"enerjide-yesil-donusume-yeka-ve-yekdem-destegi-kritik-onem-tasiyor","status":"publish","type":"post","link":"https:\/\/www.enerjigazetesi.ist\/en\/enerjide-yesil-donusume-yeka-ve-yekdem-destegi-kritik-onem-tasiyor\/","title":{"rendered":"(Turkish) &#8221;Enerjide Ye\u015fil D\u00f6n\u00fc\u015f\u00fcme YEKA ve YEKDEM Deste\u011fi Kritik \u00d6nem Ta\u015f\u0131yor&#8221;"},"content":{"rendered":"<p class=\"qtranxs-available-languages-message qtranxs-available-languages-message-en\">Sorry, this entry is only available in <a href=\"https:\/\/www.enerjigazetesi.ist\/tr\/wp-json\/wp\/v2\/posts\/189016\" class=\"qtranxs-available-language-link qtranxs-available-language-link-tr\" title=\"Turkish\">Turkish<\/a>. For the sake of viewer convenience, the content is shown below in the alternative language. You may click the link to switch the active language.<\/p><p><\/p>\n<h2><strong>T\u00fcrkiye\u2019de yenilebilir enerji kaynaklar\u0131ndan sa\u011flanan enerji \u00fcretimi artmaya devam ediyor. YEKA ve YEKDEM programlar\u0131yla sa\u011flanan katk\u0131lar\u0131n, T\u00fcrkiye\u2019nin enerji arz g\u00fcvenli\u011fini g\u00fc\u00e7lendirirken d\u0131\u015fa ba\u011f\u0131ml\u0131l\u0131\u011f\u0131 azaltt\u0131\u011f\u0131n\u0131 kaydeden Eksim Enerji CEO\u2019su Ark\u0131n Akbay <em>\u201c\u00dclke olarak, Avrupa b\u00f6lgesi yenilenebilir enerji kullan\u0131m\u0131nda 5. s\u0131raday\u0131z. 2024 Nisan ay\u0131 sonunda yenilenebilir enerjinin elektrik \u00fcretimindeki pay\u0131 y\u00fczde 53 seviyesine ula\u015ft\u0131. Sekt\u00f6r\u00fcn geli\u015fmesi i\u00e7in kamu y\u00f6netiminin deste\u011fi kritik ve verilen destek t\u00fcm \u00fclkeye art\u0131 de\u011fer olarak geri d\u00f6n\u00fcyor. Enerji sekt\u00f6r\u00fcndeki bu ger\u00e7ekli\u011fe dikkat \u00e7ekerken D\u00fcnya \u00c7evre G\u00fcn\u00fc&#8217;n\u00fc de kutluyor, temiz enerji fark\u0131ndal\u0131\u011f\u0131n\u0131n daha da artaca\u011f\u0131 ye\u015fil yar\u0131nlara hep birlikte ula\u015faca\u011f\u0131m\u0131za inan\u0131yorum.&#8221;<\/em> dedi.<\/strong><\/h2>\n<p>T\u00fcrkiye\u2019nin yenilenebilir enerji portf\u00f6y\u00fcne \u00f6nemli katk\u0131lar sunan <strong>Eksim Enerji\u2019nin CEO\u2019su Ark\u0131n Akbay;<\/strong> yenilenebilir d\u00f6n\u00fc\u015f\u00fcm i\u00e7in geli\u015ftirilen te\u015fvik programlar\u0131n\u0131n, enerji arz kompozisyonundaki h\u0131zl\u0131 d\u00f6n\u00fc\u015f\u00fcme olumlu etkisine dair a\u00e7\u0131klamalarda bulundu. Akbay, <em>\u201c\u00dclke olarak, Avrupa b\u00f6lgesi<img loading=\"lazy\" class=\"alignright wp-image-189019\" src=\"https:\/\/www.enerjigazetesi.ist\/wp-content\/uploads\/2024\/06\/enerjide-yesil-donusume-yeka-ve-yekdem-destegi-kritik-onem-tasiyor-1.jpg\" alt=\"\" width=\"320\" height=\"316\" srcset=\"https:\/\/www.enerjigazetesi.ist\/wp-content\/uploads\/2024\/06\/enerjide-yesil-donusume-yeka-ve-yekdem-destegi-kritik-onem-tasiyor-1.jpg 486w, https:\/\/www.enerjigazetesi.ist\/wp-content\/uploads\/2024\/06\/enerjide-yesil-donusume-yeka-ve-yekdem-destegi-kritik-onem-tasiyor-1-300x296.jpg 300w, https:\/\/www.enerjigazetesi.ist\/wp-content\/uploads\/2024\/06\/enerjide-yesil-donusume-yeka-ve-yekdem-destegi-kritik-onem-tasiyor-1-405x400.jpg 405w, https:\/\/www.enerjigazetesi.ist\/wp-content\/uploads\/2024\/06\/enerjide-yesil-donusume-yeka-ve-yekdem-destegi-kritik-onem-tasiyor-1-51x50.jpg 51w, https:\/\/www.enerjigazetesi.ist\/wp-content\/uploads\/2024\/06\/enerjide-yesil-donusume-yeka-ve-yekdem-destegi-kritik-onem-tasiyor-1-100x100.jpg 100w\" sizes=\"(max-width: 320px) 100vw, 320px\" \/> yenilenebilir enerji kullan\u0131m\u0131nda 5. s\u0131raday\u0131z. Nisan ay\u0131 sonunda yenilenebilir enerjinin elektrik \u00fcretimdeki pay\u0131 y\u00fczde 53 seviyesinde ger\u00e7ekle\u015fti. Kamu y\u00f6netiminin d\u00f6n\u00fc\u015f\u00fcme h\u0131z katan te\u015fvikleri ve enerji \u00fcretiminde yerli ekipman kullan\u0131m\u0131nda sunulan katk\u0131 pay\u0131, enerjide ye\u015fil d\u00f6n\u00fc\u015f\u00fcm\u00fc h\u0131zland\u0131rd\u0131, sanayi \u00fcr\u00fcn yelpazemizi geni\u015fletti, ihracata katk\u0131 sa\u011flad\u0131. T\u00fcrkiye&#8217;nin enerji sekt\u00f6r\u00fcnde s\u00fcrd\u00fcr\u00fclebilir ve \u00e7evreye duyarl\u0131 politikalar\u0131 benimsemesi, \u00fclkenin enerji g\u00fcvenli\u011fini sa\u011flamaya ve ekonomik kalk\u0131nmay\u0131 desteklemeye y\u00f6nelik \u00f6nemli bir ad\u0131m oldu. Yenilenebilir enerji kaynaklar\u0131, alternatifleri olan fosil yak\u0131tlara oranla ekonomik uzun s\u00fcreli marjinal maliyetleri ile elektrik enerjisi t\u00fcketimi yo\u011fun sekt\u00f6rlerimizin rekabet edebilirli\u011fini art\u0131r\u0131yor. Bununla birlikte, \u00fclkemizin ortalama elektrik enerjisi maliyetlerinin d\u00fc\u015fmesine de katk\u0131da bulunuyor. Sanayimizin sermaye birikimini kuvvetlendiriyor ve kendi d\u00f6n\u00fc\u015f\u00fcm\u00fc ile verimini art\u0131rmas\u0131n\u0131 sa\u011fl\u0131yor. Yerli katk\u0131 pay\u0131 ise bu s\u00fcre\u00e7te \u00f6nemli bir kataliz\u00f6r g\u00f6revi \u00fcstlendi. Kamu y\u00f6netiminin \u00f6ng\u00f6r\u00fcl\u00fc politikalar\u0131 ve uygulamaya verdi\u011fi destek,\u00a0 \u00fclkemize art\u0131 de\u011fer olarak geri d\u00f6n\u00fcyor\u201d<\/em> dedi.<\/p>\n<h3><strong>\u201cYerli Ekipman \u00dcreticilerine Destek Elzem\u201d<\/strong><\/h3>\n<p>Yenilenebilir enerji \u00fcretiminde kullan\u0131lan ekipmanlar i\u00e7in sunulan <strong>yerli \u00fcretim katk\u0131 pay\u0131<\/strong> ve <strong>yenilenebilir enerji projelerini<\/strong> hayata ge\u00e7iren kurulu\u015flara sa\u011flanan <strong>yat\u0131r\u0131m te\u015fvikleri<\/strong> ye\u015fil d\u00f6n\u00fc\u015f\u00fcme h\u0131z kazand\u0131r\u0131yor. Yenilenebilir Enerji Kaynak Alanlar\u0131, k\u0131saca YEKA y\u00f6ntemi,\u00a0 \u00fcretim ekipmanlar\u0131n\u0131n yerli \u00fcretim oranlar\u0131n\u0131n kademeli olarak art\u0131r\u0131ld\u0131\u011f\u0131 \u015fekilde yerli sanayinin geli\u015fimine destek verdi. YEKA ve YEKDEM programlar\u0131n\u0131n yerli ekipman \u00fcreticileri i\u00e7in de olumlu sonu\u00e7lar sa\u011flad\u0131\u011f\u0131n\u0131 ifade eden Akbay, s\u00f6zlerine \u015f\u00f6yle devam etti: <em>\u201cBu programlar sayesinde T\u00fcrkiye, yenilenebilir enerji alan\u0131nda \u00f6nemli yetkinlikler kazand\u0131 ve uluslararas\u0131 alanda \u00fcretim kalitesi ile \u00f6n plana \u00e7\u0131kan bir oyuncu haline geldi. Ancak baz\u0131 zorluklar da yok de\u011fil. Y\u00fcksek enflasyon ve para biriminin \u00f6ng\u00f6r\u00fclemeyen ani de\u011fer kayb\u0131 gibi ekonomik ko\u015fullardaki de\u011fi\u015fimler, YEKA, YEKDEM yerli katk\u0131 pay\u0131 te\u015fviklerinin verimlili\u011fini olumsuz y\u00f6nde etkileyebiliyor, bu durum te\u015fvik mekanizmas\u0131n\u0131n etkinli\u011fini de d\u00fc\u015f\u00fcr\u00fcyor ve yat\u0131r\u0131mlar\u0131 yava\u015flat\u0131yor. S\u00fcrd\u00fcr\u00fclebilir b\u00fcy\u00fcme ve topyek\u00fbn kalk\u0131nma i\u00e7in <strong>yenilenebilir enerji<\/strong> ve <strong>sanayide ye\u015fil d\u00f6n\u00fc\u015f\u00fcm<\/strong> \u015fart.\u201d<\/em> dedi.<\/p>\n<p>Eksim Enerji CEO\u2019su Akbay, YEKA ve Yenilenmi\u015f YEKDEM gibi destek programlar\u0131nda yer alan yerli katk\u0131 pay\u0131 uygulamas\u0131n\u0131n, TL bazl\u0131 olarak tespit edildi\u011fini, enflasyon endekslerine ve yabanc\u0131 para birimlerine ba\u011fl\u0131 periyodik ayarlamalar\u0131n zamansal olarak geriden geli\u015fi ile arzu edilen katk\u0131y\u0131 sa\u011flayamad\u0131\u011f\u0131n\u0131, finans kurulu\u015flar\u0131n\u0131n proje finansman\u0131na mesafeli yakla\u015fmalar\u0131na neden oldu\u011funu da vurgulad\u0131. Akbay,<em> \u201cBirinci YEKDEM d\u00f6neminde ola\u011fan\u00fcst\u00fc bir h\u0131zla yenilenebilir enerji kaynaklar\u0131na ge\u00e7i\u015fimiz bug\u00fcn ortalama enerji maliyetlerimizi d\u00fc\u015f\u00fcrmemizi sa\u011flam\u0131\u015ft\u0131r. Yenilenebilir enerji kaynaklar\u0131ndan elde edilen elektrik \u00fcretimi yat\u0131r\u0131mlar\u0131nda, yat\u0131r\u0131m h\u0131z\u0131n\u0131n korunmas\u0131 ve yerli ekipman \u00fcreticisinin \u00fcretim yelpazesini geli\u015ftirebilmesi ve ihracat hacimlerini art\u0131rmas\u0131 i\u00e7in YEKDEM ve YEKA fiyat ayarlama metodolojisine dayal\u0131 yat\u0131r\u0131mc\u0131 kay\u0131plar\u0131n\u0131n ortadan kald\u0131r\u0131lmas\u0131 elzemdir. Bu sebeple form\u00fcl\u00fcn i\u015fletme s\u0131kl\u0131\u011f\u0131, ayl\u0131k seviyede oldu\u011fu gibi ayl\u0131k s\u00fcre i\u00e7inde ya\u015fanan kay\u0131plar da bir sonraki ayl\u0131k d\u00f6neme eklenmek suretiyle giderildi\u011fi takdirde veya YEKDEM birinci d\u00f6nemindeki uygulama temel al\u0131nd\u0131\u011f\u0131nda d\u00f6n\u00fc\u015f\u00fcm h\u0131zlanacak ve \u00fclkemizin uzun s\u00fcreli rekabet\u00e7ili\u011fi g\u00fcvence alt\u0131na al\u0131nacakt\u0131r. Bu sayede T\u00fcrkiye, hem kendi enerji ihtiya\u00e7lar\u0131n\u0131 daha s\u00fcrd\u00fcr\u00fclebilir bir \u015fekilde kar\u015f\u0131layabilir hale gelecektir hem de ye\u015fil d\u00f6n\u00fc\u015f\u00fcmde ihtiya\u00e7 olan ekosistemin olu\u015fum s\u00fcrecini daha etkin bir \u015fekilde h\u0131zland\u0131racakt\u0131r. Ayr\u0131ca, \u00fclkemiz sanayisi enerji \u00fcretimine dayal\u0131 karbon vergisinin y\u00fck\u00fcnden de ari kalacakt\u0131r. Sanayi kurulu\u015flar\u0131m\u0131z\u0131n bu sayede elde edecekleri sermaye birikimi kendi alanlar\u0131nda ye\u015fil d\u00f6n\u00fc\u015f\u00fcm ile verim art\u0131\u015f\u0131 yat\u0131r\u0131mlar\u0131na kaynak yaratacakt\u0131r.\u201d<\/em> a\u00e7\u0131klamalar\u0131n\u0131 yapt\u0131.<\/p>\n<h3><strong>Enerjide Fiyat Art\u0131\u015flar\u0131na Kar\u015f\u0131 Re\u00e7ete Ye\u015fil D\u00f6n\u00fc\u015f\u00fcm<\/strong><\/h3>\n<p>Enerji ve Tabii Kaynaklar Bakanl\u0131\u011f\u0131\u2019n\u0131n EPDK ve TE\u0130A\u015e, global enerji ekosistemi a\u00e7\u0131s\u0131ndan \u00f6rnek te\u015fkil edecek \u00e7al\u0131\u015fmalara imza att\u0131\u011f\u0131n\u0131, yerli imkanlarla enerji \u00fcretimine y\u00f6nelik deste\u011fin s\u00fcrd\u00fc\u011f\u00fcn\u00fc belirten Akbay, enerji fiyatlar\u0131 konusunda uyard\u0131:<em> \u201cHen\u00fcz etkilerini kuvvetli ya\u015famad\u0131k ancak karbon sal\u0131m\u0131 olan geli\u015fmi\u015f \u00fclkelerin piyasalar\u0131nda fiyat art\u0131\u015flar\u0131 ya\u015fan\u0131yor. Bu art\u0131\u015flar\u0131n bizim sanayimize de yans\u0131d\u0131\u011f\u0131 ve ilerleyen s\u00fcre\u00e7te daha fazla hissedilece\u011fi a\u015fikar. Re\u00e7etenin ba\u015f\u0131nda yenilenebilir enerjiye h\u0131zl\u0131 d\u00f6n\u00fc\u015f\u00fcm geliyor.\u201d<\/em> \u015feklinde konu\u015ftu.<\/p>\n<p>Eksim Enerji CEO\u2019su Ark\u0131n Akbay, YEKA ve YEKDEM\u2019e dair de\u011ferlendirmelerinin yan\u0131 s\u0131ra <em>\u201cS\u00fcrd\u00fcr\u00fclebilir temiz bir gelecek i\u00e7in hepimize b\u00fcy\u00fck sorumluluklar d\u00fc\u015ft\u00fc\u011f\u00fcn\u00fcn alt\u0131n\u0131 bir kez daha \u00e7izmeliyiz. D\u00fcnya \u00fczerindeki do\u011fal kaynaklar\u0131n s\u0131n\u0131rs\u0131z olmad\u0131\u011f\u0131n\u0131 ve iklim de\u011fi\u015fikli\u011fi gibi k\u00fcresel sorunlar\u0131n ciddiyetini her ge\u00e7en g\u00fcn artarak m\u00fc\u015fahede ediyoruz. 2023 y\u0131l\u0131nda yenilenebilir enerji yat\u0131r\u0131mlar\u0131, fosil yak\u0131tlara yap\u0131lan yat\u0131r\u0131mlar\u0131 geride b\u0131rakarak rekor seviyeye ula\u015ft\u0131. Bu oran \u00f6n\u00fcm\u00fczdeki y\u0131llarda artmaya devam edecek. Biz de Eksim enerji olarak yenilebilir enerjinin oda\u011f\u0131nda ger\u00e7ekle\u015ftirdi\u011fimiz yat\u0131r\u0131mlar\u0131m\u0131za enerji verimlili\u011fi esasl\u0131 Ara\u015ft\u0131rma-Geli\u015ftirme faaliyetlerini ve geli\u015fen teknolojik uygulamalar\u0131 da alarak ba\u015fta \u00fclkemiz olmak \u00fczere her nerede ihtiya\u00e7 varsa <strong>yenilenebilir enerji \u00fcretim projelerimize<\/strong> kararl\u0131l\u0131kla devam edece\u011fimizi bir kez daha payla\u015fmak istiyorum. D\u00fcnya \u00c7evre G\u00fcn\u00fcn\u00fc kutluyor, temiz enerji fark\u0131ndal\u0131\u011f\u0131n\u0131n daha da artaca\u011f\u0131 ye\u015fil yar\u0131nlara hep birlikte ula\u015faca\u011f\u0131m\u0131za inan\u0131yorum.\u201d<\/em> dedi.<\/p>","protected":false},"excerpt":{"rendered":"<p>Sorry, this entry is only available in Turkish. For the sake of viewer convenience, the content is shown below in the alternative language. You may click the link to switch the active language. T\u00fcrkiye\u2019de yenilebilir enerji kaynaklar\u0131ndan sa\u011flanan enerji \u00fcretimi artmaya devam ediyor. YEKA ve YEKDEM programlar\u0131yla sa\u011flanan katk\u0131lar\u0131n, T\u00fcrkiye\u2019nin enerji arz g\u00fcvenli\u011fini g\u00fc\u00e7lendirirken d\u0131\u015fa [&hellip;]<\/p>\n","protected":false},"author":1,"featured_media":189018,"comment_status":"open","ping_status":"open","sticky":false,"template":"","format":"standard","meta":[],"categories":[51,53,50],"tags":[15555,97192,114150,98553,25578,8275,105,31711,74313,114151],"views":29,"_links":{"self":[{"href":"https:\/\/www.enerjigazetesi.ist\/en\/wp-json\/wp\/v2\/posts\/189016"}],"collection":[{"href":"https:\/\/www.enerjigazetesi.ist\/en\/wp-json\/wp\/v2\/posts"}],"about":[{"href":"https:\/\/www.enerjigazetesi.ist\/en\/wp-json\/wp\/v2\/types\/post"}],"author":[{"embeddable":true,"href":"https:\/\/www.enerjigazetesi.ist\/en\/wp-json\/wp\/v2\/users\/1"}],"replies":[{"embeddable":true,"href":"https:\/\/www.enerjigazetesi.ist\/en\/wp-json\/wp\/v2\/comments?post=189016"}],"version-history":[{"count":0,"href":"https:\/\/www.enerjigazetesi.ist\/en\/wp-json\/wp\/v2\/posts\/189016\/revisions"}],"wp:featuredmedia":[{"embeddable":true,"href":"https:\/\/www.enerjigazetesi.ist\/en\/wp-json\/wp\/v2\/media\/189018"}],"wp:attachment":[{"href":"https:\/\/www.enerjigazetesi.ist\/en\/wp-json\/wp\/v2\/media?parent=189016"}],"wp:term":[{"taxonomy":"category","embeddable":true,"href":"https:\/\/www.enerjigazetesi.ist\/en\/wp-json\/wp\/v2\/categories?post=189016"},{"taxonomy":"post_tag","embeddable":true,"href":"https:\/\/www.enerjigazetesi.ist\/en\/wp-json\/wp\/v2\/tags?post=189016"}],"curies":[{"name":"wp","href":"https:\/\/api.w.org\/{rel}","templated":true}]}}