{"id":189005,"date":"2024-06-06T21:08:07","date_gmt":"2024-06-06T18:08:07","guid":{"rendered":"https:\/\/www.enerjigazetesi.ist\/?p=189005"},"modified":"2024-06-06T21:08:07","modified_gmt":"2024-06-06T18:08:07","slug":"biotrend-den-cevre-haftasi-nda-cevrefest-e-destek","status":"publish","type":"post","link":"https:\/\/www.enerjigazetesi.ist\/en\/biotrend-den-cevre-haftasi-nda-cevrefest-e-destek\/","title":{"rendered":"(Turkish) Biotrend&#8217;den \u00c7evre Haftas\u0131&#8217;nda \u00c7EVREFEST\u2019e Destek&#8230;"},"content":{"rendered":"<p class=\"qtranxs-available-languages-message qtranxs-available-languages-message-en\">Sorry, this entry is only available in <a href=\"https:\/\/www.enerjigazetesi.ist\/tr\/wp-json\/wp\/v2\/posts\/189005\" class=\"qtranxs-available-language-link qtranxs-available-language-link-tr\" title=\"Turkish\">Turkish<\/a>. For the sake of viewer convenience, the content is shown below in the alternative language. You may click the link to switch the active language.<\/p><p><\/p>\n<h2>Gezegenimizin s\u00fcrd\u00fcr\u00fclebilirlik departman\u0131\u00a0Biotrend, bu y\u0131lki \u00c7evre Haftas\u0131 kapsam\u0131nda \u00c7evre ve \u015eehircilik Bakanl\u0131\u011f\u0131 taraf\u0131ndan d\u00fczenlenen\u00a0\u00c7EVREFEST\u2019e\u00a0destek vererek s\u00fcrd\u00fcr\u00fclebilirlik konusundaki hassasiyetini bir kez daha g\u00f6steriyor.<\/h2>\n<p style=\"text-align: center;\"><img loading=\"lazy\" class=\"aligncenter wp-image-189008\" src=\"https:\/\/www.enerjigazetesi.ist\/wp-content\/uploads\/2024\/06\/biotrend-den-cevre-haftasi-nda-cevrefest-e-destek-1.jpg\" alt=\"\" width=\"500\" height=\"280\" srcset=\"https:\/\/www.enerjigazetesi.ist\/wp-content\/uploads\/2024\/06\/biotrend-den-cevre-haftasi-nda-cevrefest-e-destek-1.jpg 550w, https:\/\/www.enerjigazetesi.ist\/wp-content\/uploads\/2024\/06\/biotrend-den-cevre-haftasi-nda-cevrefest-e-destek-1-300x168.jpg 300w, https:\/\/www.enerjigazetesi.ist\/wp-content\/uploads\/2024\/06\/biotrend-den-cevre-haftasi-nda-cevrefest-e-destek-1-500x280.jpg 500w, https:\/\/www.enerjigazetesi.ist\/wp-content\/uploads\/2024\/06\/biotrend-den-cevre-haftasi-nda-cevrefest-e-destek-1-80x45.jpg 80w\" sizes=\"(max-width: 500px) 100vw, 500px\" \/><\/p>\n<h3><strong>At\u0131k Y\u00f6netimi ve Geri D\u00f6n\u00fc\u015f\u00fcm ile S\u00fcrd\u00fcr\u00fclebilir Bir Gelecek<\/strong><\/h3>\n<p>Festival kapsam\u0131nda Biotrend&#8217;e ayr\u0131lan alanda, Bergama tesisinde \u00f6zel bir okulun \u00f6\u011frencileriyle birlikte geli\u015ftirilen <strong>&#8220;\u00c7evreci Heykeller&#8221; projesi<\/strong>nden<strong> Poseidon heykeli<\/strong> sergilenecek. Bu projede antik mitler g\u00fcn\u00fcm\u00fcz \u00e7evre sorunlar\u0131yla harmanlanarak <strong>at\u0131klardan mermer g\u00f6r\u00fcn\u00fcml\u00fc heykeller<\/strong> \u00fcretiliyor. Poseidon&#8217;un <strong>pet \u015fi\u015feler<\/strong> ve <strong>bal\u0131k\u00e7\u0131 a\u011flar\u0131<\/strong> aras\u0131nda <strong>bo\u011fulmas\u0131 heykeli<\/strong>, <strong>deniz kirlili\u011fi<\/strong> ve <strong>plastik at\u0131klar\u0131n deniz canl\u0131lar\u0131na verdi\u011fi zararlar\u0131<\/strong> temsil ediyor.<\/p>\n<p>Biotrend stand\u0131nda ayr\u0131ca, tesislerindeki i\u015fleme ad\u0131mlar\u0131n\u0131 g\u00f6steren \u00f6zel bir panel yer alacak. Ziyaret\u00e7iler, bu panelde <strong>at\u0131klar\u0131n ad\u0131m ad\u0131m enerjiye d\u00f6n\u00fc\u015fmesini<\/strong> k\u00fc\u00e7\u00fck bir model \u00fczerinden deneyimleyebilecekler.<\/p>\n<h3><strong>Biotrend, \u00c7evreye Olan Ba\u011fl\u0131l\u0131\u011f\u0131n\u0131 S\u00fcrd\u00fcr\u00fclebilirlik Hedefleriyle Peki\u015ftiriyor<\/strong><\/h3>\n<p>\u015eirket, \u00fcretimde verimlili\u011fi art\u0131rarak karbon ayak izini azaltmaya, <strong>at\u0131k y\u00f6netimini<\/strong> optimize ederek s\u0131f\u0131r at\u0131k hedefine ula\u015fmaya, geri d\u00f6n\u00fc\u015ft\u00fcr\u00fclm\u00fc\u015f hammaddelerden \u00fcr\u00fcn geli\u015ftirmeye ve \u00e7evre bilincini art\u0131rmaya odaklan\u0131yor.<\/p>\n<p>Biotrend, 2023 y\u0131l\u0131nda \u00fcretimde <strong>%575 GW saat<\/strong> art\u0131\u015f sa\u011flayarak yakla\u015f\u0131k<strong> 23 milyon ton karbon sat\u0131\u015f\u0131<\/strong> ger\u00e7ekle\u015ftirdi. 2024 y\u0131l\u0131nda bu rakam\u0131 daha da art\u0131rarak karbon ayak izini \u00f6nemli \u00f6l\u00e7\u00fcde azaltmay\u0131 hedefliyor.\u00a0Bu do\u011frultuda\u00a0\u0130zmir\u00a0Alia\u011fa\u2019da kurulacak tesisle <strong>at\u0131klar\u0131 piroliz ya\u011f\u0131na \u00e7evirmeye<\/strong> haz\u0131rlanan Biotrend,\u00a0<strong>118 bin ton at\u0131\u011f\u0131<\/strong> geri d\u00f6n\u00fc\u015ft\u00fcrerek <strong>55 bin ton piroliz ya\u011f\u0131<\/strong> \u00fcretecek. Bu ya\u011f, <strong>plastik \u00fcretiminde<\/strong> nafta yerine kullan\u0131lacak ve \u00e7evrenin korunmas\u0131na katk\u0131 sa\u011flayacak.<\/p>\n<p>S\u0131f\u0131r at\u0131k hedefi do\u011frultusunda \u00e7al\u0131\u015fmalar\u0131n\u0131 s\u00fcrd\u00fcren Biotrend,\u00a0at\u0131klar\u0131n geri ve enerjiye d\u00f6n\u00fc\u015ft\u00fcr\u00fclmesi i\u00e7in en son teknolojileri kullan\u0131yor. Bu sayede, do\u011fal kaynaklar\u0131n korunmas\u0131na ve sera gaz\u0131 emisyonlar\u0131n\u0131n azalt\u0131lmas\u0131na katk\u0131da bulunuyor.\u00a0Biotrend, s\u00fcrd\u00fcr\u00fclebilirlik hedefleri do\u011frultusunda geri d\u00f6n\u00fc\u015ft\u00fcr\u00fclm\u00fc\u015f hammaddelerden \u00fcretilen \u00fcr\u00fcnler geli\u015ftirmeye de odaklan\u0131yor. Bu \u00fcr\u00fcnler, hem \u00e7evreye duyarl\u0131 t\u00fcketicilere hitap ediyor hem de do\u011fal kaynaklar\u0131n korunmas\u0131na katk\u0131da bulunuyor.<\/p>\n<p>\u015eirket, <strong>\u00e7evre e\u011fitimi<\/strong> ve <strong>bilin\u00e7lendirme programlar\u0131<\/strong> d\u00fczenleyerek toplumda \u00e7evreye duyarl\u0131 bir bilincin olu\u015fmas\u0131na da katk\u0131da bulunuyor. Biotrend, bu sayede <strong>gelecek nesillerin de sa\u011fl\u0131kl\u0131 bir \u00e7evrede ya\u015famas\u0131<\/strong> i\u00e7in \u00e7al\u0131\u015f\u0131yor.<\/p>","protected":false},"excerpt":{"rendered":"<p>Sorry, this entry is only available in Turkish. For the sake of viewer convenience, the content is shown below in the alternative language. You may click the link to switch the active language. Gezegenimizin s\u00fcrd\u00fcr\u00fclebilirlik departman\u0131\u00a0Biotrend, bu y\u0131lki \u00c7evre Haftas\u0131 kapsam\u0131nda \u00c7evre ve \u015eehircilik Bakanl\u0131\u011f\u0131 taraf\u0131ndan d\u00fczenlenen\u00a0\u00c7EVREFEST\u2019e\u00a0destek vererek s\u00fcrd\u00fcr\u00fclebilirlik konusundaki hassasiyetini bir kez daha g\u00f6steriyor. [&hellip;]<\/p>\n","protected":false},"author":1,"featured_media":189007,"comment_status":"open","ping_status":"open","sticky":false,"template":"","format":"standard","meta":[],"categories":[53],"tags":[114143,3119,94715,103723,114142,2529,1296],"views":32,"_links":{"self":[{"href":"https:\/\/www.enerjigazetesi.ist\/en\/wp-json\/wp\/v2\/posts\/189005"}],"collection":[{"href":"https:\/\/www.enerjigazetesi.ist\/en\/wp-json\/wp\/v2\/posts"}],"about":[{"href":"https:\/\/www.enerjigazetesi.ist\/en\/wp-json\/wp\/v2\/types\/post"}],"author":[{"embeddable":true,"href":"https:\/\/www.enerjigazetesi.ist\/en\/wp-json\/wp\/v2\/users\/1"}],"replies":[{"embeddable":true,"href":"https:\/\/www.enerjigazetesi.ist\/en\/wp-json\/wp\/v2\/comments?post=189005"}],"version-history":[{"count":0,"href":"https:\/\/www.enerjigazetesi.ist\/en\/wp-json\/wp\/v2\/posts\/189005\/revisions"}],"wp:featuredmedia":[{"embeddable":true,"href":"https:\/\/www.enerjigazetesi.ist\/en\/wp-json\/wp\/v2\/media\/189007"}],"wp:attachment":[{"href":"https:\/\/www.enerjigazetesi.ist\/en\/wp-json\/wp\/v2\/media?parent=189005"}],"wp:term":[{"taxonomy":"category","embeddable":true,"href":"https:\/\/www.enerjigazetesi.ist\/en\/wp-json\/wp\/v2\/categories?post=189005"},{"taxonomy":"post_tag","embeddable":true,"href":"https:\/\/www.enerjigazetesi.ist\/en\/wp-json\/wp\/v2\/tags?post=189005"}],"curies":[{"name":"wp","href":"https:\/\/api.w.org\/{rel}","templated":true}]}}