{"id":188886,"date":"2024-06-05T16:43:54","date_gmt":"2024-06-05T13:43:54","guid":{"rendered":"https:\/\/www.enerjigazetesi.ist\/?p=188886"},"modified":"2024-06-05T16:45:19","modified_gmt":"2024-06-05T13:45:19","slug":"otokoc-otomotiv-arazi-tipi-ges-yatirimi-ile-gelecegin-enerjisini-uretiyor","status":"publish","type":"post","link":"https:\/\/www.enerjigazetesi.ist\/en\/otokoc-otomotiv-arazi-tipi-ges-yatirimi-ile-gelecegin-enerjisini-uretiyor\/","title":{"rendered":"(Turkish) &#8217;Otoko\u00e7 Otomotiv&#8217; Arazi Tipi Ges Yat\u0131r\u0131m\u0131 ile Gelece\u011fin Enerjisini \u00dcretiyor"},"content":{"rendered":"<p class=\"qtranxs-available-languages-message qtranxs-available-languages-message-en\">Sorry, this entry is only available in <a href=\"https:\/\/www.enerjigazetesi.ist\/tr\/wp-json\/wp\/v2\/posts\/188886\" class=\"qtranxs-available-language-link qtranxs-available-language-link-tr\" title=\"Turkish\">Turkish<\/a>. For the sake of viewer convenience, the content is shown below in the alternative language. You may click the link to switch the active language.<\/p><p><\/p>\n<h2><strong>Genel M\u00fcd\u00fcrl\u00fck ile otomotiv sat\u0131\u015f ve servis \u015fubelerinde enerji ihtiyac\u0131n\u0131 yenilenebilir kaynaklardan sa\u011flayan Otoko\u00e7 Otomotiv, son olarak Ni\u011fde\u2019de hayata ge\u00e7irilen 17,4 GWh\/y\u0131l \u00fcretim kapasiteli GES (G\u00fcne\u015f Enerji Santrali) projesi yat\u0131r\u0131m\u0131 ile s\u0131f\u0131r emisyonlu elektrik t\u00fcketiyor.<\/strong><\/h2>\n<p style=\"text-align: center;\"><img loading=\"lazy\" class=\"aligncenter wp-image-188888\" src=\"https:\/\/www.enerjigazetesi.ist\/wp-content\/uploads\/2024\/06\/otokoc-otomotiv-arazi-tipi-ges-yatirimi-ile-gelecegin-enerjisini-uretiyor.jpg\" alt=\"\" width=\"500\" height=\"342\" srcset=\"https:\/\/www.enerjigazetesi.ist\/wp-content\/uploads\/2024\/06\/otokoc-otomotiv-arazi-tipi-ges-yatirimi-ile-gelecegin-enerjisini-uretiyor.jpg 550w, https:\/\/www.enerjigazetesi.ist\/wp-content\/uploads\/2024\/06\/otokoc-otomotiv-arazi-tipi-ges-yatirimi-ile-gelecegin-enerjisini-uretiyor-300x205.jpg 300w, https:\/\/www.enerjigazetesi.ist\/wp-content\/uploads\/2024\/06\/otokoc-otomotiv-arazi-tipi-ges-yatirimi-ile-gelecegin-enerjisini-uretiyor-500x342.jpg 500w, https:\/\/www.enerjigazetesi.ist\/wp-content\/uploads\/2024\/06\/otokoc-otomotiv-arazi-tipi-ges-yatirimi-ile-gelecegin-enerjisini-uretiyor-73x50.jpg 73w\" sizes=\"(max-width: 500px) 100vw, 500px\" \/><\/p>\n<p>T\u00fcrkiye\u2019nin \u00f6nc\u00fc ve lider mobilite \u015firketi <strong>Otoko\u00e7 Otomotiv,<\/strong> <strong>Ko\u00e7 Holding<\/strong>\u2019in 2050 karbon n\u00f6tr olma hedefiyle y\u00fcr\u00fctt\u00fc\u011f\u00fc <strong>Karbon D\u00f6n\u00fc\u015f\u00fcm Program\u0131<\/strong> kapsam\u0131nda, iklim de\u011fi\u015fikli\u011fiyle m\u00fccadele ve karbon emisyonlar\u0131n\u0131n azalt\u0131lmas\u0131 i\u00e7in faaliyetlerine kararl\u0131l\u0131kla devam ediyor. Genel M\u00fcd\u00fcrl\u00fck ve perakende \u015fubelerinde elektrik ihtiyac\u0131n\u0131 yenilenebilir kaynaklardan sa\u011flayan Otoko\u00e7 Otomotiv, son olarak Ni\u011fde\u2019de hayata ge\u00e7irilen <strong>17,4 GWh\/y\u0131l \u00fcretim<\/strong> kapasiteli <strong>GES (G\u00fcne\u015f Enerji Santrali) projesi yat\u0131r\u0131m\u0131<\/strong> ile s\u0131f\u0131r karbonlu elektrik t\u00fcketiyor.<\/p>\n<h3><strong>\u201cYolumuz Gelece\u011fe\u201d<\/strong><\/h3>\n<p>\u0130nsan\u0131, toplumu, \u00e7evreyi ve d\u00fcnyay\u0131 \u00f6nemseyen bir \u015firket olduklar\u0131n\u0131, s\u00fcrd\u00fcr\u00fclebilirli\u011fi ana i\u015fleri olarak konumland\u0131rarak stratejilerinde \u00f6nceliklendirdiklerini belirten <strong>Otoko\u00e7 Otomotiv Lideri \u0130nan Ekici<\/strong> konuyla ilgili g\u00f6r\u00fc\u015flerini \u015fu s\u00f6zlerle dile getiriyor: <em>\u201cG\u00fcne\u015f Enerji Santrali yat\u0131r\u0131m\u0131 ile 17,4 GWh\/y\u0131l<img loading=\"lazy\" class=\"alignright wp-image-188889\" src=\"https:\/\/www.enerjigazetesi.ist\/wp-content\/uploads\/2024\/06\/otokoc-otomotiv-arazi-tipi-ges-yatirimi-ile-gelecegin-enerjisini-uretiyor-1.jpg\" alt=\"\" width=\"320\" height=\"313\" srcset=\"https:\/\/www.enerjigazetesi.ist\/wp-content\/uploads\/2024\/06\/otokoc-otomotiv-arazi-tipi-ges-yatirimi-ile-gelecegin-enerjisini-uretiyor-1.jpg 491w, https:\/\/www.enerjigazetesi.ist\/wp-content\/uploads\/2024\/06\/otokoc-otomotiv-arazi-tipi-ges-yatirimi-ile-gelecegin-enerjisini-uretiyor-1-300x293.jpg 300w, https:\/\/www.enerjigazetesi.ist\/wp-content\/uploads\/2024\/06\/otokoc-otomotiv-arazi-tipi-ges-yatirimi-ile-gelecegin-enerjisini-uretiyor-1-409x400.jpg 409w, https:\/\/www.enerjigazetesi.ist\/wp-content\/uploads\/2024\/06\/otokoc-otomotiv-arazi-tipi-ges-yatirimi-ile-gelecegin-enerjisini-uretiyor-1-51x50.jpg 51w\" sizes=\"(max-width: 320px) 100vw, 320px\" \/> elektrik enerjisi \u00fcreterek toplamda 19,4 GWh\/y\u0131l elektrik enerjisi sa\u011flayabilen yani Otoko\u00e7 Otomotiv\u2019in T\u00fcrkiye\u2019deki lokasyonlar\u0131n\u0131n tamam\u0131n\u0131n ihtiyac\u0131 olan elektri\u011fi g\u00fcne\u015f enerjisinden sa\u011flayabilen kapasiteye ula\u015ft\u0131k. Ayn\u0131 zamanda ger\u00e7ekle\u015ftirdi\u011fimiz bu yat\u0131r\u0131mlar ile y\u0131ll\u0131k 8.411 tonluk CO2e sal\u0131m\u0131n\u0131n \u00f6n\u00fcne ge\u00e7iyoruz. Ko\u00e7 Toplulu\u011fu \u015firketleri aras\u0131nda faaliyete ge\u00e7en ilk <strong>arazi tipi GES tesisi<\/strong> olma \u00f6zelli\u011fi ta\u015f\u0131yan bu projede t\u00fcm s\u00fcre\u00e7lerin koordinasyonunu sa\u011flayan i\u015f orta\u011f\u0131m\u0131z <strong>EntekSENS<\/strong>\u2019e ve yerli g\u00fcne\u015f panellerimizin \u00fcretimini ger\u00e7ekle\u015ftiren <strong>Ar\u00e7elik<\/strong>\u2019e \u00e7ok te\u015fekk\u00fcr ederiz.<\/em><\/p>\n<p><em>Ayr\u0131ca, Manisa\u2019da yeni bir GES arazisi kurulumunu 3 Topluluk \u015firketimiz ile birlikte ger\u00e7ekle\u015ftirece\u011fiz. Ko\u00e7 Holding\u2019in 2050 y\u0131l\u0131nda karbon n\u00f6tr olma hedefi do\u011frultusunda \u015firketimize d\u00fc\u015fen sorumluluklar\u0131n bilincinde olarak d\u00fc\u015f\u00fck karbon ekonomisine ge\u00e7i\u015fe y\u00f6nelik t\u00fcm faaliyetlerimizi art\u0131rarak devam etmeyi hedefliyoruz. \u0130klim de\u011fi\u015fikli\u011fiyle m\u00fccadele \u00e7al\u0131\u015fmalar\u0131m\u0131z kapsam\u0131nda, Otoko\u00e7 Antalya\u2019da 550 MWh\/y\u0131l, Otoko\u00e7 Adana\u2019da 1.050 MWh\/y\u0131l ve Otoko\u00e7 \u0130n\u00f6n\u00fc\u2019de 371 MWh\/y\u0131l elektrik enerji \u00fcretim kapasiteli \u00e7at\u0131 GES projelerimizi de devreye alm\u0131\u015ft\u0131k.<\/em><\/p>\n<p><em><strong>Otoko\u00e7 Otomotiv<\/strong> olarak d\u00fcnyaya kar\u015f\u0131 sorumluluklar\u0131m\u0131z\u0131n bilinciyle \u00e7al\u0131\u015fma arkada\u015flar\u0131m\u0131z\u0131, i\u015f ortaklar\u0131m\u0131z\u0131 ve m\u00fc\u015fterilerimizi oda\u011f\u0131m\u0131za alarak; i\u00e7inde bulundu\u011fumuz toplumun ihtiya\u00e7lar\u0131n\u0131 da g\u00f6zeterek t\u00fcm payda\u015flar\u0131m\u0131zla birlikte s\u00fcrd\u00fcr\u00fclebilir de\u011fer yaratmak i\u00e7in <strong>\u2018Yolumuz Gelece\u011fe\u2019<\/strong> diyoruz. S\u00fcrd\u00fcr\u00fclebilirli\u011fi stratejilerimizin temeline yerle\u015ftirirken kurumsal anlamda b\u00fct\u00fcnc\u00fcl bir \u015fekilde ele al\u0131nmas\u0131 ve performans\u0131n takip edilmesi amac\u0131yla kurdu\u011fumuz S\u00fcrd\u00fcr\u00fclebilirlik Komitesi, i\u00e7 ve d\u0131\u015f t\u00fcm payda\u015flar\u0131m\u0131z i\u00e7in \u00e7al\u0131\u015fmalar organize ediyor. Bu y\u0131l yay\u0131nlayaca\u011f\u0131m\u0131z ilk s\u00fcrd\u00fcr\u00fclebilirlik raporumuzun haz\u0131rl\u0131klar\u0131na devam ediyoruz.\u201d<\/em><\/p>\n<h3><strong>Otoko\u00e7 Otomotiv\u2019de Enerji Verimlili\u011fi <\/strong><\/h3>\n<p>&#8211; Kurulumu 2023 Ekim\u2019de tamamlanan Ni\u011fde\u2019deki 17,4 GWh\/y\u0131l elektrik enerji \u00fcretim kapasiteli GES yat\u0131r\u0131m\u0131 ile s\u0131f\u0131r karbon elektrik \u00fcreten Otoko\u00e7 Otomotiv, iklim de\u011fi\u015fikli\u011fiyle m\u00fccadele ve karbon emisyonlar\u0131n\u0131n azalt\u0131lmas\u0131na y\u00f6nelik \u00e7al\u0131\u015fmalarla \u00f6ne \u00e7\u0131k\u0131yor. Genel M\u00fcd\u00fcrl\u00fck ve Antalya \u015fubeleri ye\u015fil bina sertifikas\u0131 sahibi olan \u015firketin Antalya \u015fubesi, Amerikan Ye\u015fil Binalar Konseyi\u2019nin de\u011ferlendirmesi sonucunda LEED v.4.1 O+M:EB sertifika t\u00fcr\u00fcnde \u201cRetail: Vehicle Dealership\u201d olarak d\u00fcnyada ilk Gold sertifikas\u0131n\u0131 almaya hak kazand\u0131.<\/p>\n<p>&#8211; Genel M\u00fcd\u00fcrl\u00fck ve perakende \u015fubelerde kullan\u0131lan elektri\u011fin tamam\u0131 %100 yenilenebilir enerji kaynaklar\u0131ndan tedarik edilirken, 2023 y\u0131l\u0131nda 13,4 GWh\/y\u0131l yenilenebilir enerji kaynaklar\u0131ndan elektrik temini ile 5.803 ton sera gaz\u0131 sal\u0131m\u0131n\u0131n \u00f6n\u00fcne ge\u00e7ildi.<\/p>\n<h3><strong>Ek Projeler<\/strong><\/h3>\n<p><strong>&#8211; Mevcut hava kompres\u00f6rlerinin invert\u00f6rl\u00fc t\u00fcrde kompres\u00f6rlerle de\u011fi\u015fimi:<\/strong> Son iki y\u0131lda yap\u0131lan tespitler sonras\u0131nda Otoko\u00e7 Otomotiv\u2019in 16 \u015fubesindeki hava kompres\u00f6rlerinin, invert\u00f6rl\u00fc t\u00fcrde kompres\u00f6rlerle de\u011fi\u015fimi sa\u011fland\u0131. Bu de\u011fi\u015fim sonras\u0131nda \u015fu ana kadar toplam 515.270 kWh enerji tasarrufu elde edildi. Enerji verimlili\u011fi projesi sayesinde 223 ton CO2e emisyonunun \u00f6n\u00fcne ge\u00e7ildi.<\/p>\n<p><strong>&#8211; Ayd\u0131nlatmada LED d\u00f6n\u00fc\u015f\u00fcm\u00fc:<\/strong> Son iki y\u0131lda Otoko\u00e7 Otomotiv\u2019in 13 \u015fubesinde ger\u00e7ekle\u015fen LED ayd\u0131nlatma d\u00f6n\u00fc\u015f\u00fcm\u00fc sonucunda \u015fu ana kadar toplamda 854.049 kWh enerji tasarrufu sa\u011fland\u0131. Bu sayede 370 ton CO2e emisyonunun \u00f6n\u00fcne ge\u00e7ildi.<\/p>\n<p><strong>Cephe ve \u00e7evre ayd\u0131nlatmalar\u0131n\u0131n belirli saatlerde kapanmas\u0131:<\/strong> 2022 A\u011fustos ay\u0131nda devreye al\u0131nan bu proje ile \u015fu ana kadar toplam 347.138 kWh enerji tasarrufu sa\u011fland\u0131. Bu sayede 150 ton CO2e emisyonunun \u00f6n\u00fcne ge\u00e7ildi.<\/p>","protected":false},"excerpt":{"rendered":"<p>Sorry, this entry is only available in Turkish. For the sake of viewer convenience, the content is shown below in the alternative language. You may click the link to switch the active language. Genel M\u00fcd\u00fcrl\u00fck ile otomotiv sat\u0131\u015f ve servis \u015fubelerinde enerji ihtiyac\u0131n\u0131 yenilenebilir kaynaklardan sa\u011flayan Otoko\u00e7 Otomotiv, son olarak Ni\u011fde\u2019de hayata ge\u00e7irilen 17,4 GWh\/y\u0131l [&hellip;]<\/p>\n","protected":false},"author":1,"featured_media":188888,"comment_status":"open","ping_status":"open","sticky":false,"template":"","format":"standard","meta":[],"categories":[53,52,49],"tags":[114101,2350,18,114102,114099,114100,29013,97283,53284,114098,842,105],"views":36,"_links":{"self":[{"href":"https:\/\/www.enerjigazetesi.ist\/en\/wp-json\/wp\/v2\/posts\/188886"}],"collection":[{"href":"https:\/\/www.enerjigazetesi.ist\/en\/wp-json\/wp\/v2\/posts"}],"about":[{"href":"https:\/\/www.enerjigazetesi.ist\/en\/wp-json\/wp\/v2\/types\/post"}],"author":[{"embeddable":true,"href":"https:\/\/www.enerjigazetesi.ist\/en\/wp-json\/wp\/v2\/users\/1"}],"replies":[{"embeddable":true,"href":"https:\/\/www.enerjigazetesi.ist\/en\/wp-json\/wp\/v2\/comments?post=188886"}],"version-history":[{"count":0,"href":"https:\/\/www.enerjigazetesi.ist\/en\/wp-json\/wp\/v2\/posts\/188886\/revisions"}],"wp:featuredmedia":[{"embeddable":true,"href":"https:\/\/www.enerjigazetesi.ist\/en\/wp-json\/wp\/v2\/media\/188888"}],"wp:attachment":[{"href":"https:\/\/www.enerjigazetesi.ist\/en\/wp-json\/wp\/v2\/media?parent=188886"}],"wp:term":[{"taxonomy":"category","embeddable":true,"href":"https:\/\/www.enerjigazetesi.ist\/en\/wp-json\/wp\/v2\/categories?post=188886"},{"taxonomy":"post_tag","embeddable":true,"href":"https:\/\/www.enerjigazetesi.ist\/en\/wp-json\/wp\/v2\/tags?post=188886"}],"curies":[{"name":"wp","href":"https:\/\/api.w.org\/{rel}","templated":true}]}}