{"id":188865,"date":"2024-06-04T20:11:52","date_gmt":"2024-06-04T17:11:52","guid":{"rendered":"https:\/\/www.enerjigazetesi.ist\/?p=188865"},"modified":"2024-06-04T20:11:52","modified_gmt":"2024-06-04T17:11:52","slug":"enerji-yatirimlarinin-onunu-acmak-icin-super-izin-uzerinde-calisiliyor","status":"publish","type":"post","link":"https:\/\/www.enerjigazetesi.ist\/en\/enerji-yatirimlarinin-onunu-acmak-icin-super-izin-uzerinde-calisiliyor\/","title":{"rendered":"(Turkish) Enerji Yat\u0131r\u0131mlar\u0131n\u0131n \u00d6n\u00fcn\u00fc A\u00e7mak \u0130\u00e7in &#8220;S\u00fcper \u0130zin&#8221; \u00dczerinde \u00c7al\u0131\u015f\u0131l\u0131yor"},"content":{"rendered":"<p class=\"qtranxs-available-languages-message qtranxs-available-languages-message-en\">Sorry, this entry is only available in <a href=\"https:\/\/www.enerjigazetesi.ist\/tr\/wp-json\/wp\/v2\/posts\/188865\" class=\"qtranxs-available-language-link qtranxs-available-language-link-tr\" title=\"Turkish\">Turkish<\/a>. For the sake of viewer convenience, the content is shown below in the alternative language. You may click the link to switch the active language.<\/p><p><\/p>\n<h2><em><strong>Enerji Piyasas\u0131 D\u00fczenleme Kurumu (EPDK) Ba\u015fkan\u0131 Mustafa Y\u0131lmaz, Enerji ve Maden Politikas\u0131 \u00e7er\u00e7evesinde yenilenebilir enerji alan\u0131nda pek \u00e7ok \u00e7al\u0131\u015fmalar\u0131n d\u00fczenlence\u011fini ve yap\u0131lan kapasite tahsislerinin daha h\u0131zl\u0131 yat\u0131r\u0131ma d\u00f6n\u00fc\u015febilmesi i\u00e7in \u201cS\u00fcper \u0130zin Mekanizmas\u0131\u201dn\u0131 devreye alacaklar\u0131n\u0131 a\u00e7\u0131klad\u0131.<\/strong><\/em><\/h2>\n<p style=\"text-align: center;\"><img loading=\"lazy\" class=\"aligncenter wp-image-188868\" src=\"https:\/\/www.enerjigazetesi.ist\/wp-content\/uploads\/2024\/06\/enerji-yatirimlarinin-onunu-acmak-icin-super-izin-uzerinde-calisiliyor.jpg\" alt=\"\" width=\"500\" height=\"308\" srcset=\"https:\/\/www.enerjigazetesi.ist\/wp-content\/uploads\/2024\/06\/enerji-yatirimlarinin-onunu-acmak-icin-super-izin-uzerinde-calisiliyor.jpg 550w, https:\/\/www.enerjigazetesi.ist\/wp-content\/uploads\/2024\/06\/enerji-yatirimlarinin-onunu-acmak-icin-super-izin-uzerinde-calisiliyor-300x185.jpg 300w, https:\/\/www.enerjigazetesi.ist\/wp-content\/uploads\/2024\/06\/enerji-yatirimlarinin-onunu-acmak-icin-super-izin-uzerinde-calisiliyor-500x308.jpg 500w, https:\/\/www.enerjigazetesi.ist\/wp-content\/uploads\/2024\/06\/enerji-yatirimlarinin-onunu-acmak-icin-super-izin-uzerinde-calisiliyor-80x50.jpg 80w\" sizes=\"(max-width: 500px) 100vw, 500px\" \/><\/p>\n<p>Ba\u015fkan Y\u0131lmaz, yenilenebilir enerji alan\u0131nda al\u0131nan lisanslar\u0131n sahaya daha h\u0131zl\u0131 yans\u0131mas\u0131 i\u00e7in \u201cS\u00fcper \u0130zin Mekanizmas\u0131\u201d kurulumunun \u00e7al\u0131\u015f\u0131ld\u0131\u011f\u0131n\u0131 belirterek, <em>\u201cEnerji Bakanl\u0131\u011f\u0131m\u0131z ilgili kurumlarla i\u015fbirli\u011fi i\u00e7inde, izin s\u00fcre\u00e7lerini k\u0131salt\u0131p daha k\u0131sa s\u00fcrede daha fazla yat\u0131r\u0131m\u0131n sahaya yans\u0131mas\u0131n\u0131n \u00f6n\u00fcn\u00fc a\u00e7acak s\u00fcper izin konusunu \u00e7al\u0131\u015f\u0131yor\u201d<\/em> dedi.<\/p>\n<h3><strong>\u201cKamula\u015ft\u0131rma ve \u00c7ED S\u00fcre\u00e7lerimiz Avrupa\u2019dan H\u0131zl\u0131\u201d<\/strong><\/h3>\n<p>EPDK Ba\u015fkan\u0131 Y\u0131lmaz yapt\u0131\u011f\u0131 a\u00e7\u0131klamada, bug\u00fcn t\u00fcm <strong>lisanss\u0131z<\/strong> ve <strong>lisansl\u0131 g\u00fcne\u015f ve r\u00fczg\u00e2r enerji santrali projelerinin<\/strong> toplam\u0131n\u0131n yakla\u015f\u0131k <strong>86 bin 300 megavat<\/strong> d\u00fczeyinde oldu\u011funu ifade etti. Y\u0131lmaz, <em>\u201cAvrupa\u2019da pek \u00e7ok \u00fclkenin kurulu g\u00fcc\u00fcn\u00fcn \u00fczerinde bir rakam bu. 31 bin 800 megavat depolamal\u0131 g\u00fcne\u015f ve r\u00fczg\u00e2r \u00f6nlisans\u0131m\u0131z bunun bir k\u0131sm\u0131 sahaya yans\u0131d\u0131, kalan k\u0131sm\u0131 ile ilgili \u00e7al\u0131\u015fmalar devam ediyor. 14 bin 700 megavat d\u00fczeyinde olan i\u015fletmede RES ve 1600 megavat i\u015fletmede GES lisans\u0131m\u0131z var. Bunlar \u00fclkemizin enerjisine katk\u0131 sunmaya devam ediyor. Ayr\u0131ca 6 bin 720 megavat d\u00fczeyinde lisansl\u0131 GES ve RES\u2019in de i\u015flemleri s\u00fcr\u00fcyor.\u201d<\/em> dedi.<\/p>\n<p>Her sekt\u00f6rde oldu\u011fu gibi enerji sekt\u00f6r\u00fcnde de yat\u0131r\u0131mlar\u0131n hayata ge\u00e7mesinin belli bir zaman ald\u0131\u011f\u0131n\u0131 ifade eden Y\u0131lmaz, \u015funlar\u0131 anlatt\u0131: <em>\u201cR\u00fczg\u00e2r yat\u0131r\u0131mlar\u0131nda pek \u00e7ok hassasiyeti g\u00f6zetmeniz gerekiyor. Kamula\u015ft\u0131rma ve \u00c7ED s\u00fcre\u00e7leri, Ama Avrupa\u2019da mesela Almanya\u2019da bu yat\u0131r\u0131mlar i\u00e7in izin s\u00fcre\u00e7leri 7-7.5 y\u0131l s\u00fcrerken bizde 3 y\u0131l i\u00e7inde tamamlan\u0131yor. Biz kurum olarak olabildi\u011fince \u00e7ok lisans veriyoruz ki, olabildi\u011fince \u00e7ok yat\u0131r\u0131m sahaya yans\u0131s\u0131n. Bakanl\u0131\u011f\u0131m\u0131z halen ilgili kurumlarla i\u015fbirli\u011fi i\u00e7inde; izin s\u00fcre\u00e7lerini k\u0131salt\u0131p daha k\u0131sa s\u00fcrede daha fazla yat\u0131r\u0131m\u0131n sahaya yans\u0131mas\u0131n\u0131n \u00f6n\u00fcn\u00fc a\u00e7acak<strong> s\u00fcper izin konusunu<\/strong> \u00e7al\u0131\u015f\u0131yor.\u201d<\/em> Y\u0131lmaz, T\u00fcrkiye\u2019nin<strong> 5-10 y\u0131l<\/strong> i\u00e7inde yenilenebilir enerjide <strong>Avrupa\u2019n\u0131n ekipman \u00fcretim merkezi<\/strong> olaca\u011f\u0131na inand\u0131\u011f\u0131n\u0131 s\u00f6yledi.<\/p>\n<p>Kaynak:\u00a0<a href=\"https:\/\/www.sabah.com.tr\/ekonomi\/yenilenebilir-enerjide-super-izin-donemi-6962570\" target=\"_blank\" rel=\"noopener\">Bar\u0131\u015f \u015e\u0130M\u015eEK \/ Sabah<\/a><\/p>","protected":false},"excerpt":{"rendered":"<p>Sorry, this entry is only available in Turkish. For the sake of viewer convenience, the content is shown below in the alternative language. You may click the link to switch the active language. Enerji Piyasas\u0131 D\u00fczenleme Kurumu (EPDK) Ba\u015fkan\u0131 Mustafa Y\u0131lmaz, Enerji ve Maden Politikas\u0131 \u00e7er\u00e7evesinde yenilenebilir enerji alan\u0131nda pek \u00e7ok \u00e7al\u0131\u015fmalar\u0131n d\u00fczenlence\u011fini ve yap\u0131lan [&hellip;]<\/p>\n","protected":false},"author":1,"featured_media":188868,"comment_status":"open","ping_status":"open","sticky":false,"template":"","format":"standard","meta":[],"categories":[53,49,50],"tags":[1046,114089,750,2326,45942,474,10211,114090,2629,105],"views":37,"_links":{"self":[{"href":"https:\/\/www.enerjigazetesi.ist\/en\/wp-json\/wp\/v2\/posts\/188865"}],"collection":[{"href":"https:\/\/www.enerjigazetesi.ist\/en\/wp-json\/wp\/v2\/posts"}],"about":[{"href":"https:\/\/www.enerjigazetesi.ist\/en\/wp-json\/wp\/v2\/types\/post"}],"author":[{"embeddable":true,"href":"https:\/\/www.enerjigazetesi.ist\/en\/wp-json\/wp\/v2\/users\/1"}],"replies":[{"embeddable":true,"href":"https:\/\/www.enerjigazetesi.ist\/en\/wp-json\/wp\/v2\/comments?post=188865"}],"version-history":[{"count":0,"href":"https:\/\/www.enerjigazetesi.ist\/en\/wp-json\/wp\/v2\/posts\/188865\/revisions"}],"wp:featuredmedia":[{"embeddable":true,"href":"https:\/\/www.enerjigazetesi.ist\/en\/wp-json\/wp\/v2\/media\/188868"}],"wp:attachment":[{"href":"https:\/\/www.enerjigazetesi.ist\/en\/wp-json\/wp\/v2\/media?parent=188865"}],"wp:term":[{"taxonomy":"category","embeddable":true,"href":"https:\/\/www.enerjigazetesi.ist\/en\/wp-json\/wp\/v2\/categories?post=188865"},{"taxonomy":"post_tag","embeddable":true,"href":"https:\/\/www.enerjigazetesi.ist\/en\/wp-json\/wp\/v2\/tags?post=188865"}],"curies":[{"name":"wp","href":"https:\/\/api.w.org\/{rel}","templated":true}]}}