{"id":188793,"date":"2024-06-03T19:31:42","date_gmt":"2024-06-03T16:31:42","guid":{"rendered":"https:\/\/www.enerjigazetesi.ist\/?p=188793"},"modified":"2024-06-03T19:32:02","modified_gmt":"2024-06-03T16:32:02","slug":"yorglass-ve-turmepa-3-uncu-kez-mavi-sularda-bulusuyor","status":"publish","type":"post","link":"https:\/\/www.enerjigazetesi.ist\/en\/yorglass-ve-turmepa-3-uncu-kez-mavi-sularda-bulusuyor\/","title":{"rendered":"(Turkish) Yorglass ve TURMEPA 3&#8217;\u00fcnc\u00fc Kez Mavi Sularda Bulu\u015fuyor"},"content":{"rendered":"<p class=\"qtranxs-available-languages-message qtranxs-available-languages-message-en\">Sorry, this entry is only available in <a href=\"https:\/\/www.enerjigazetesi.ist\/tr\/wp-json\/wp\/v2\/posts\/188793\" class=\"qtranxs-available-language-link qtranxs-available-language-link-tr\" title=\"Turkish\">Turkish<\/a>. For the sake of viewer convenience, the content is shown below in the alternative language. You may click the link to switch the active language.<\/p><p><\/p>\n<h2><strong>Cam end\u00fcstrisinin global ve g\u00fcvenilir tedarik\u00e7isi Yorglass, \u2018Cam Gibi Denizler\u2019 projesi kapsam\u0131nda DenizTemiz Derne\u011fi\/ TURMEPA ile \u00fc\u00e7\u00fcnc\u00fc kez denizlere iniyor. \u015eirket, S\u00fcrd\u00fcr\u00fclebilir Kalk\u0131nma Hedefleri \u00e7er\u00e7evesinde ge\u00e7ti\u011fimiz iki y\u0131l boyunca TURMEPA ile \u00f6nemli bir i\u015f birli\u011fine imza att\u0131. \u00a0Proje \u00e7er\u00e7evesinde, TURMEPA\u2019n\u0131n at\u0131k al\u0131m tekneleriyle iki y\u0131lda 600 bin litreden fazla at\u0131\u011f\u0131n toplanmas\u0131na destek olan Yorglass, bu y\u0131l ise Mu\u011fla\u2019n\u0131n Marmaris il\u00e7esine ba\u011fl\u0131 Selimiye\u2019nin cennet koylar\u0131ndan s\u0131v\u0131 at\u0131k toplanmas\u0131na katk\u0131da bulunacak.<\/strong><\/h2>\n<p style=\"text-align: center;\"><img loading=\"lazy\" class=\"aligncenter wp-image-188795\" src=\"https:\/\/www.enerjigazetesi.ist\/wp-content\/uploads\/2024\/06\/yorglass-ve-turmepa-3-uncu-kez-mavi-sularda-bulusuyor.jpg\" alt=\"\" width=\"500\" height=\"333\" srcset=\"https:\/\/www.enerjigazetesi.ist\/wp-content\/uploads\/2024\/06\/yorglass-ve-turmepa-3-uncu-kez-mavi-sularda-bulusuyor.jpg 550w, https:\/\/www.enerjigazetesi.ist\/wp-content\/uploads\/2024\/06\/yorglass-ve-turmepa-3-uncu-kez-mavi-sularda-bulusuyor-300x200.jpg 300w, https:\/\/www.enerjigazetesi.ist\/wp-content\/uploads\/2024\/06\/yorglass-ve-turmepa-3-uncu-kez-mavi-sularda-bulusuyor-500x333.jpg 500w, https:\/\/www.enerjigazetesi.ist\/wp-content\/uploads\/2024\/06\/yorglass-ve-turmepa-3-uncu-kez-mavi-sularda-bulusuyor-75x50.jpg 75w, https:\/\/www.enerjigazetesi.ist\/wp-content\/uploads\/2024\/06\/yorglass-ve-turmepa-3-uncu-kez-mavi-sularda-bulusuyor-450x300.jpg 450w\" sizes=\"(max-width: 500px) 100vw, 500px\" \/><\/p>\n<p>DenizTemiz Derne\u011fi\/ TURMEPA y\u00f6netiminde mavi sulara inmeye haz\u0131rlanan at\u0131k toplama teknesinin 2024 y\u0131l\u0131nda da sponsorlu\u011funu \u00fcstlendikleri i\u00e7in gururlu olduklar\u0131n\u0131 belirten <strong>Yorglass Y\u00f6netim Kurulu Ba\u015fkan\u0131 Semavi Yorganc\u0131lar<\/strong>;<em> \u201cBu sene 50. y\u0131l\u0131n\u0131 kutlayan k\u00f6kl\u00fc bir \u015firket olarak kuruldu\u011fumuzdan bug\u00fcne \u00fclkemizin her kar\u0131\u015f\u0131 cennet olan topra\u011f\u0131n\u0131, suyunu korumak i\u00e7in s\u00fcrd\u00fcr\u00fclebilir bir \u00e7al\u0131\u015fma prensibi belirledik. Bu prensip \u0131\u015f\u0131\u011f\u0131nda \u00fc\u00e7\u00fcnc\u00fc kez TURMEPA ile bir araya geliyoruz. S\u00fcrd\u00fcr\u00fclebilir Kalk\u0131nma Hedefleri \u00e7er\u00e7evesinde 2022 y\u0131l\u0131nda Marmaris\u2019te 334 tekneden 112 bin litreden fazla, 2023 y\u0131l\u0131nda G\u00f6cek\u2019te 1300 tekneden 500 bin litre at\u0131k toplanmas\u0131na destek olduk. 2022 yaz sezonunda toplad\u0131\u011f\u0131m\u0131z at\u0131k su, 2.600 ki\u015finin g\u00fcnl\u00fck \u00fcretti\u011fi at\u0131k suya e\u015fde\u011fer. Ayr\u0131ca bu at\u0131k su sayesinde 4 milyon litre deniz suyunun temiz kalmas\u0131n\u0131 sa\u011flad\u0131k. Ayn\u0131 \u015fekilde 2023 y\u0131l\u0131nda toplad\u0131\u011f\u0131m\u0131z at\u0131k su ise 595 ki\u015finin g\u00fcnl\u00fck \u00fcretti\u011fi at\u0131k suya e\u015fde\u011fer. En \u00f6nemlisi de bu at\u0131k su ile 901 bin litre deniz suyunun temiz kalmas\u0131na katk\u0131 sunduk. Bu y\u0131l ise t\u00fcm yaz Selimiye\u2019nin cennet koylar\u0131ndan at\u0131klar\u0131 toplamay\u0131 ama\u00e7l\u0131yoruz\u201d<\/em> dedi.<\/p>\n<h3><strong>\u201cMaviye, Ye\u015file ve Bize Yuva Olan Evrene Sahip \u00c7\u0131kmaya Devam Edece\u011fiz\u201d<\/strong><\/h3>\n<p>S\u00fcrd\u00fcr\u00fclebilir Kalk\u0131nma Ama\u00e7lar\u0131nda yer alan\u00a0<strong>\u2018Temiz Su ve S\u0131hhi Ko\u015fullar\u2019, \u2018Sudaki Ya\u015fam\u2019 ve \u2018Karasal Ya\u015fam\u2019 ve \u2018Hedefler i\u00e7in Ortakl\u0131k\u2019<\/strong> ama\u00e7lar do\u011frultusunda bu i\u015f birli\u011fini \u00e7ok \u00f6nemsediklerini vurgulayan Yorganc\u0131lar;<em> \u201cDenizlerin, d\u00fcnya genelinde olu\u015fan \u0131s\u0131n\u0131n y\u00fczde 90&#8217;\u0131n\u0131 absorbe etti\u011fi g\u00f6z \u00f6n\u00fcne al\u0131nd\u0131\u011f\u0131nda, at\u0131k sulardan korunmalar\u0131 ve deniz ekosisteminin sa\u011fl\u0131kl\u0131 bir \u015fekilde s\u00fcrd\u00fcr\u00fclebilmesi b\u00fcy\u00fck \u00f6nem ta\u015f\u0131yor. TURMEPA teknelerinin\u00a0toplad\u0131\u011f\u0131 at\u0131k sular\u0131n nitelikli ar\u0131tma i\u015flemlerine tabi tutulmas\u0131 sayesinde sudaki ya\u015fam\u0131n yan\u0131 s\u0131ra karadaki ya\u015fam\u0131n devam\u0131 da sa\u011flanm\u0131\u015f oluyor. Yorglass olarak katk\u0131 sa\u011flad\u0131\u011f\u0131m\u0131z t\u00fcm bu kazan\u0131mlar\u0131 yolumuza \u0131\u015f\u0131k tutan bir me\u015fale olarak g\u00f6rmeyi, cesur ad\u0131mlar atarak <strong>maviye, ye\u015file sahip \u00e7\u0131kmay\u0131<\/strong> ve her ad\u0131m\u0131m\u0131zla bize yuva olan d\u00fcnyam\u0131z\u0131 korumay\u0131 s\u00fcrd\u00fcrece\u011fiz\u201d<\/em> \u015feklinde konu\u015ftu.<\/p>\n<h3><strong>\u201cYorglass\u2019\u0131n Sponsorlu\u011funda Oksijen Kayna\u011f\u0131 Denizlerimiz Koruma Alt\u0131nda\u201d<\/strong><\/h3>\n<p>Yorglass ile yapt\u0131klar\u0131 i\u015f birli\u011fini de\u011ferlendiren <strong>TURMEPA Y\u00f6netim Kurulu Ba\u015fkan\u0131 \u015eadan Kaptano\u011flu<\/strong>; <em>\u201cTURMEPA ve Yorglass\u2019\u0131n s\u00fcrd\u00fcrd\u00fc\u011f\u00fc deniz koruma \u00e7al\u0131\u015fmalar\u0131, ekolojik a\u00e7\u0131dan \u00f6nemli olan b\u00f6lgelerin korunmas\u0131na katk\u0131 sa\u011fl\u0131yor ve bal\u0131k pop\u00fclasyonunun yeniden in\u015fas\u0131na yard\u0131mc\u0131 oluyor. El ele verdi\u011fimizde ortaya \u00e7\u0131kan kazan\u0131mlar d\u00fcnyam\u0131z ve oksijen kayna\u011f\u0131m\u0131z olan denizlerimiz i\u00e7in \u00e7ok de\u011ferli. Denizel ya\u015fam alanlar\u0131n\u0131n ve ekosistemin korunmas\u0131 ancak b\u00fct\u00fcnc\u00fcl bir koruma sistemi yakla\u015f\u0131m\u0131yla m\u00fcmk\u00fcn oldu\u011fundan bu i\u015f birli\u011fini \u00e7ok \u00f6nemsiyoruz. Denizlerimizin korunmas\u0131 konusunda g\u00f6sterdikleri hassasiyet ve verdikleri destek i\u00e7in Yorglass\u2019a \u00e7ok te\u015fekk\u00fcr ediyoruz. Dilerim bu \u00f6rnek i\u015f birli\u011fimiz uzun y\u0131llar devam eder.\u201d<\/em> diye konu\u015ftu.<\/p>","protected":false},"excerpt":{"rendered":"<p>Sorry, this entry is only available in Turkish. For the sake of viewer convenience, the content is shown below in the alternative language. You may click the link to switch the active language. Cam end\u00fcstrisinin global ve g\u00fcvenilir tedarik\u00e7isi Yorglass, \u2018Cam Gibi Denizler\u2019 projesi kapsam\u0131nda DenizTemiz Derne\u011fi\/ TURMEPA ile \u00fc\u00e7\u00fcnc\u00fc kez denizlere iniyor. \u015eirket, S\u00fcrd\u00fcr\u00fclebilir [&hellip;]<\/p>\n","protected":false},"author":1,"featured_media":188795,"comment_status":"open","ping_status":"open","sticky":false,"template":"","format":"standard","meta":[],"categories":[53],"tags":[105017,114060,114063,114062,114064,114061,84786,106317],"views":34,"_links":{"self":[{"href":"https:\/\/www.enerjigazetesi.ist\/en\/wp-json\/wp\/v2\/posts\/188793"}],"collection":[{"href":"https:\/\/www.enerjigazetesi.ist\/en\/wp-json\/wp\/v2\/posts"}],"about":[{"href":"https:\/\/www.enerjigazetesi.ist\/en\/wp-json\/wp\/v2\/types\/post"}],"author":[{"embeddable":true,"href":"https:\/\/www.enerjigazetesi.ist\/en\/wp-json\/wp\/v2\/users\/1"}],"replies":[{"embeddable":true,"href":"https:\/\/www.enerjigazetesi.ist\/en\/wp-json\/wp\/v2\/comments?post=188793"}],"version-history":[{"count":0,"href":"https:\/\/www.enerjigazetesi.ist\/en\/wp-json\/wp\/v2\/posts\/188793\/revisions"}],"wp:featuredmedia":[{"embeddable":true,"href":"https:\/\/www.enerjigazetesi.ist\/en\/wp-json\/wp\/v2\/media\/188795"}],"wp:attachment":[{"href":"https:\/\/www.enerjigazetesi.ist\/en\/wp-json\/wp\/v2\/media?parent=188793"}],"wp:term":[{"taxonomy":"category","embeddable":true,"href":"https:\/\/www.enerjigazetesi.ist\/en\/wp-json\/wp\/v2\/categories?post=188793"},{"taxonomy":"post_tag","embeddable":true,"href":"https:\/\/www.enerjigazetesi.ist\/en\/wp-json\/wp\/v2\/tags?post=188793"}],"curies":[{"name":"wp","href":"https:\/\/api.w.org\/{rel}","templated":true}]}}