{"id":188761,"date":"2024-06-03T16:49:28","date_gmt":"2024-06-03T13:49:28","guid":{"rendered":"https:\/\/www.enerjigazetesi.ist\/?p=188761"},"modified":"2024-06-03T16:59:11","modified_gmt":"2024-06-03T13:59:11","slug":"orta-gerilim-havai-hatlari-icin-olcum-ve-haberlesme-cihazi","status":"publish","type":"post","link":"https:\/\/www.enerjigazetesi.ist\/en\/orta-gerilim-havai-hatlari-icin-olcum-ve-haberlesme-cihazi\/","title":{"rendered":"(Turkish) Orta Gerilim Havai Hatlar\u0131 \u0130\u00e7in \u00d6l\u00e7\u00fcm ve Haberle\u015fme Cihaz\u0131"},"content":{"rendered":"<p class=\"qtranxs-available-languages-message qtranxs-available-languages-message-en\">Sorry, this entry is only available in <a href=\"https:\/\/www.enerjigazetesi.ist\/tr\/wp-json\/wp\/v2\/posts\/188761\" class=\"qtranxs-available-language-link qtranxs-available-language-link-tr\" title=\"Turkish\">Turkish<\/a>. For the sake of viewer convenience, the content is shown below in the alternative language. You may click the link to switch the active language.<\/p><p><\/p>\n<h2><strong>Dicle Elektrik, enerji da\u011f\u0131t\u0131m\u0131nda kay\u0131p-ka\u00e7ak oranlar\u0131n\u0131 azaltmak amac\u0131yla Dicle Elektrik Ar-Ge Merkezi taraf\u0131ndan geli\u015ftirilen \u00f6zel bir \u00f6l\u00e7\u00fcm ve haberle\u015fme cihaz\u0131 projesini ba\u015far\u0131yla tamamlad\u0131.<\/strong><\/h2>\n<p style=\"text-align: center;\"><img loading=\"lazy\" class=\"aligncenter wp-image-188765\" src=\"https:\/\/www.enerjigazetesi.ist\/wp-content\/uploads\/2024\/06\/orta-gerilim-havai-hatlari-icin-olcum-ve-haberlesme-cihazi-1.jpg\" alt=\"\" width=\"500\" height=\"427\" srcset=\"https:\/\/www.enerjigazetesi.ist\/wp-content\/uploads\/2024\/06\/orta-gerilim-havai-hatlari-icin-olcum-ve-haberlesme-cihazi-1.jpg 550w, https:\/\/www.enerjigazetesi.ist\/wp-content\/uploads\/2024\/06\/orta-gerilim-havai-hatlari-icin-olcum-ve-haberlesme-cihazi-1-300x256.jpg 300w, https:\/\/www.enerjigazetesi.ist\/wp-content\/uploads\/2024\/06\/orta-gerilim-havai-hatlari-icin-olcum-ve-haberlesme-cihazi-1-468x400.jpg 468w, https:\/\/www.enerjigazetesi.ist\/wp-content\/uploads\/2024\/06\/orta-gerilim-havai-hatlari-icin-olcum-ve-haberlesme-cihazi-1-59x50.jpg 59w, https:\/\/www.enerjigazetesi.ist\/wp-content\/uploads\/2024\/06\/orta-gerilim-havai-hatlari-icin-olcum-ve-haberlesme-cihazi-1-500x427.jpg 500w\" sizes=\"(max-width: 500px) 100vw, 500px\" \/><\/p>\n<p>G\u00fcneydo\u011fu Anadolu B\u00f6lgesi\u2019nde s\u00fcrd\u00fcr\u00fclebilirlik odakl\u0131 \u00e7al\u0131\u015fmalar\u0131na proaktif yakla\u015f\u0131mla imza atmaya devam eden Dicle Elektrik, enerji sekt\u00f6r\u00fcndeki yenilik\u00e7i \u00e7al\u0131\u015fmalar\u0131na bir yenisini daha ekledi. Da\u011f\u0131t\u0131m \u015firketi, elektrik da\u011f\u0131t\u0131m\u0131nda <strong>kay\u0131p-ka\u00e7ak oranlar\u0131n\u0131 minimize etmek<\/strong> amac\u0131yla geli\u015ftirilen ve <strong>EPDK onay\u0131<\/strong> alan \u00f6zel bir projeyi ba\u015far\u0131yla tamamlad\u0131. Dicle Elektrik Ar-Ge Merkezi&#8217;nde ger\u00e7ekle\u015ftirilen proje, <strong>orta gerilim havai hatlar<\/strong> i\u00e7in tasarlanm\u0131\u015f bir <strong>\u00f6l\u00e7\u00fcm ve haberle\u015fme cihaz\u0131n\u0131n<\/strong> geli\u015ftirilmesini i\u00e7eriyor.<\/p>\n<h3><strong>\u201c\u00c7evre Odakl\u0131 \u00c7al\u0131\u015fmalar\u0131m\u0131za Devam Ediyoruz\u201d<\/strong><\/h3>\n<p>Dicle Elektrik\u2019in hizmet verdi\u011fi 6 ilde <strong>elektrik altyap\u0131s\u0131n\u0131 g\u00fc\u00e7lendirmek<\/strong> ve <strong>enerji verimlili\u011fini art\u0131rmak<\/strong> ad\u0131na ger\u00e7ekle\u015ftirilen bu projenin, sekt\u00f6re model olmas\u0131 bekleniyor. Ger\u00e7ekle\u015ftirilen projeye ili\u015fkin a\u00e7\u0131klamalarda bulunan <strong>Dicle Elektrik Genel M\u00fcd\u00fcr\u00fc Ya\u015far Arvas<\/strong>,<em> \u201cHizmet b\u00f6lgemizde bulunan 6 ilimizde \u00e7evre odakl\u0131 ve s\u00fcrd\u00fcr\u00fclebilir \u00e7al\u0131\u015fmalara imza atmaya devam ediyoruz. Bu ba\u011flamda, Dicle Elektrik Ar-Ge Merkezi&#8217;nde geli\u015ftirilen portatif \u00f6l\u00e7\u00fcm ve haberle\u015fme cihaz\u0131m\u0131z, orta gerilim havai hatt\u0131na kolayl\u0131kla monte edilebiliyor. Bran\u015fman noktalar\u0131nda enerji \u00f6l\u00e7\u00fcm\u00fc yapabilecek olan cihaz\u0131m\u0131z\u0131n kay\u0131p-ka\u00e7ak oranlar\u0131n\u0131 azaltma \u00e7al\u0131\u015fmalar\u0131m\u0131za \u00f6nemli katk\u0131lar sa\u011flayaca\u011f\u0131n\u0131 \u00f6ng\u00f6r\u00fcyoruz.\u201d<\/em> dedi.<\/p>\n<h3><strong>Yenilik\u00e7i ve Portatif Bir \u00c7\u00f6z\u00fcm<\/strong><\/h3>\n<p>Projeye ili\u015fkin a\u00e7\u0131klamalar\u0131n\u0131 s\u00fcrd\u00fcren Arvas, <em>\u201cEnerji sekt\u00f6r\u00fcnde \u00f6nc\u00fc bir ad\u0131m olan bu projemiz, altyap\u0131m\u0131z\u0131 modernize ederken ayn\u0131 zamanda montaj kolayl\u0131\u011f\u0131 ile de dikkat \u00e7ekiyor. Bununla birlikte Faydal\u0131 Model Belgesi de al\u0131nan projemizin portatif ve \u00f6nceki modellere k\u0131yasla ta\u015f\u0131n\u0131labilir yap\u0131s\u0131, kullan\u0131m kolayl\u0131\u011f\u0131n\u0131 da \u00f6n plana \u00e7\u0131kar\u0131yor.\u201d<\/em> dedi.<\/p>","protected":false},"excerpt":{"rendered":"<p>Sorry, this entry is only available in Turkish. For the sake of viewer convenience, the content is shown below in the alternative language. You may click the link to switch the active language. Dicle Elektrik, enerji da\u011f\u0131t\u0131m\u0131nda kay\u0131p-ka\u00e7ak oranlar\u0131n\u0131 azaltmak amac\u0131yla Dicle Elektrik Ar-Ge Merkezi taraf\u0131ndan geli\u015ftirilen \u00f6zel bir \u00f6l\u00e7\u00fcm ve haberle\u015fme cihaz\u0131 projesini ba\u015far\u0131yla [&hellip;]<\/p>\n","protected":false},"author":1,"featured_media":188764,"comment_status":"open","ping_status":"open","sticky":false,"template":"","format":"standard","meta":[],"categories":[51,53],"tags":[12240,114048,4546,1193,114051,114047,114049,114050],"views":18,"_links":{"self":[{"href":"https:\/\/www.enerjigazetesi.ist\/en\/wp-json\/wp\/v2\/posts\/188761"}],"collection":[{"href":"https:\/\/www.enerjigazetesi.ist\/en\/wp-json\/wp\/v2\/posts"}],"about":[{"href":"https:\/\/www.enerjigazetesi.ist\/en\/wp-json\/wp\/v2\/types\/post"}],"author":[{"embeddable":true,"href":"https:\/\/www.enerjigazetesi.ist\/en\/wp-json\/wp\/v2\/users\/1"}],"replies":[{"embeddable":true,"href":"https:\/\/www.enerjigazetesi.ist\/en\/wp-json\/wp\/v2\/comments?post=188761"}],"version-history":[{"count":0,"href":"https:\/\/www.enerjigazetesi.ist\/en\/wp-json\/wp\/v2\/posts\/188761\/revisions"}],"wp:featuredmedia":[{"embeddable":true,"href":"https:\/\/www.enerjigazetesi.ist\/en\/wp-json\/wp\/v2\/media\/188764"}],"wp:attachment":[{"href":"https:\/\/www.enerjigazetesi.ist\/en\/wp-json\/wp\/v2\/media?parent=188761"}],"wp:term":[{"taxonomy":"category","embeddable":true,"href":"https:\/\/www.enerjigazetesi.ist\/en\/wp-json\/wp\/v2\/categories?post=188761"},{"taxonomy":"post_tag","embeddable":true,"href":"https:\/\/www.enerjigazetesi.ist\/en\/wp-json\/wp\/v2\/tags?post=188761"}],"curies":[{"name":"wp","href":"https:\/\/api.w.org\/{rel}","templated":true}]}}