{"id":188741,"date":"2024-06-02T22:15:28","date_gmt":"2024-06-02T19:15:28","guid":{"rendered":"https:\/\/www.enerjigazetesi.ist\/?p=188741"},"modified":"2024-06-02T22:15:28","modified_gmt":"2024-06-02T19:15:28","slug":"tredas-tan-tatil-beldelerinde-yaz-hazirligi","status":"publish","type":"post","link":"https:\/\/www.enerjigazetesi.ist\/en\/tredas-tan-tatil-beldelerinde-yaz-hazirligi\/","title":{"rendered":"(Turkish) &#8217;TREDA\u015e&#8217;tan Tatil Beldelerinde Yaz Haz\u0131rl\u0131\u011f\u0131"},"content":{"rendered":"<p class=\"qtranxs-available-languages-message qtranxs-available-languages-message-en\">Sorry, this entry is only available in <a href=\"https:\/\/www.enerjigazetesi.ist\/tr\/wp-json\/wp\/v2\/posts\/188741\" class=\"qtranxs-available-language-link qtranxs-available-language-link-tr\" title=\"Turkish\">Turkish<\/a>. For the sake of viewer convenience, the content is shown below in the alternative language. You may click the link to switch the active language.<\/p><p><\/p>\n<h2><strong>TREDA\u015e, yaz aylar\u0131nda n\u00fcfus yo\u011funlu\u011fu<\/strong> <strong>artan tatil<\/strong> <strong>b\u00f6lgelerindeki bak\u0131m ve onar\u0131m faaliyetlerini art\u0131rd\u0131.<\/strong><\/h2>\n<p style=\"text-align: center;\"><img loading=\"lazy\" class=\"aligncenter wp-image-188743\" src=\"https:\/\/www.enerjigazetesi.ist\/wp-content\/uploads\/2024\/06\/tredas-tan-tatil-beldelerinde-yaz-hazirligi.jpg\" alt=\"\" width=\"500\" height=\"363\" srcset=\"https:\/\/www.enerjigazetesi.ist\/wp-content\/uploads\/2024\/06\/tredas-tan-tatil-beldelerinde-yaz-hazirligi.jpg 550w, https:\/\/www.enerjigazetesi.ist\/wp-content\/uploads\/2024\/06\/tredas-tan-tatil-beldelerinde-yaz-hazirligi-300x218.jpg 300w, https:\/\/www.enerjigazetesi.ist\/wp-content\/uploads\/2024\/06\/tredas-tan-tatil-beldelerinde-yaz-hazirligi-500x363.jpg 500w, https:\/\/www.enerjigazetesi.ist\/wp-content\/uploads\/2024\/06\/tredas-tan-tatil-beldelerinde-yaz-hazirligi-69x50.jpg 69w\" sizes=\"(max-width: 500px) 100vw, 500px\" \/><\/p>\n<p>Edirne, Tekirda\u011f ve K\u0131rklareli\u2019nde yakla\u015f\u0131k 1,3 milyon aboneye elektrik da\u011f\u0131t\u0131m hizmeti veren Trakya Elektrik Da\u011f\u0131t\u0131m A.\u015e.\u2019nin (TREDA\u015e) hizmet b\u00f6lgesindeki tatil destinasyonlar\u0131nda, yaz aylar\u0131nda ya\u015fanan n\u00fcfus art\u0131\u015f\u0131 ile paralel olarak enerji talebinde de ciddi bir art\u0131\u015f g\u00f6zlemleniyor. Yaz aylar\u0131nda yazl\u0131k\u00e7\u0131lar ve g\u00fcn\u00fcbirlik ziyaret\u00e7iler taraf\u0131ndan yo\u011fun talep g\u00f6ren <strong>\u015eark\u00f6y, Kumba\u011f, Yeni\u00e7iftlik, Enez ve Erikli<\/strong> b\u00f6lgelerinde,<strong> y\u00fczde 240-250<\/strong>\u2019lere varan enerji t\u00fcketimi art\u0131\u015flar\u0131 ya\u015fan\u0131yor. Bu sebeple TREDA\u015e ekipleri, tatil beldelerinde artan enerji talebine yan\u0131t vermek amac\u0131yla Edirne\u2019de Ke\u015fan, Tekirda\u011f\u2019da S\u00fcleymanpa\u015fa, Marmaraere\u011filisi ve \u015eark\u00f6y, K\u0131rklareli\u2019nde ise Vize, Demirk\u00f6y, K\u0131y\u0131k\u00f6y ve \u0130\u011fneda\u2019da bak\u0131m ve haz\u0131rl\u0131k \u00e7al\u0131\u015fmalar\u0131n\u0131 s\u0131kla\u015ft\u0131rd\u0131. Her b\u00f6lgeye \u00f6zel \u00e7al\u0131\u015fma plan\u0131 haz\u0131rlayan TREDA\u015e, bir taraftan <strong>enerji nakil hatlar\u0131n\u0131 g\u00fc\u00e7lendirirken<\/strong> di\u011fer taraftan da <strong>sokak ayd\u0131nlatmalar\u0131n\u0131 yeniliyor.<\/strong><\/p>\n<h3><strong>\u00c7ALI\u015eMALAR 7\/24 DEVAM ED\u0130YOR<\/strong><\/h3>\n<p>Sorumluluk b\u00f6lgesindeki t\u00fcm illerde \u00e7al\u0131\u015fmalar\u0131n\u0131 7\/24 aral\u0131ks\u0131z s\u00fcrd\u00fcren TREDA\u015e&#8217;\u0131n Edirne \u0130\u015fletme M\u00fcd\u00fcrl\u00fc\u011f\u00fc, tatil sezonunda say\u0131s\u0131z ziyaret\u00e7inin ak\u0131n etti\u011fi Saroz K\u00f6rfezi\u2019ndeki bak\u0131m ve onar\u0131m \u00e7al\u0131\u015fmalar\u0131na b\u00fcy\u00fck \u00f6nem veriyor ve g\u00fc\u00e7lendirdi\u011fi ekipleriyle, olas\u0131 ar\u0131zalara kar\u015f\u0131 \u00f6nleyici tedbirler almay\u0131 s\u00fcrd\u00fcr\u00fcyor. Tekirda\u011f \u0130\u015fletme M\u00fcd\u00fcrl\u00fc\u011f\u00fcnce g\u00f6revlendirilen ar\u0131za onar\u0131m bak\u0131m ekipleri, Kumba\u011f, Marmaraere\u011flisi, \u015eark\u00f6y, Yeni\u00e7iftlik b\u00f6lgelerinde ar\u0131zalar\u0131n olu\u015fmas\u0131n\u0131 \u00f6nlemek i\u00e7in<strong> enerji nakil hatlar\u0131na d\u00fczenli bak\u0131mlar<\/strong> yap\u0131yor, <strong>enerji nakil hatlar\u0131n\u0131 g\u00fc\u00e7lendiriyor<\/strong> ve <strong>sokak ayd\u0131nlatmalar\u0131n\u0131 yeniliyor.<\/strong><\/p>\n<p>Teknolojiye yapt\u0131\u011f\u0131 yat\u0131r\u0131mlarla da abonelerinin hayat\u0131n\u0131 kolayla\u015ft\u0131ran TREDA\u015e, yapay zek\u00e2 destekli <strong>\u201cTREDA\u015e Enerjik\u201d<\/strong>in yan\u0131 s\u0131ra <strong>186 \u00c7a\u011fr\u0131 Merkezi<\/strong> ve <strong>TREDA\u015e web sitesi<\/strong> \u00fczerinden g\u00fcn\u00fcn her saatinde t\u00fcketicilerin ihtiya\u00e7 ve taleplerine kesintisiz yan\u0131t vermeye devam ediyor.<\/p>","protected":false},"excerpt":{"rendered":"<p>Sorry, this entry is only available in Turkish. For the sake of viewer convenience, the content is shown below in the alternative language. You may click the link to switch the active language. TREDA\u015e, yaz aylar\u0131nda n\u00fcfus yo\u011funlu\u011fu artan tatil b\u00f6lgelerindeki bak\u0131m ve onar\u0131m faaliyetlerini art\u0131rd\u0131. Edirne, Tekirda\u011f ve K\u0131rklareli\u2019nde yakla\u015f\u0131k 1,3 milyon aboneye elektrik [&hellip;]<\/p>\n","protected":false},"author":1,"featured_media":188743,"comment_status":"open","ping_status":"open","sticky":false,"template":"","format":"standard","meta":[],"categories":[51,53],"tags":[114038,4546,76134,108919,12370],"views":24,"_links":{"self":[{"href":"https:\/\/www.enerjigazetesi.ist\/en\/wp-json\/wp\/v2\/posts\/188741"}],"collection":[{"href":"https:\/\/www.enerjigazetesi.ist\/en\/wp-json\/wp\/v2\/posts"}],"about":[{"href":"https:\/\/www.enerjigazetesi.ist\/en\/wp-json\/wp\/v2\/types\/post"}],"author":[{"embeddable":true,"href":"https:\/\/www.enerjigazetesi.ist\/en\/wp-json\/wp\/v2\/users\/1"}],"replies":[{"embeddable":true,"href":"https:\/\/www.enerjigazetesi.ist\/en\/wp-json\/wp\/v2\/comments?post=188741"}],"version-history":[{"count":0,"href":"https:\/\/www.enerjigazetesi.ist\/en\/wp-json\/wp\/v2\/posts\/188741\/revisions"}],"wp:featuredmedia":[{"embeddable":true,"href":"https:\/\/www.enerjigazetesi.ist\/en\/wp-json\/wp\/v2\/media\/188743"}],"wp:attachment":[{"href":"https:\/\/www.enerjigazetesi.ist\/en\/wp-json\/wp\/v2\/media?parent=188741"}],"wp:term":[{"taxonomy":"category","embeddable":true,"href":"https:\/\/www.enerjigazetesi.ist\/en\/wp-json\/wp\/v2\/categories?post=188741"},{"taxonomy":"post_tag","embeddable":true,"href":"https:\/\/www.enerjigazetesi.ist\/en\/wp-json\/wp\/v2\/tags?post=188741"}],"curies":[{"name":"wp","href":"https:\/\/api.w.org\/{rel}","templated":true}]}}