{"id":18872,"date":"2013-12-06T15:14:46","date_gmt":"2013-12-06T12:14:46","guid":{"rendered":"https:\/\/www.enerjigazetesi.ist\/?p=18872"},"modified":"2013-12-06T16:12:49","modified_gmt":"2013-12-06T13:12:49","slug":"5-enerji-verimligi-forumu-ve-fuari-evf-ocak-ta-istanbul-da-duzenleniyor","status":"publish","type":"post","link":"https:\/\/www.enerjigazetesi.ist\/en\/5-enerji-verimligi-forumu-ve-fuari-evf-ocak-ta-istanbul-da-duzenleniyor\/","title":{"rendered":"(Turkish) 5. Enerji Verimli\u011fi Forumu ve Fuar\u0131 (EVF) Ocak&#8217;ta \u0130stanbul&#8217;da D\u00fczenleniyor"},"content":{"rendered":"<p class=\"qtranxs-available-languages-message qtranxs-available-languages-message-en\">Sorry, this entry is only available in <a href=\"https:\/\/www.enerjigazetesi.ist\/tr\/wp-json\/wp\/v2\/posts\/18872\" class=\"qtranxs-available-language-link qtranxs-available-language-link-tr\" title=\"Turkish\">Turkish<\/a>. For the sake of viewer convenience, the content is shown below in the alternative language. You may click the link to switch the active language.<\/p><p><strong><a href=\"https:\/\/www.enerjigazetesi.ist\/wp-content\/uploads\/2013\/12\/5-enerji-verimligi-forumu-ve-fuari-evf-ocak-ta-istanbul-da-duzenleniyor1.jpg\"><img loading=\"lazy\" class=\"alignright  wp-image-18876\" title=\"5-enerji-verimligi-forumu-ve-fuari-evf-ocak-ta-istanbul-da-duzenleniyor\" src=\"https:\/\/www.enerjigazetesi.ist\/wp-content\/uploads\/2013\/12\/5-enerji-verimligi-forumu-ve-fuari-evf-ocak-ta-istanbul-da-duzenleniyor1-300x185.jpg\" alt=\"\" width=\"297\" height=\"178\" \/><\/a>Enerji Verimlili\u011fi Haftas\u0131\u2019n\u0131n en \u00f6nemli etkinli\u011fi olan 5. Enerji verimli\u011fi Forumu ve Fuar\u0131 (EVF) 8- 11 Ocak 2014 tarihlerinde WOW Convention Center\u2019da d\u00fczenlenecektir.<\/strong><\/p>\n<p>2014\u2019de 5. Kez d\u00fczenlenecek olan EVF ge\u00e7mi\u015f y\u0131llardaki ba\u015far\u0131s\u0131n\u0131n ard\u0131ndan bu y\u0131l 4 g\u00fcnl\u00fck bir organizasyon olarak ger\u00e7ekle\u015fecektir.<\/p>\n<p>T\u00fcrkiye\u2019de <a href=\"http:\/\/www.enve.com.tr\" target=\"_blank\">enerji verimlili\u011fi<\/a> konusu her ge\u00e7en g\u00fcn daha da \u00f6nem arz etmektedir. 2023 y\u0131l\u0131 hedeflerinin ba\u015f\u0131nda gelen Enerji Verimlili\u011finde %20lik iyile\u015fme hedef i\u00e7in, hem kamu hem \u00f6zel hem de sivil toplum kurulu\u015flar\u0131 i\u015f birli\u011fi i\u00e7erisindedir.<\/p>\n<p>EVF bu hedefin tan\u0131t\u0131lmas\u0131 i\u00e7in en \u00f6nemli platformdur. EVF kapsam\u0131nda d\u00fczenlenen panel ve oturumlar ile Enerji verimlili\u011fini i\u00e7eren t\u00fcm konular, politikalar ve stratejiler, sekt\u00f6r\u00fcn en \u00f6nde isimleri ile de\u011ferlendirilecektir.<\/p>\n<p><strong>Fuar \u00dcr\u00fcn Gruplar\u0131:<\/strong><\/p>\n<table width=\"100%\" border=\"1\">\n<tbody>\n<tr>\n<td width=\"32%\">\u2022 Elektrik Enerjisi \u00dcretimi<\/td>\n<td width=\"7%\"><\/td>\n<td width=\"26%\">\u2022 Elektrik Motorlar\u0131<\/td>\n<td width=\"5%\"><\/td>\n<td width=\"30%\">\u2022 Otomasyon &amp; Otomatik Kontrol<\/td>\n<\/tr>\n<tr>\n<td>\u2022 Enerji Verimli \u00dcr\u00fcn, Teknoloji ve Sistemler<\/td>\n<td><\/td>\n<td>\u2022\u00a0E\u011fitim<\/td>\n<td><\/td>\n<td>\u2022 \u00d6l\u00e7me &amp; \u0130zleme<\/td>\n<\/tr>\n<tr>\n<td>\u2022 Ayd\u0131nlatma<\/td>\n<td><\/td>\n<td>\u2022 Yap\u0131 ve Yal\u0131t\u0131m Malzemeleri<\/td>\n<td><\/td>\n<td>\u2022 Enerji Verimlili\u011fi Hizmetleri<\/td>\n<\/tr>\n<tr>\n<td>\u2022 Is\u0131tma-So\u011futma-\u0130klimlendirme-Havaland\u0131rma<\/td>\n<td><\/td>\n<td>\u2022At\u0131klar<\/td>\n<td><\/td>\n<td>\u2022 Bankalar ve Finans Kurulu\u015flar\u0131<\/td>\n<\/tr>\n<tr>\n<td>\u2022 Ula\u015f\u0131m Ara\u00e7lar\u0131<\/td>\n<td><\/td>\n<td>\u2022 Proje ve Dan\u0131\u015fmanl\u0131k<\/td>\n<td><\/td>\n<td>\u2022 \u0130lgili Sivil Toplum Kurulu\u015flar\u0131<\/td>\n<\/tr>\n<tr>\n<td>\u2022 Ara\u015ft\u0131rma ve Geli\u015ftirme<\/td>\n<td><\/td>\n<td>\u2022 \u0130lgili Kamu Kurum ve Kurulu\u015flar\u0131<\/td>\n<td><\/td>\n<td>\u2022 Bas\u0131n Yay\u0131n<\/td>\n<\/tr>\n<tr>\n<td>\u2022 \u00c7evre Teknolojileri<\/td>\n<td><\/td>\n<td><\/td>\n<td><\/td>\n<td><\/td>\n<\/tr>\n<\/tbody>\n<\/table>\n<p>Yay\u0131nc\u0131: <a href=\"https:\/\/www.enerjigazetesi.ist\" target=\"_blank\">Enerji Gazetesi<\/a><\/p>\n<p>&nbsp;<\/p>","protected":false},"excerpt":{"rendered":"<p>Sorry, this entry is only available in Turkish. For the sake of viewer convenience, the content is shown below in the alternative language. You may click the link to switch the active language.Enerji Verimlili\u011fi Haftas\u0131\u2019n\u0131n en \u00f6nemli etkinli\u011fi olan 5. Enerji verimli\u011fi Forumu ve Fuar\u0131 (EVF) 8- 11 Ocak 2014 tarihlerinde WOW Convention Center\u2019da d\u00fczenlenecektir. [&hellip;]<\/p>\n","protected":false},"author":1,"featured_media":18876,"comment_status":"open","ping_status":"open","sticky":false,"template":"","format":"standard","meta":[],"categories":[53,52],"tags":[11010,63,67,1009,165,12,11011,1757],"views":838,"_links":{"self":[{"href":"https:\/\/www.enerjigazetesi.ist\/en\/wp-json\/wp\/v2\/posts\/18872"}],"collection":[{"href":"https:\/\/www.enerjigazetesi.ist\/en\/wp-json\/wp\/v2\/posts"}],"about":[{"href":"https:\/\/www.enerjigazetesi.ist\/en\/wp-json\/wp\/v2\/types\/post"}],"author":[{"embeddable":true,"href":"https:\/\/www.enerjigazetesi.ist\/en\/wp-json\/wp\/v2\/users\/1"}],"replies":[{"embeddable":true,"href":"https:\/\/www.enerjigazetesi.ist\/en\/wp-json\/wp\/v2\/comments?post=18872"}],"version-history":[{"count":9,"href":"https:\/\/www.enerjigazetesi.ist\/en\/wp-json\/wp\/v2\/posts\/18872\/revisions"}],"predecessor-version":[{"id":18887,"href":"https:\/\/www.enerjigazetesi.ist\/en\/wp-json\/wp\/v2\/posts\/18872\/revisions\/18887"}],"wp:featuredmedia":[{"embeddable":true,"href":"https:\/\/www.enerjigazetesi.ist\/en\/wp-json\/wp\/v2\/media\/18876"}],"wp:attachment":[{"href":"https:\/\/www.enerjigazetesi.ist\/en\/wp-json\/wp\/v2\/media?parent=18872"}],"wp:term":[{"taxonomy":"category","embeddable":true,"href":"https:\/\/www.enerjigazetesi.ist\/en\/wp-json\/wp\/v2\/categories?post=18872"},{"taxonomy":"post_tag","embeddable":true,"href":"https:\/\/www.enerjigazetesi.ist\/en\/wp-json\/wp\/v2\/tags?post=18872"}],"curies":[{"name":"wp","href":"https:\/\/api.w.org\/{rel}","templated":true}]}}