{"id":188710,"date":"2024-05-31T21:12:46","date_gmt":"2024-05-31T18:12:46","guid":{"rendered":"https:\/\/www.enerjigazetesi.ist\/?p=188710"},"modified":"2024-05-31T21:12:46","modified_gmt":"2024-05-31T18:12:46","slug":"italyan-swm-nin-elektrikli-hafif-ticarisi-x30l-ev","status":"publish","type":"post","link":"https:\/\/www.enerjigazetesi.ist\/en\/italyan-swm-nin-elektrikli-hafif-ticarisi-x30l-ev\/","title":{"rendered":"(Turkish) \u0130talyan SWM\u2019nin Elektrikli Hafif Ticarisi &#8216;X30L EV'"},"content":{"rendered":"<p class=\"qtranxs-available-languages-message qtranxs-available-languages-message-en\">Sorry, this entry is only available in <a href=\"https:\/\/www.enerjigazetesi.ist\/tr\/wp-json\/wp\/v2\/posts\/188710\" class=\"qtranxs-available-language-link qtranxs-available-language-link-tr\" title=\"Turkish\">Turkish<\/a>. For the sake of viewer convenience, the content is shown below in the alternative language. You may click the link to switch the active language.<\/p><p><\/p>\n<h2><strong>T\u00fcrkiye pazar\u0131na k\u0131sa bir s\u00fcre \u00f6nce giri\u015f yapan \u0130talyan SWM Motors, T\u00fcrkiye\u2019deki \u00fcr\u00fcn gam\u0131n\u0131 geni\u015fletiyor. \u00dc\u00e7 farkl\u0131 SUV modelle giri\u015f yapt\u0131\u011f\u0131 T\u00fcrkiye pazar\u0131na yeni elektrikli hafif ticari modeli X30L EV\u2019yi de sunmaya ba\u015flayan marka, kompakt boyutlar\u0131na kar\u015f\u0131n 5 metrek\u00fcple s\u0131n\u0131f\u0131n\u0131n en geni\u015f y\u00fckleme hacmini sunuyor. T\u00fcrkiye pazar\u0131na 1 milyon 199 bin 500 TL\u2019den ba\u015flayan fiyatlarla sunulan yeni model, 305 kilometrelik menzili, sadece 45 dakikada \u015farj edilebilen CATL imzal\u0131 bataryas\u0131 ve test edilmi\u015f 1000 kilograml\u0131k ta\u015f\u0131ma kapasitesiyle rakiplerine g\u00f6zda\u011f\u0131 veriyor. 220 Nm\u2019lik torkuyla y\u00fcksek \u00e7eki\u015f g\u00fcc\u00fcne sahip yeni X30L EV, kompakt boyutlar\u0131 sayesinde yer alt\u0131 otoparklar\u0131 gibi kapal\u0131 alanlarda bile kullan\u0131m kolayl\u0131\u011f\u0131 sa\u011fl\u0131yor.<\/strong><\/h2>\n<p style=\"text-align: center;\"><img loading=\"lazy\" class=\"aligncenter wp-image-188713\" src=\"https:\/\/www.enerjigazetesi.ist\/wp-content\/uploads\/2024\/05\/italyan-swm-nin-elektrikli-hafif-ticarisi-x30l-ev-1.jpg\" alt=\"\" width=\"500\" height=\"334\" srcset=\"https:\/\/www.enerjigazetesi.ist\/wp-content\/uploads\/2024\/05\/italyan-swm-nin-elektrikli-hafif-ticarisi-x30l-ev-1.jpg 550w, https:\/\/www.enerjigazetesi.ist\/wp-content\/uploads\/2024\/05\/italyan-swm-nin-elektrikli-hafif-ticarisi-x30l-ev-1-300x200.jpg 300w, https:\/\/www.enerjigazetesi.ist\/wp-content\/uploads\/2024\/05\/italyan-swm-nin-elektrikli-hafif-ticarisi-x30l-ev-1-500x334.jpg 500w, https:\/\/www.enerjigazetesi.ist\/wp-content\/uploads\/2024\/05\/italyan-swm-nin-elektrikli-hafif-ticarisi-x30l-ev-1-75x50.jpg 75w, https:\/\/www.enerjigazetesi.ist\/wp-content\/uploads\/2024\/05\/italyan-swm-nin-elektrikli-hafif-ticarisi-x30l-ev-1-450x300.jpg 450w\" sizes=\"(max-width: 500px) 100vw, 500px\" \/><\/p>\n<p>T\u00fcrkiye otomotiv pazar\u0131, potansiyeli ve dinamik yap\u0131s\u0131yla k\u00fcresel oyuncular\u0131n yak\u0131n takibi alt\u0131nda. Bu kapsamda k\u0131sa bir s\u00fcre \u00f6nce T\u00fcrkiye pazar\u0131na giri\u015f yapan ve <strong>\u00c7in\u2019in<\/strong> \u00f6nde gelen otomotiv \u00fcreticilerinden <strong>Shineray Group<\/strong> b\u00fcnyesinde faaliyet g\u00f6steren \u0130talyan SWM markas\u0131, \u00fcr\u00fcn gam\u0131n\u0131 geni\u015fletmek i\u00e7in \u00e7al\u0131\u015fmalar\u0131na devam ediyor.<\/p>\n<h3><strong>5 Metrek\u00fcpl\u00fck Y\u00fckleme Hacmiyle S\u0131n\u0131f\u0131n\u0131n Zirvesinde<\/strong><\/h3>\n<p>T\u00fcrkiye\u2019de ATMO Grubu\u2019nun temsil etti\u011fi marka, G01, G01F ve G03F olmak \u00fczere \u00fc\u00e7 farkl\u0131 benzinli SUV modeliyle giri\u015f yapt\u0131\u011f\u0131 T\u00fcrkiye pazar\u0131na yeni bir modelini daha getirmeye ba\u015flad\u0131. Markan\u0131n yeni elektrikli hafif ticari modeli X30L EV, ba\u015fta KOB\u0130\u2019ler olmak \u00fczere \u00e7al\u0131\u015fma hayat\u0131na elektri\u011fin \u00e7evreci \u00f6zellikleri ve ekonomisini kazand\u0131racak.<strong> 1 milyon 199 bin 500 TL<\/strong>\u2019den <strong>ba\u015flayan fiyatlarla<\/strong> sat\u0131\u015fa sunulan her iki tarafta \u00e7ift s\u00fcrg\u00fcl\u00fc kap\u0131 \u00f6zelli\u011fiyle dikkat \u00e7eken yeni <strong>SWM X30L EV<\/strong>, geni\u015f y\u00fckleme alan\u0131, g\u00fc\u00e7l\u00fc motoru ve y\u00fcksek kapasiteli bataryas\u0131 ile konvansiyonel motorlu rakiplerine kar\u015f\u0131 \u00f6nemli avantajlar sunuyor. 4.495 mm\u2019lik uzunlu\u011fu ile kompakt boyutlara sahip olan yeni X30L EV, buna ra\u011fmen 2.925 mm\u2019lik aks aral\u0131\u011f\u0131 ile s\u0131n\u0131f\u0131n\u0131n en geni\u015f y\u00fckleme alanlar\u0131ndan birini sunuyor. 2510x1475x1350 \u00f6l\u00e7\u00fclerine sahip 5 metrek\u00fcpl\u00fck y\u00fckleme alan\u0131yla rakiplerinden ayr\u0131\u015fan yeni ara\u00e7, 700 kilograml\u0131k ta\u015f\u0131ma kapasitesiyle de dikkat \u00e7ekiyor. Tek par\u00e7a \u00e7elik bariyer ALL FLAT teknolojisi ve y\u00fcksek mukavemetli al\u00fcminyum d\u00f6\u015feme tasar\u0131m\u0131yla \u00e7ok geni\u015f bir y\u00fckleme alan\u0131 sunabilen X30L EV, kompakt boyutlar\u0131 sayesinde yer alt\u0131 otoparklar\u0131 gibi kapal\u0131 alanlarda bile kullan\u0131m kolayl\u0131\u011f\u0131 sa\u011fl\u0131yor.<\/p>\n<h3><strong>Tek \u015earj ile 305 Kilometre Menzil<\/strong><\/h3>\n<p><strong>CATL<\/strong> \u00fcretimi <strong>41.86 kWh kapasiteli batarya<\/strong> ile 305 kilometrelik menzil (NEDC) vadeden yeni SWM X30L EV\u2019nin \u015farj s\u00fcreleri de olduk\u00e7a iddial\u0131. <strong>Standart \u015farjda 6 saatte tamamen \u015farj olabilen<\/strong> ara\u00e7, <strong>h\u0131zl\u0131 \u015farj<\/strong> ile <strong>sadece 45 dakikaya<\/strong> (y\u00fczde 80\u2019e kadar) ihtiya\u00e7 duyuyor. \u015earj cihaz\u0131 standard\u0131 hem AC hem de DC \u015farj i\u00e7in yayg\u0131n olarak bulunan ve kullan\u0131m\u0131 kolay olan &#8220;CCS&#8221; olarak \u00f6ne \u00e7\u0131k\u0131yor. Arkadan iti\u015fli ara\u00e7, 60 kw g\u00fc\u00e7 ve 220 Nm tork \u00fcreten motoruyla y\u00fcksek bir performans sunuyor. Sport modunda y\u00fczde 15 performans art\u0131\u015f\u0131 sa\u011flayan motor, bu sayede tam y\u00fckl\u00fc halde bile yeterli performans\u0131 sergiliyor. Renkli LCD g\u00f6sterge paneli, Android ve Apple Carplay ba\u011flant\u0131l\u0131 10 in\u00e7lik multimedya ekran\u0131, klima, \u00e7ift hava yast\u0131\u011f\u0131, ABS+EBD, EPS, ESC, lastik bas\u0131n\u00e7 sens\u00f6r\u00fc, yoku\u015f kalk\u0131\u015f deste\u011fi, LED farlar, deri koltuklar, enerji rejenerasyonu, batarya \u0131s\u0131tma ve so\u011futma fonksiyonu, elektrikle ayarlanabilen camlar, arka kamera ve park sens\u00f6r\u00fc gibi zengin bir donan\u0131m listesiyle sunulan SWM X30L EV, yaya koruma sistemi gibi g\u00fcvenlik ekipmanlar\u0131na da sahip.<\/p>\n<h3><strong>Bayi ve Sat\u0131\u015f Sonras\u0131 Hizmet A\u011f\u0131 ile T\u00fcrkiye\u2019ye Yay\u0131l\u0131yor<\/strong><\/h3>\n<p><strong>SWM Motors<\/strong>, 1971 y\u0131l\u0131nda \u0130talya\u2019da kuruldu, 2014 y\u0131l\u0131nda \u00c7inli Shineray Holding taraf\u0131ndan sat\u0131n al\u0131nan SWM, SWM Motors olarak 2016 y\u0131l\u0131nda Shineray Holding\u2019e ait, Brilliance Shineray Chongqing Automobile Co. Ltd.\u2019ye dahil edildi. Tasar\u0131m ofisi Milano\u2019da olan ve tamamen \u0130talyan \u00e7izgileri ta\u015f\u0131yan SWM\u2019nin, 1.000\u2019den fazla ki\u015finin g\u00f6rev yapt\u0131\u011f\u0131 Ar-Ge Merkezi ise \u00c7in\u2019in Chongqing \u015fehrinde yer al\u0131yor. Marka, y\u0131lda 300 binden fazla ara\u00e7 \u00fcretimi ger\u00e7ekle\u015ftiriyor. \u0130lk a\u015famada <strong>\u0130stanbul, Ankara, Bursa, Kayseri, Konya, Denizli ve Trabzon<\/strong> olmak \u00fczer<strong>e 8 \u015fehirde 9 bayiyle sat\u0131\u015f ve sat\u0131\u015f sonras\u0131 hizmeti<\/strong> <strong>a\u011f\u0131<\/strong> ile faaliyetlerine ba\u015flayan <strong>SWM T\u00fcrkiye<\/strong>, ilk \u00e7eyrek sonunda <strong>Ege, Akdeniz, G\u00fcneydo\u011fu ve Do\u011fu Anadolu\u2019da<\/strong> a\u00e7t\u0131\u011f\u0131 toplamda <strong>11 yeni sat\u0131\u015f ve sat\u0131\u015f sonras\u0131 servis noktalar\u0131<\/strong> ile b\u00fcy\u00fcmeye devam ediyor.<\/p>","protected":false},"excerpt":{"rendered":"<p>Sorry, this entry is only available in Turkish. For the sake of viewer convenience, the content is shown below in the alternative language. You may click the link to switch the active language. T\u00fcrkiye pazar\u0131na k\u0131sa bir s\u00fcre \u00f6nce giri\u015f yapan \u0130talyan SWM Motors, T\u00fcrkiye\u2019deki \u00fcr\u00fcn gam\u0131n\u0131 geni\u015fletiyor. \u00dc\u00e7 farkl\u0131 SUV modelle giri\u015f yapt\u0131\u011f\u0131 T\u00fcrkiye [&hellip;]<\/p>\n","protected":false},"author":1,"featured_media":188712,"comment_status":"open","ping_status":"open","sticky":false,"template":"","format":"standard","meta":[],"categories":[51,53],"tags":[114028,215,114025,114024,114027,114029,114030,114026],"views":26,"_links":{"self":[{"href":"https:\/\/www.enerjigazetesi.ist\/en\/wp-json\/wp\/v2\/posts\/188710"}],"collection":[{"href":"https:\/\/www.enerjigazetesi.ist\/en\/wp-json\/wp\/v2\/posts"}],"about":[{"href":"https:\/\/www.enerjigazetesi.ist\/en\/wp-json\/wp\/v2\/types\/post"}],"author":[{"embeddable":true,"href":"https:\/\/www.enerjigazetesi.ist\/en\/wp-json\/wp\/v2\/users\/1"}],"replies":[{"embeddable":true,"href":"https:\/\/www.enerjigazetesi.ist\/en\/wp-json\/wp\/v2\/comments?post=188710"}],"version-history":[{"count":0,"href":"https:\/\/www.enerjigazetesi.ist\/en\/wp-json\/wp\/v2\/posts\/188710\/revisions"}],"wp:featuredmedia":[{"embeddable":true,"href":"https:\/\/www.enerjigazetesi.ist\/en\/wp-json\/wp\/v2\/media\/188712"}],"wp:attachment":[{"href":"https:\/\/www.enerjigazetesi.ist\/en\/wp-json\/wp\/v2\/media?parent=188710"}],"wp:term":[{"taxonomy":"category","embeddable":true,"href":"https:\/\/www.enerjigazetesi.ist\/en\/wp-json\/wp\/v2\/categories?post=188710"},{"taxonomy":"post_tag","embeddable":true,"href":"https:\/\/www.enerjigazetesi.ist\/en\/wp-json\/wp\/v2\/tags?post=188710"}],"curies":[{"name":"wp","href":"https:\/\/api.w.org\/{rel}","templated":true}]}}