{"id":188695,"date":"2024-05-31T20:19:35","date_gmt":"2024-05-31T17:19:35","guid":{"rendered":"https:\/\/www.enerjigazetesi.ist\/?p=188695"},"modified":"2024-05-31T20:19:35","modified_gmt":"2024-05-31T17:19:35","slug":"cimsa-enerji-verimliligi-ve-surdurulebilirlik-yatirimlari-ile-on-plana-cikiyor","status":"publish","type":"post","link":"https:\/\/www.enerjigazetesi.ist\/en\/cimsa-enerji-verimliligi-ve-surdurulebilirlik-yatirimlari-ile-on-plana-cikiyor\/","title":{"rendered":"(Turkish) &#8217;\u00c7imsa&#8217; Enerji Verimlili\u011fi ve S\u00fcrd\u00fcr\u00fclebilirlik Yat\u0131r\u0131mlar\u0131 ile \u00d6n Plana \u00c7\u0131k\u0131yor"},"content":{"rendered":"<p class=\"qtranxs-available-languages-message qtranxs-available-languages-message-en\">Sorry, this entry is only available in <a href=\"https:\/\/www.enerjigazetesi.ist\/tr\/wp-json\/wp\/v2\/posts\/188695\" class=\"qtranxs-available-language-link qtranxs-available-language-link-tr\" title=\"Turkish\">Turkish<\/a>. For the sake of viewer convenience, the content is shown below in the alternative language. You may click the link to switch the active language.<\/p><p><\/p>\n<h2><strong>Enerji verimlili\u011fi ve s\u00fcrd\u00fcr\u00fclebilirlik yat\u0131r\u0131mlar\u0131 ile \u00f6n plana \u00e7\u0131kan \u00c7imsa, y\u0131l\u0131n ilk \u00e7eyre\u011finde ge\u00e7en y\u0131l\u0131n ayn\u0131 d\u00f6nemine g\u00f6re, cirosunu y\u00fczde %11 art\u0131rarak 4.798 milyon TL\u2019den 5.324 milyon TL\u2019ye \u00e7\u0131kard\u0131. Net k\u00e2r\u0131n\u0131 ise %16 art\u0131rarak 396 milyon TL olarak ger\u00e7ekle\u015ftirdi.<\/strong><\/h2>\n<p>Sabanc\u0131 Toplulu\u011fu\u2019nun global markas\u0131 \u00c7imsa, 2024 y\u0131l\u0131 ilk \u00e7eyrek finansal sonu\u00e7lar\u0131n\u0131 a\u00e7\u0131klad\u0131. Bir \u00e7imento \u015firketinden yap\u0131 malzemeleri \u015firketine d\u00f6n\u00fc\u015f\u00fcm\u00fc ve \u00fcr\u00fcn \u00e7e\u015fitlendirmesini ba\u015far\u0131yla s\u00fcrd\u00fcren \u00c7imsa\u2019n\u0131n y\u0131l\u0131n ilk \u00e7eyre\u011finde <strong>cirosu 5.324 milyon TL<\/strong>; <strong>net k\u00e2r\u0131 ise 396 milyon TL<\/strong> olarak ger\u00e7ekle\u015fti.<\/p>\n<p>\u00c7imsa\u2019n\u0131n son y\u0131llarda y\u00fcr\u00fctt\u00fc\u011f\u00fc d\u00f6n\u00fc\u015f\u00fcm s\u00fcrecinin \u015firketin finansallar\u0131na da olumlu \u015fekilde yans\u0131d\u0131\u011f\u0131n\u0131 s\u00f6yleyen <strong>\u00c7imsa CEO\u2019su Umut Zenar\u00a0<\/strong>\u015funlar\u0131 s\u00f6yledi:<\/p>\n<p><em>\u201c\u00c7imsa\u2019n\u0131n iki temel \u00f6nceli\u011fi var. \u0130lki ana i\u015flerini daha k\u00fcresel ve daha k\u00e2rl\u0131 hale getirmek. \u0130kincisi ise \u00e7imentodan yap\u0131 malzemelerine d\u00f6n\u00fc\u015f\u00fcm\u00fc ve \u00fcr\u00fcn \u00e7e\u015fitlendirmesini ba\u015far\u0131yla s\u00fcrd\u00fcrmek. Bu<img loading=\"lazy\" class=\"alignright wp-image-188698\" src=\"https:\/\/www.enerjigazetesi.ist\/wp-content\/uploads\/2024\/05\/cimsa-enerji-verimliligi-ve-surdurulebilirlik-yatirimlari-ile-on-plana-cikiyor-1.jpg\" alt=\"\" width=\"320\" height=\"311\" srcset=\"https:\/\/www.enerjigazetesi.ist\/wp-content\/uploads\/2024\/05\/cimsa-enerji-verimliligi-ve-surdurulebilirlik-yatirimlari-ile-on-plana-cikiyor-1.jpg 494w, https:\/\/www.enerjigazetesi.ist\/wp-content\/uploads\/2024\/05\/cimsa-enerji-verimliligi-ve-surdurulebilirlik-yatirimlari-ile-on-plana-cikiyor-1-300x291.jpg 300w, https:\/\/www.enerjigazetesi.ist\/wp-content\/uploads\/2024\/05\/cimsa-enerji-verimliligi-ve-surdurulebilirlik-yatirimlari-ile-on-plana-cikiyor-1-412x400.jpg 412w, https:\/\/www.enerjigazetesi.ist\/wp-content\/uploads\/2024\/05\/cimsa-enerji-verimliligi-ve-surdurulebilirlik-yatirimlari-ile-on-plana-cikiyor-1-51x50.jpg 51w\" sizes=\"(max-width: 320px) 100vw, 320px\" \/> d\u00f6n\u00fc\u015f\u00fcmde, CAC bir k\u00f6pr\u00fc g\u00f6revi g\u00f6r\u00fcyor. CAC, \u015firketin s\u00fcrd\u00fcr\u00fclebilirlik hedeflerine, inovasyon \u00e7abalar\u0131na ve k\u00fcresel pazardaki rekabet g\u00fcc\u00fcne katk\u0131 sa\u011flamaktad\u0131r. Mersin\u2019de ger\u00e7ekle\u015ftirdi\u011fimiz kapasite art\u0131\u015f yat\u0131r\u0131m\u0131n tamamlanmas\u0131 ve \u00fcretime ba\u015flamas\u0131yla birlikte, Mersin Fabrikam\u0131z, d\u00fcnyada gri \u00e7imento, beyaz \u00e7imento ve CAC \u00fcreten tek fabrika olarak konumunu g\u00fc\u00e7lendirmi\u015ftir. M\u00fcnih\u2019te yer alan Sabanc\u0131 Teknoloji Merkezi ise \u00c7imsa\u2019n\u0131n d\u00f6n\u00fc\u015f\u00fcm hikayesinin \u00f6nemli bir akt\u00f6r\u00fc. Mersin Fabrikam\u0131zda yeni \u00fcretim hatt\u0131m\u0131z\u0131n faaliyete ge\u00e7mesi ile CAC pazar\u0131nda D\u00fcnya&#8217;n\u0131n en b\u00fcy\u00fck \u00fc\u00e7 oyuncusundan biri olduk. Bu ekstra kapasiteyi en verimli \u015fekilde de\u011ferlendirebilmek i\u00e7in CAC ve \u00f6zel \u00fcr\u00fcn m\u00fc\u015fterilerine M\u00fcnih&#8217;ten do\u011frudan ula\u015faca\u011f\u0131z. CAC\u2018dan \u00fcretilen Flycrete gibi katma de\u011ferli m\u00fc\u015fteriye \u00f6zel \u00fcr\u00fcnlerimizle inovasyon konusunda T\u00fcrkiye \u00e7imento ve yap\u0131 malzemeleri sekt\u00f6r\u00fcne \u00f6nc\u00fcl\u00fck ediyoruz\u201d.<\/em><\/p>\n<p>Global \u00f6l\u00e7ekte i\u015f yapma vizyonu \u00e7er\u00e7evesinde, t\u00fcm faaliyetlerinde <strong>enerji verimlili\u011fi<\/strong> ve <strong>yenilenebilir enerji<\/strong> alan\u0131ndaki inisiyatiflerini art\u0131rarak \u00e7evresel etkiyi minimize etmeye odakland\u0131klar\u0131n\u0131 vurgulayan <strong>Zenar\u00a0<\/strong>\u015f\u00f6yle devam etti:<\/p>\n<p><em>&#8220;Bu \u00e7er\u00e7evede T\u00fcrkiye\u2019de Eski\u015fehir ve Afyon fabrikalar\u0131na yapt\u0131\u011f\u0131m\u0131z yat\u0131r\u0131mlarla, 3 y\u0131l \u00f6nce, T\u00fcrkiye ortalamas\u0131nda olan alternatif yak\u0131t kullan\u0131m\u0131 kapasitemizi bug\u00fcn y\u00fczde 30 seviyesine \u00e7\u0131kard\u0131k. 2024 sonundan itibaren, Eski\u015fehir fabrikam\u0131z\u0131n y\u0131ll\u0131k elektrik t\u00fcketiminin <strong>y\u00fczde 25\u2019ini \u2018At\u0131k Is\u0131 Geri Kazan\u0131m\u0131\u2019<\/strong> ile sa\u011flayaca\u011f\u0131z. <strong>Yenilenebilir enerji kaynaklar\u0131ndan<\/strong> elde edilen elektrik enerjisi kullan\u0131m oran\u0131m\u0131z <strong>2023 y\u0131l<\/strong> sonunda <strong>%54<\/strong> olarak ger\u00e7ekle\u015firken, <strong>2030 y\u0131l\u0131nda<\/strong> bu oran\u0131<strong> %80<\/strong>\u2019in \u00fczerine \u00e7\u0131karmay\u0131 hedefliyoruz. En son \u0130spanya Bunol fabrikam\u0131zda a\u00e7\u0131l\u0131\u015f\u0131n\u0131 ger\u00e7ekle\u015ftirdi\u011fimiz g\u00fcne\u015f enerjisi santrali de bu \u00e7abalar\u0131m\u0131z\u0131n somut bir \u00f6rne\u011fi. Ayr\u0131ca, m\u00fc\u015fterilerimizin ihtiya\u00e7lar\u0131 ile paralel <strong>Ar-Ge \u00e7al\u0131\u015fmalar\u0131m\u0131z<\/strong> sayesinde toplam gri \u00e7imento \u00fcr\u00fcn portf\u00f6y\u00fcm\u00fcz\u00fcn <strong>%37<\/strong>\u2019si d\u00fc\u015f\u00fck klinker i\u00e7erikli \u00fcr\u00fcn grubuna transfer oldu. T\u00fcm bu yat\u0131r\u0131mlar sayesinde hem i\u015f s\u00fcre\u00e7lerimizi optimize ediyoruz hem de \u00e7evre dostu uygulamalarla s\u00fcrd\u00fcr\u00fclebilir bir gelecek i\u00e7in sorumluluk al\u0131yoruz.&#8221;<\/em><\/p>","protected":false},"excerpt":{"rendered":"<p>Sorry, this entry is only available in Turkish. For the sake of viewer convenience, the content is shown below in the alternative language. You may click the link to switch the active language. Enerji verimlili\u011fi ve s\u00fcrd\u00fcr\u00fclebilirlik yat\u0131r\u0131mlar\u0131 ile \u00f6n plana \u00e7\u0131kan \u00c7imsa, y\u0131l\u0131n ilk \u00e7eyre\u011finde ge\u00e7en y\u0131l\u0131n ayn\u0131 d\u00f6nemine g\u00f6re, cirosunu y\u00fczde %11 art\u0131rarak [&hellip;]<\/p>\n","protected":false},"author":1,"featured_media":188697,"comment_status":"open","ping_status":"open","sticky":false,"template":"","format":"standard","meta":[],"categories":[53,52],"tags":[33332,12,94966,105],"views":24,"_links":{"self":[{"href":"https:\/\/www.enerjigazetesi.ist\/en\/wp-json\/wp\/v2\/posts\/188695"}],"collection":[{"href":"https:\/\/www.enerjigazetesi.ist\/en\/wp-json\/wp\/v2\/posts"}],"about":[{"href":"https:\/\/www.enerjigazetesi.ist\/en\/wp-json\/wp\/v2\/types\/post"}],"author":[{"embeddable":true,"href":"https:\/\/www.enerjigazetesi.ist\/en\/wp-json\/wp\/v2\/users\/1"}],"replies":[{"embeddable":true,"href":"https:\/\/www.enerjigazetesi.ist\/en\/wp-json\/wp\/v2\/comments?post=188695"}],"version-history":[{"count":0,"href":"https:\/\/www.enerjigazetesi.ist\/en\/wp-json\/wp\/v2\/posts\/188695\/revisions"}],"wp:featuredmedia":[{"embeddable":true,"href":"https:\/\/www.enerjigazetesi.ist\/en\/wp-json\/wp\/v2\/media\/188697"}],"wp:attachment":[{"href":"https:\/\/www.enerjigazetesi.ist\/en\/wp-json\/wp\/v2\/media?parent=188695"}],"wp:term":[{"taxonomy":"category","embeddable":true,"href":"https:\/\/www.enerjigazetesi.ist\/en\/wp-json\/wp\/v2\/categories?post=188695"},{"taxonomy":"post_tag","embeddable":true,"href":"https:\/\/www.enerjigazetesi.ist\/en\/wp-json\/wp\/v2\/tags?post=188695"}],"curies":[{"name":"wp","href":"https:\/\/api.w.org\/{rel}","templated":true}]}}