{"id":188691,"date":"2024-05-31T19:39:31","date_gmt":"2024-05-31T16:39:31","guid":{"rendered":"https:\/\/www.enerjigazetesi.ist\/?p=188691"},"modified":"2024-05-31T19:39:31","modified_gmt":"2024-05-31T16:39:31","slug":"epdk-kurul-uyesi-ahmet-cagri-cicek-yeniden-erra-yonetim-kurulu-uyesi","status":"publish","type":"post","link":"https:\/\/www.enerjigazetesi.ist\/en\/epdk-kurul-uyesi-ahmet-cagri-cicek-yeniden-erra-yonetim-kurulu-uyesi\/","title":{"rendered":"(Turkish) EPDK Kurul \u00dcyesi &#8216;Ahmet \u00c7a\u011fr\u0131 \u00c7i\u00e7ek&#8217; Yeniden ERRA Y\u00f6netim Kurulu \u00dcyesi"},"content":{"rendered":"<p class=\"qtranxs-available-languages-message qtranxs-available-languages-message-en\">Sorry, this entry is only available in <a href=\"https:\/\/www.enerjigazetesi.ist\/tr\/wp-json\/wp\/v2\/posts\/188691\" class=\"qtranxs-available-language-link qtranxs-available-language-link-tr\" title=\"Turkish\">Turkish<\/a>. For the sake of viewer convenience, the content is shown below in the alternative language. You may click the link to switch the active language.<\/p><p><\/p>\n<h2><strong>EPDK Kurul \u00dcyesi Ahmet \u00c7a\u011fr\u0131 \u00c7i\u00e7ek, Enerji D\u00fczenleyicileri B\u00f6lgesel Birli\u011fi (ERRA) Y\u00f6netim Kurulu \u00dcyeli\u011fine \u00fc\u00e7\u00fcnc\u00fc kez se\u00e7ildi.<\/strong><\/h2>\n<p style=\"text-align: center;\"><img loading=\"lazy\" class=\"aligncenter wp-image-188693\" src=\"https:\/\/www.enerjigazetesi.ist\/wp-content\/uploads\/2024\/05\/epdk-kurul-uyesi-ahmet-cagri-cicek-yeniden-erra-yonetim-kurulu-uyesi.jpg\" alt=\"\" width=\"500\" height=\"329\" srcset=\"https:\/\/www.enerjigazetesi.ist\/wp-content\/uploads\/2024\/05\/epdk-kurul-uyesi-ahmet-cagri-cicek-yeniden-erra-yonetim-kurulu-uyesi.jpg 550w, https:\/\/www.enerjigazetesi.ist\/wp-content\/uploads\/2024\/05\/epdk-kurul-uyesi-ahmet-cagri-cicek-yeniden-erra-yonetim-kurulu-uyesi-300x197.jpg 300w, https:\/\/www.enerjigazetesi.ist\/wp-content\/uploads\/2024\/05\/epdk-kurul-uyesi-ahmet-cagri-cicek-yeniden-erra-yonetim-kurulu-uyesi-500x329.jpg 500w, https:\/\/www.enerjigazetesi.ist\/wp-content\/uploads\/2024\/05\/epdk-kurul-uyesi-ahmet-cagri-cicek-yeniden-erra-yonetim-kurulu-uyesi-76x50.jpg 76w\" sizes=\"(max-width: 500px) 100vw, 500px\" \/><\/p>\n<p>\u00dcyelerinin d\u00fczenleyici \u00e7er\u00e7evelerinin g\u00fc\u00e7lendirilmesi ve geli\u015ftirilmesi misyonuyla s\u00fcrekli geli\u015fen d\u00fczenleme d\u00fcnyas\u0131nda bir referans noktas\u0131 olma vizyonuyla \u00e7al\u0131\u015fan <strong>ERRA<\/strong>\u2019n\u0131n <strong>47 \u00fcyesi<\/strong> bulunurken, EPDK birli\u011fin y\u00f6netim kurulunda uzun s\u00fcredir yer al\u0131yor.<\/p>\n<p>Konuyu de\u011ferlendiren \u00c7i\u00e7ek: <em>\u201cEPDK\u2019y\u0131 temsilen bu \u00f6nemli g\u00f6reve yeniden lay\u0131k g\u00f6r\u00fclmek gurur verici. 47 \u00fcyesi bulunan ERRA, enerji d\u00fczenleme alan\u0131nda \u00e7ok etkili bir yap\u0131. Kurum olarak hem yapt\u0131\u011f\u0131m\u0131z d\u00fczenlemeler ile ERRA \u00fcyesi \u00fclkelere \u00f6rnek olmaya hem de k\u00fcresel enerji politikalar\u0131n\u0131n belirlenmesine katk\u0131 sunmaya devam edece\u011fiz\u201d<\/em> dedi.<\/p>\n<p>Tayland\u2019\u0131n ba\u015fkenti Bangkok\u2019da ger\u00e7ekle\u015ftirilen ERRA Genel Kurulu\u2019nda, y\u00f6netim kurulu \u00fcyeli\u011fi i\u00e7in T\u00fcrkiye\u2019nin yan\u0131 s\u0131ra Avusturya, Ermenistan, Kuzey Makedonya, Tayland ve Macaristan\u2019\u0131n d\u00fczenleyici kurumlar\u0131ndan \u00fcst d\u00fczey y\u00f6neticiler yar\u0131\u015ft\u0131. Gizli oyla yap\u0131lan se\u00e7imler sonucunda, EPDK Kurul \u00dcyesi Ahmet \u00c7a\u011fr\u0131 \u00c7i\u00e7ek\u2019in yan\u0131 s\u0131ra, Avusturya\u2019dan Dietmar Preinstorfer, Tayland\u2019dan\u00a0 Sudharma Yoonaidharma, Kuzey Makedonya\u2019dan Adrijana Nelkova-Chuchuk, ve Macaristan\u2019dan Pal Sagvari Y\u00f6netim Kurulu \u00dcyeli\u011fine se\u00e7ildi. ERRA Genel Kurulu ayr\u0131ca, y\u00f6netim kurulu \u00fcyelerinden Adrijana Nelkova-Chuchuk\u2019u ERRA Ba\u015fkanl\u0131\u011f\u0131na; Pal Sagvari\u2019yi ise ikinci kez ERRA Ba\u015fkan Yard\u0131mc\u0131l\u0131\u011f\u0131na se\u00e7ti.<\/p>\n<p>ERRA Genel Kurulunda ayr\u0131ca, birli\u011fin mali tablolar\u0131 ile iki y\u0131ll\u0131k i\u015f plan\u0131 ibra edilirken, 2025-2030 y\u0131llar\u0131n\u0131 kapsayan yeni Stratejik Plan\u0131 da kabul edildi.<\/p>","protected":false},"excerpt":{"rendered":"<p>Sorry, this entry is only available in Turkish. For the sake of viewer convenience, the content is shown below in the alternative language. You may click the link to switch the active language. EPDK Kurul \u00dcyesi Ahmet \u00c7a\u011fr\u0131 \u00c7i\u00e7ek, Enerji D\u00fczenleyicileri B\u00f6lgesel Birli\u011fi (ERRA) Y\u00f6netim Kurulu \u00dcyeli\u011fine \u00fc\u00e7\u00fcnc\u00fc kez se\u00e7ildi. \u00dcyelerinin d\u00fczenleyici \u00e7er\u00e7evelerinin g\u00fc\u00e7lendirilmesi ve [&hellip;]<\/p>\n","protected":false},"author":1,"featured_media":188693,"comment_status":"open","ping_status":"open","sticky":false,"template":"","format":"standard","meta":[],"categories":[51,53],"tags":[38117,70030,114022,73480],"views":32,"_links":{"self":[{"href":"https:\/\/www.enerjigazetesi.ist\/en\/wp-json\/wp\/v2\/posts\/188691"}],"collection":[{"href":"https:\/\/www.enerjigazetesi.ist\/en\/wp-json\/wp\/v2\/posts"}],"about":[{"href":"https:\/\/www.enerjigazetesi.ist\/en\/wp-json\/wp\/v2\/types\/post"}],"author":[{"embeddable":true,"href":"https:\/\/www.enerjigazetesi.ist\/en\/wp-json\/wp\/v2\/users\/1"}],"replies":[{"embeddable":true,"href":"https:\/\/www.enerjigazetesi.ist\/en\/wp-json\/wp\/v2\/comments?post=188691"}],"version-history":[{"count":0,"href":"https:\/\/www.enerjigazetesi.ist\/en\/wp-json\/wp\/v2\/posts\/188691\/revisions"}],"wp:featuredmedia":[{"embeddable":true,"href":"https:\/\/www.enerjigazetesi.ist\/en\/wp-json\/wp\/v2\/media\/188693"}],"wp:attachment":[{"href":"https:\/\/www.enerjigazetesi.ist\/en\/wp-json\/wp\/v2\/media?parent=188691"}],"wp:term":[{"taxonomy":"category","embeddable":true,"href":"https:\/\/www.enerjigazetesi.ist\/en\/wp-json\/wp\/v2\/categories?post=188691"},{"taxonomy":"post_tag","embeddable":true,"href":"https:\/\/www.enerjigazetesi.ist\/en\/wp-json\/wp\/v2\/tags?post=188691"}],"curies":[{"name":"wp","href":"https:\/\/api.w.org\/{rel}","templated":true}]}}